{"id":5061,"date":"2024-02-01T21:37:30","date_gmt":"2024-02-02T04:37:30","guid":{"rendered":"https:\/\/www.regioncuatronoticias.com\/?p=5061"},"modified":"2024-02-01T21:37:32","modified_gmt":"2024-02-02T04:37:32","slug":"inaugura-congreso-de-sonora-segundo-periodo-de-sesiones-ordinarias","status":"publish","type":"post","link":"https:\/\/www.regioncuatronoticias.com\/index.php\/2024\/02\/01\/inaugura-congreso-de-sonora-segundo-periodo-de-sesiones-ordinarias\/","title":{"rendered":"Inaugura Congreso de Sonora segundo periodo de sesiones ordinarias"},"content":{"rendered":"\n<p>Hermosillo, Sonora; 1 de febrero de 2024.- La 63 Legislatura de Sonora inaugur\u00f3 hoy su Segundo Periodo de Sesiones Ordinarias, correspondiente al Tercer A\u00f1o de ejercicio constitucional. Los siete grupos parlamentarios presentaron las agendas legislativas a desahogar los meses de febrero a abril.<\/p>\n\n\n\n<p>Se eligi\u00f3 a la mesa directiva que fungir\u00e1 durante este per\u00edodo ordinario y en el extraordinario (mayo-agosto), la cual fue integrada por las diputadas Beatriz Cota Ponce (NA), presidenta; Mar\u00eda Jes\u00fas Castro Urquijo (Morena), vicepresidenta; Karina Teresita Z\u00e1rate F\u00e9lix (Morena), primera secretaria; los diputados Iram Leobardo Sol\u00eds Garc\u00eda (PT), segundo secretario; y Jos\u00e9 Rafael Ram\u00edrez Morales (Morena), suplente.<\/p>\n\n\n\n<p>La diputada Claudia Zulema Bours Corral, quien fungi\u00f3 como presidenta de la mesa directiva saliente, present\u00f3 un informe de las actividades que llev\u00f3 a cabo el Poder Legislativo durante el primer periodo ordinario, en cumplimiento a lo establecido por la Ley Org\u00e1nica del Poder Legislativo.<\/p>\n\n\n\n<p><strong>POSICIONAMIENTOS<\/strong><\/p>\n\n\n\n<p>Por <strong>MORENA<\/strong>, la diputada Ernestina Castro Valenzuela manifest\u00f3 que su bancada tiene el compromiso de seguir representando la voz de las y los ciudadanos sonorenses, por lo que orientar\u00e1 sus esfuerzos en garantizar bienestar social, progresividad de derechos y reducci\u00f3n de brechas de desigualdad en la entidad.<\/p>\n\n\n\n<p>A nombre del grupo parlamentario de <strong>MOVIMIENTO CIUDADANO<\/strong> <strong>(MC)<\/strong>, el diputado Jorge Eugenio Russo Salido afirm\u00f3 que, en esta \u00faltima etapa, se buscar\u00e1 cerrar con el mismo ah\u00ednco con el que se inici\u00f3 la legislatura, a trav\u00e9s de una agenda plural que privilegie la participaci\u00f3n ciudadana para construir, desde lo local, el estado que se merece el pueblo sonorense.<\/p>\n\n\n\n<p>Por el grupo parlamentario del <strong>PARTIDO ACCI\u00d3N NACIONAL<\/strong> <strong>(PAN)<\/strong>, la diputada Alejandra L\u00f3pez Noriega record\u00f3 la disposici\u00f3n de su bancada en buscar soluciones al gran problema de la inseguridad p\u00fablica y asegur\u00f3 que seguir\u00e1 respaldando a las autoridades de los tres niveles de gobierno en la construcci\u00f3n de una econom\u00eda m\u00e1s s\u00f3lida y vigorosa.<\/p>\n\n\n\n<p>En este \u00faltimo a\u00f1o de la 63 Legislatura, el grupo parlamentario del <strong>PARTIDO DEL TRABAJO (PT)<\/strong> promover\u00e1 iniciativas con el fin de prevenir y erradicar el maltrato infantil, para preservar el derecho a la salud, el esparcimiento y a una vida libre vida de violencia de la ni\u00f1ez del estado, sostuvo la diputada Diana Karina Barreras Samaniego.<\/p>\n\n\n\n<p>Por su parte, la diputada Lirio Anah\u00ed Del Castillo Salazar present\u00f3 el posicionamiento del grupo parlamentario del <strong>PARTIDO VERDE ECOLOGISTA DE M\u00c9XICO (PVEM),<\/strong> en el que destac\u00f3 que, para que contin\u00fae la transformaci\u00f3n en Sonora, es vital seguir con acciones para proteger a la poblaci\u00f3n y sus recursos naturales.<\/p>\n\n\n\n<p><strong>NUEVA ALIANZA SONORA<\/strong>, asever\u00f3 la diputada Beatriz Cota Ponce, seguir\u00e1 empujando la visi\u00f3n transformadora de colocar a la educaci\u00f3n como la piedra angular que guiar\u00e1 el desarrollo de la entidad, de la mano con la fuerza del magisterio.<\/p>\n\n\n\n<p>Por \u00faltimo, el diputado Ernesto Roger Munro expuso que el grupo parlamentario del <strong>PARTIDO ENCUENTRO SOLIDARIO (PES)<\/strong> mantiene su convicci\u00f3n de consolidar el progreso y bienestar de Sonora por medio de pol\u00edticas progresistas, trabajo interinstitucional y atenci\u00f3n a los m\u00e1s necesitados.<\/p>\n\n\n\n<p>Una vez presentadas las agendas legislativas se enton\u00f3 el Himno Nacional, para despu\u00e9s clausurar la sesi\u00f3n y citar para la pr\u00f3xima, el martes 6 de febrero, a las 11:00 horas.<\/p>\n","protected":false},"excerpt":{"rendered":"<p>Hermosillo, Sonora; 1 de febrero de 2024.- La 63 Legislatura de Sonora inaugur\u00f3 hoy su Segundo Periodo de Sesiones Ordinarias, correspondiente al Tercer A\u00f1o de ejercicio constitucional. Los siete grupos parlamentarios presentaron las agendas legislativas a desahogar los meses de febrero a abril. Se eligi\u00f3 a la mesa directiva que fungir\u00e1 durante este per\u00edodo ordinario [&hellip;]<\/p>\n","protected":false},"author":1,"featured_media":5062,"comment_status":"open","ping_status":"open","sticky":false,"template":"","format":"standard","meta":{"content-type":"","footnotes":""},"categories":[119,105,9],"tags":[],"class_list":{"0":"post-5061","1":"post","2":"type-post","3":"status-publish","4":"format-standard","5":"has-post-thumbnail","7":"category-congreso","8":"category-principal","9":"category-sonora"},"_links":{"self":[{"href":"https:\/\/www.regioncuatronoticias.com\/index.php\/wp-json\/wp\/v2\/posts\/5061","targetHints":{"allow":["GET"]}}],"collection":[{"href":"https:\/\/www.regioncuatronoticias.com\/index.php\/wp-json\/wp\/v2\/posts"}],"about":[{"href":"https:\/\/www.regioncuatronoticias.com\/index.php\/wp-json\/wp\/v2\/types\/post"}],"author":[{"embeddable":true,"href":"https:\/\/www.regioncuatronoticias.com\/index.php\/wp-json\/wp\/v2\/users\/1"}],"replies":[{"embeddable":true,"href":"https:\/\/www.regioncuatronoticias.com\/index.php\/wp-json\/wp\/v2\/comments?post=5061"}],"version-history":[{"count":1,"href":"https:\/\/www.regioncuatronoticias.com\/index.php\/wp-json\/wp\/v2\/posts\/5061\/revisions"}],"predecessor-version":[{"id":5063,"href":"https:\/\/www.regioncuatronoticias.com\/index.php\/wp-json\/wp\/v2\/posts\/5061\/revisions\/5063"}],"wp:featuredmedia":[{"embeddable":true,"href":"https:\/\/www.regioncuatronoticias.com\/index.php\/wp-json\/wp\/v2\/media\/5062"}],"wp:attachment":[{"href":"https:\/\/www.regioncuatronoticias.com\/index.php\/wp-json\/wp\/v2\/media?parent=5061"}],"wp:term":[{"taxonomy":"category","embeddable":true,"href":"https:\/\/www.regioncuatronoticias.com\/index.php\/wp-json\/wp\/v2\/categories?post=5061"},{"taxonomy":"post_tag","embeddable":true,"href":"https:\/\/www.regioncuatronoticias.com\/index.php\/wp-json\/wp\/v2\/tags?post=5061"}],"curies":[{"name":"wp","href":"https:\/\/api.w.org\/{rel}","templated":true}]}}