{"id":5058,"date":"2024-02-01T21:21:11","date_gmt":"2024-02-02T04:21:11","guid":{"rendered":"https:\/\/www.regioncuatronoticias.com\/?p=5058"},"modified":"2024-02-01T21:21:12","modified_gmt":"2024-02-02T04:21:12","slug":"eligen-a-sylvana-beltrones-como-vicepresidenta-de-la-mesa-directiva-del-senado","status":"publish","type":"post","link":"https:\/\/www.regioncuatronoticias.com\/index.php\/2024\/02\/01\/eligen-a-sylvana-beltrones-como-vicepresidenta-de-la-mesa-directiva-del-senado\/","title":{"rendered":"Eligen a Sylvana Beltrones como Vicepresidenta de la Mesa Directiva del Senado"},"content":{"rendered":"\n<p>&#8211; Es la primera senadora Sonorense en ocupar tal cargo<\/p>\n\n\n\n<p>Ciudad de M\u00e9xico 1 de febrero del 2024.- Al abrir formalmente el segundo per\u00edodo de sesiones ordinarias del tercer a\u00f1o de ejercicio de la LXV Legislatura, la C\u00e1mara de Senadores aprob\u00f3 en el pleno designar a Sylvana Beltrones S\u00e1nchez como Vicepresidenta de la mesa directiva, convirti\u00e9ndose en la primera legisladora Sonorense en asumir ese cargo.<\/p>\n\n\n\n<p>Luego de consultar a la asamblea en votaci\u00f3n econ\u00f3mica, por parte de la Senadora Presidenta de la Mesa Directiva, Ana Lilia Rivera Rivera, fue aprobado el acuerdo propuesto por la Junta de Coordinaci\u00f3n Pol\u00edtica con el objetivo de que la pluralidad de este \u00f3rgano colegiado se vea reforzada durante el periodo que inicia.<\/p>\n\n\n\n<p>\u201cEs un honor para m\u00ed asumir la vicepresidencia de la Mesa Directiva del Senado de la Rep\u00fablica, seguiremos legislando por Sonora y M\u00e9xico; agradezco la confianza de mi grupo parlamentario y de mis compa\u00f1eros para este encargo\u201d, manifest\u00f3 Sylvana Beltrones al rendir la protesta de ley en el pleno.<\/p>\n\n\n\n<p>Cabe destacar que, Sylvana Beltrones es la primera Senadora representante de Sonora en asumir una Vicepresidencia en la c\u00e1mara alta desde que, en el a\u00f1o 1979, se estableci\u00f3 integrar la figura de vicepresidentes, cuyos titulares eran elegidos mediante votaci\u00f3n por c\u00e9dula.<\/p>\n\n\n\n<p>Entre otras funciones, la senadora Beltrones S\u00e1nchez tambi\u00e9n participar\u00e1 en las gestiones de la mesa directiva asegurando el v\u00ednculo de esta con sus grupos parlamentarios y coadyuvando con las tareas de la propia Presidencia de la Mesa Directiva.<\/p>\n\n\n\n<p>Con este nombramiento, el grupo parlamentario del PRI refuerza su trabajo y mantiene su relevancia, luego de recuperar su lugar como tercera fuerza pol\u00edtica en el Senado al sumar en d\u00edas pasados nuevos integrantes a su bancada, &nbsp;quedando conformado por 14 legisladores.<\/p>\n","protected":false},"excerpt":{"rendered":"<p>&#8211; Es la primera senadora Sonorense en ocupar tal cargo Ciudad de M\u00e9xico 1 de febrero del 2024.- Al abrir formalmente el segundo per\u00edodo de sesiones ordinarias del tercer a\u00f1o de ejercicio de la LXV Legislatura, la C\u00e1mara de Senadores aprob\u00f3 en el pleno designar a Sylvana Beltrones S\u00e1nchez como Vicepresidenta de la mesa directiva, [&hellip;]<\/p>\n","protected":false},"author":1,"featured_media":5059,"comment_status":"open","ping_status":"open","sticky":false,"template":"","format":"standard","meta":{"content-type":"","footnotes":""},"categories":[3,115,105],"tags":[],"class_list":{"0":"post-5058","1":"post","2":"type-post","3":"status-publish","4":"format-standard","5":"has-post-thumbnail","7":"category-mexico","8":"category-politica","9":"category-principal"},"_links":{"self":[{"href":"https:\/\/www.regioncuatronoticias.com\/index.php\/wp-json\/wp\/v2\/posts\/5058","targetHints":{"allow":["GET"]}}],"collection":[{"href":"https:\/\/www.regioncuatronoticias.com\/index.php\/wp-json\/wp\/v2\/posts"}],"about":[{"href":"https:\/\/www.regioncuatronoticias.com\/index.php\/wp-json\/wp\/v2\/types\/post"}],"author":[{"embeddable":true,"href":"https:\/\/www.regioncuatronoticias.com\/index.php\/wp-json\/wp\/v2\/users\/1"}],"replies":[{"embeddable":true,"href":"https:\/\/www.regioncuatronoticias.com\/index.php\/wp-json\/wp\/v2\/comments?post=5058"}],"version-history":[{"count":1,"href":"https:\/\/www.regioncuatronoticias.com\/index.php\/wp-json\/wp\/v2\/posts\/5058\/revisions"}],"predecessor-version":[{"id":5060,"href":"https:\/\/www.regioncuatronoticias.com\/index.php\/wp-json\/wp\/v2\/posts\/5058\/revisions\/5060"}],"wp:featuredmedia":[{"embeddable":true,"href":"https:\/\/www.regioncuatronoticias.com\/index.php\/wp-json\/wp\/v2\/media\/5059"}],"wp:attachment":[{"href":"https:\/\/www.regioncuatronoticias.com\/index.php\/wp-json\/wp\/v2\/media?parent=5058"}],"wp:term":[{"taxonomy":"category","embeddable":true,"href":"https:\/\/www.regioncuatronoticias.com\/index.php\/wp-json\/wp\/v2\/categories?post=5058"},{"taxonomy":"post_tag","embeddable":true,"href":"https:\/\/www.regioncuatronoticias.com\/index.php\/wp-json\/wp\/v2\/tags?post=5058"}],"curies":[{"name":"wp","href":"https:\/\/api.w.org\/{rel}","templated":true}]}}