{"id":4993,"date":"2024-01-31T00:44:30","date_gmt":"2024-01-31T07:44:30","guid":{"rendered":"https:\/\/www.regioncuatronoticias.com\/?p=4993"},"modified":"2024-01-31T00:44:32","modified_gmt":"2024-01-31T07:44:32","slug":"marko-alito-y-zambrano-un-lastre-para-xochitl-solo-buscan-puestos-y-siempre-pierden-elecciones-calderon","status":"publish","type":"post","link":"https:\/\/www.regioncuatronoticias.com\/index.php\/2024\/01\/31\/marko-alito-y-zambrano-un-lastre-para-xochitl-solo-buscan-puestos-y-siempre-pierden-elecciones-calderon\/","title":{"rendered":"Marko, &#8216;Alito&#8217; y Zambrano, un lastre para X\u00f3chitl; s\u00f3lo buscan puestos y siempre pierden elecciones: Calder\u00f3n"},"content":{"rendered":"\n<p>El expresidente critic\u00f3 la \u201cvulgar\u201d ambici\u00f3n de los tres dirigentes por haberse &nbsp;postulado como candidatos plurinominales al Senado<\/p>\n\n\n\n<p>El Universal<\/p>\n\n\n\n<p>Enero 29 de 2024<\/p>\n\n\n\n<p>El expresidente, Felipe Calder\u00f3n critic\u00f3 la \u201cvulgar\u201d ambici\u00f3n del l\u00edder nacional del PAN, Marko Cort\u00e9s y de sus hom\u00f3logos en el PRI, Alejandro Moreno, y del PRD, Jes\u00fas Zambrano, por haberse postulado como candidatos plurinominales al Senado de la Rep\u00fablica en las listas de cada partido.<\/p>\n\n\n\n<p>En un mensaje en su cuenta de X, Calder\u00f3n Hinojosa dijo que son un lastre para su candidata presidencial, X\u00f3chitl G\u00e1lvez, pues solo les importan sus puestos y los de sus amigos y no el pa\u00eds.<\/p>\n\n\n\n<p>Agreg\u00f3 que los tres dirigentes s\u00f3lo pierden elecciones, y dejaron a un lado a los ciudadanos en sus postulaciones y ahora s\u00f3lo buscan que X\u00f3chitl G\u00e1lvez los lleve en ancas.<\/p>\n\n\n\n<p>\u201cLa vulgar ambici\u00f3n de Marco Cort\u00e9s y aliados es un lastre para @XochitlGalvez. S\u00f3lo les importan sus puestos y los de sus amigos, no el pa\u00eds. Pierden elecciones, han dejado a los ciudadanos a un lado. Ahora s\u00f3lo buscan que X los lleven en ancas\u201d, poste\u00f3 el expresidente panista.<\/p>\n\n\n\n<figure class=\"wp-block-embed\"><div class=\"wp-block-embed__wrapper\">\nhttps:\/\/www.eluniversal.com.mx\/elecciones\/marko-alito-y-zambrano-un-lastre-para-xochitl-solo-buscan-puestos-y-siempre-pierden-elecciones-calderon\/\n<\/div><\/figure>\n","protected":false},"excerpt":{"rendered":"<p>El expresidente critic\u00f3 la \u201cvulgar\u201d ambici\u00f3n de los tres dirigentes por haberse &nbsp;postulado como candidatos plurinominales al Senado El Universal Enero 29 de 2024 El expresidente, Felipe Calder\u00f3n critic\u00f3 la \u201cvulgar\u201d ambici\u00f3n del l\u00edder nacional del PAN, Marko Cort\u00e9s y de sus hom\u00f3logos en el PRI, Alejandro Moreno, y del PRD, Jes\u00fas Zambrano, por haberse [&hellip;]<\/p>\n","protected":false},"author":1,"featured_media":4994,"comment_status":"open","ping_status":"open","sticky":false,"template":"","format":"standard","meta":{"content-type":"","footnotes":""},"categories":[3,115,105],"tags":[],"class_list":{"0":"post-4993","1":"post","2":"type-post","3":"status-publish","4":"format-standard","5":"has-post-thumbnail","7":"category-mexico","8":"category-politica","9":"category-principal"},"_links":{"self":[{"href":"https:\/\/www.regioncuatronoticias.com\/index.php\/wp-json\/wp\/v2\/posts\/4993","targetHints":{"allow":["GET"]}}],"collection":[{"href":"https:\/\/www.regioncuatronoticias.com\/index.php\/wp-json\/wp\/v2\/posts"}],"about":[{"href":"https:\/\/www.regioncuatronoticias.com\/index.php\/wp-json\/wp\/v2\/types\/post"}],"author":[{"embeddable":true,"href":"https:\/\/www.regioncuatronoticias.com\/index.php\/wp-json\/wp\/v2\/users\/1"}],"replies":[{"embeddable":true,"href":"https:\/\/www.regioncuatronoticias.com\/index.php\/wp-json\/wp\/v2\/comments?post=4993"}],"version-history":[{"count":1,"href":"https:\/\/www.regioncuatronoticias.com\/index.php\/wp-json\/wp\/v2\/posts\/4993\/revisions"}],"predecessor-version":[{"id":4995,"href":"https:\/\/www.regioncuatronoticias.com\/index.php\/wp-json\/wp\/v2\/posts\/4993\/revisions\/4995"}],"wp:featuredmedia":[{"embeddable":true,"href":"https:\/\/www.regioncuatronoticias.com\/index.php\/wp-json\/wp\/v2\/media\/4994"}],"wp:attachment":[{"href":"https:\/\/www.regioncuatronoticias.com\/index.php\/wp-json\/wp\/v2\/media?parent=4993"}],"wp:term":[{"taxonomy":"category","embeddable":true,"href":"https:\/\/www.regioncuatronoticias.com\/index.php\/wp-json\/wp\/v2\/categories?post=4993"},{"taxonomy":"post_tag","embeddable":true,"href":"https:\/\/www.regioncuatronoticias.com\/index.php\/wp-json\/wp\/v2\/tags?post=4993"}],"curies":[{"name":"wp","href":"https:\/\/api.w.org\/{rel}","templated":true}]}}