{"id":4984,"date":"2024-01-29T22:44:22","date_gmt":"2024-01-30T05:44:22","guid":{"rendered":"https:\/\/www.regioncuatronoticias.com\/?p=4984"},"modified":"2024-01-29T22:44:23","modified_gmt":"2024-01-30T05:44:23","slug":"encuadre-de-miedo","status":"publish","type":"post","link":"https:\/\/www.regioncuatronoticias.com\/index.php\/2024\/01\/29\/encuadre-de-miedo\/","title":{"rendered":"Encuadre de miedo"},"content":{"rendered":"\n<p><strong>Columna Encuadre<\/strong><\/p>\n\n\n\n<p><strong>Jos\u00e9 Felipe Medina<\/strong><\/p>\n\n\n\n<p><strong>\u00a0Lunes 29 de enero de 2024<\/strong><\/p>\n\n\n\n<p><strong>ENCUADRE DE MIEDO<\/strong><\/p>\n\n\n\n<p>Como ave de mal ag\u00fcero, desde el pasado s\u00e1bado 20 de enero, cuando fueron \u201cneutralizados\u201d doce sujetos a manos de la polic\u00eda en Hermosillo, ya hab\u00edamos adelantado que la violencia en esta ciudad capital reci\u00e9n iniciaba.<\/p>\n\n\n\n<p>Una plaza (en t\u00e9rminos de delincuencia organizada) que aparentemente se encontraba tranquila, libre de hechos de alto impacto, repentinamente se \u201ccalent\u00f3\u201d con la detenci\u00f3n de Carlos Humberto \u201cN\u201d, hijo del \u201cChubeto\u201d, l\u00edder del grupo criminal \u201cLos Cazadores\u201d, ya detenido en junio del 2021.<\/p>\n\n\n\n<p>Lo sucedido en las primeras horas de este domingo, al ser asesinados tres sujetos y dos mas heridos en un centro nocturno llamado&nbsp; \u201cJakarta\u201d, en Hermosillo, nos vino lastimosamente a dar la raz\u00f3n. Hermosillo ya entr\u00f3 en esa vor\u00e1gine violenta que frecuentemente aparece por Cajeme, Caborca, Guaymas, Magdalena de Kino, Altar, El S\u00e1sabe, entre otras ciudades que registran constantes balaceras y muertes.<\/p>\n\n\n\n<p>De acuerdo a la informaci\u00f3n surgida desde la Fiscal\u00eda General de Justicia en Sonora, entre los fallecidos de este domingo, fueron identificados Luis Antonio \u201cN\u201d y Felizardo Armando \u201cN\u201d, presuntos integrantes de una organizaci\u00f3n criminal de Nogales, Sonora, para la cual fung\u00edan como responsables de operaciones en Carb\u00f3, Estaci\u00f3n Pesqueira, Ures y Ray\u00f3n.<\/p>\n\n\n\n<p>Uno de los lesionados, Kevin Alejandro \u201cN\u201d, result\u00f3 ser hijo de un miembro de una organizaci\u00f3n que opera tambi\u00e9n desde Nogales, ya se\u00f1alado por la Oficina de Control de Activos Extranjeros (OFAC) del departamento del Tesoro de los Estados Unidos, por lo que este caso pasar\u00e1 a manos de la Fiscal\u00eda General de la Rep\u00fablica para los efectos legales correspondientes.<\/p>\n\n\n\n<p>Dos hechos sumamente violentos registrados en la Capital del Estado, con una semana de diferencia, hacen indicar que la pelea por la plaza entre grupos delincuenciales est\u00e1 a todo lo que da\u2026 para intranquilidad de los hermosillenses y preocupaci\u00f3n de las autoridades.<\/p>\n\n\n\n<p><strong>&nbsp;ENCUADRE DE R\u00c9PLICA<\/strong><\/p>\n\n\n\n<p>Y a prop\u00f3sito de hechos violentos, este pasado s\u00e1bado, El Universal, autollamado El Peri\u00f3dico de M\u00e9xico, public\u00f3 en su secci\u00f3n \u201cEstados\u201d una larga nota que intent\u00f3 ser reportaje medio art\u00edculo tir\u00e1ndole a editorial y que al final result\u00f3 un engendro period\u00edstico sin rigor estricto.<\/p>\n\n\n\n<p>En la publicaci\u00f3n, cuya cabeza es por dem\u00e1s sugerente, \u201cSonora, bajo narcoguerra en el desierto y omisi\u00f3n de Durazo\u201d, y firmada por \u201cLa Redacci\u00f3n\u201d (es decir, por todos y por nadie a la vez) se asienta la recopilaci\u00f3n de una serie de hechos violentos que se han registrado en Sonora, cuestionando la inacci\u00f3n del Gobernador, sus constantes salidas al extranjero y su activismo pol\u00edtico partidista como presidente del Consejo Nacional de Morena, desatendiendo los asuntos del Estado.<\/p>\n\n\n\n<p>Una relaci\u00f3n de temas que han sido puestos sobre la mesa (sobre todo en redes sociales) para el fest\u00edn de muchos y el enojo de otros muchos m\u00e1s.<\/p>\n\n\n\n<p>As\u00ed pues, del contenido de esa larga nota no escribir\u00e9.<\/p>\n\n\n\n<p>Pero s\u00ed referir\u00e9 la sensaci\u00f3n de extra\u00f1eza que me caus\u00f3 leer dicha publicaci\u00f3n en El Universal por la falta de rigor period\u00edstico con que se hizo, sumamente raro por el prestigio del peri\u00f3dico. De entrada, altamente sospechoso que un trabajo de esa naturaleza no fuese firmado por \u201calguien\u201d (a menos que sea un Bolet\u00edn de Prensa), dejando la impresi\u00f3n de que nadie se har\u00e1 responsable del mismo.<\/p>\n\n\n\n<p>Sin duda, el tema ameritaba una labor concienzuda de investigaci\u00f3n de su cuerpo editorial, pero decidieron tomar el camino f\u00e1cil de la \u201crecopilaci\u00f3n\u201d de hechos, la editorializaci\u00f3n y adjetivaci\u00f3n de gran parte del contenido del texto, pecados mortales estos \u00faltimos de un periodista al momento de escribir una nota (el texto no alcanzaba a ser un reportaje).<\/p>\n\n\n\n<p>Otro pecado fue que no hubo equilibrio. No le dieron la oportunidad de defensa al \u201cacusado\u201d. No le dieron la palabra, la voz. Se fueron con solo las versiones acusadoras.<\/p>\n\n\n\n<p>Con todo ello, me qued\u00e9 con la sensaci\u00f3n de que El Universal jug\u00f3 el cl\u00e1sico perverso juego de \u201cte pego para que me pagues\u201d o de plano, fue un encargo (tambi\u00e9n pagado) de alguien que estuvo dispuesto a desembolsar muchos pero muchos miles de pesos por esa \u201cgacetilla\u201d, con la clara intenci\u00f3n de abollar la l\u00ednea de flotaci\u00f3n del barco durazista. Descartado un error involuntario del cuerpo editorial del peri\u00f3dico.<\/p>\n\n\n\n<p>Apenas e hizo bien Paulina Oca\u00f1a, coordinadora del Sistema Estatal de Comunicaci\u00f3n Social del Gobierno del Estado, de enviar una carta al peri\u00f3dico con visos de r\u00e9plica, que a mi parecer, no tuvo ni la argumentaci\u00f3n ni la contundencia requerida.<\/p>\n\n\n\n<p>&nbsp;<strong>ENCUADRE A MANERA DE TIPS<\/strong><\/p>\n\n\n\n<p>Este lunes podr\u00eda ser el d\u00eda en que, finalmente, el emecista Rogelio Cota nos despeje la duda de si alcanz\u00f3 su aspiraci\u00f3n de ser el candidato a la alcald\u00eda por Hermosillo o de plano se trajo bajo el brazo desde la Ciudad de M\u00e9xico, la promesa de contender por el Distrito Electoral Federal III Hermosillo.<\/p>\n\n\n\n<p>Por cierto, y a prop\u00f3sito de MC, desde el equipo de su candidato a la presidencia de la Rep\u00fablica nos hacen llegar la especie de que el hermosillense Carlos Le\u00f3n ser\u00e1 quien ocupe la curul de diputado federal, un vez que Jorge \u00c1lvarez M\u00e1ynez solicite licencia a la C\u00e1mara de Diputados para dedicarse de cuerpo entero a su campa\u00f1a.<\/p>\n\n\n\n<p>Este lunes 29 de enero estar\u00e1 Lorenia Valles en la mesa de periodistas \u201cKiosco Mayor\u201d (Francisco Rodr\u00edguez, Feliciano J. Espriella, Fernando Oropeza, Arturo Ballesteros, Ernesto Guti\u00e9rrez, Francisco Javier Ruiz Quirr\u00edn y quien esto escribe), con quien charlaremos sobre su aspiraci\u00f3n de alcanzar un esca\u00f1o en el Senado de la Rep\u00fablica por Morena y sus partidos aliados.<\/p>\n\n\n\n<p>El pr\u00f3ximo jueves 1 de febrero, la misma Lorenia Valles estar\u00e1 en otra mesa de periodistas \u201cCharla Abierta\u201d (Gilberto Armenta, Jos\u00e9 Mar\u00eda Monta\u00f1o, Solangel Ochoa, Claudia Aguirre, Rosalba Wong, Armando Fava, Antonio L\u00f3pez, Edgardo Carrillo y ac\u00e1 su Indio Yaqui), con el mismo prop\u00f3sito.<\/p>\n\n\n\n<p>Ya les cuento.<\/p>\n\n\n\n<p>&nbsp;IN PROXIMUM<\/p>\n\n\n\n<p><strong>Me puedes seguir en FB: Jos\u00e9 Felipe Medina<\/strong><\/p>\n\n\n\n<p><strong>En X (antes twitter): @josefe31<\/strong><\/p>\n\n\n\n<p><strong>FMINFORMATIVO.COM<\/strong><\/p>\n","protected":false},"excerpt":{"rendered":"<p>Columna Encuadre Jos\u00e9 Felipe Medina \u00a0Lunes 29 de enero de 2024 ENCUADRE DE MIEDO Como ave de mal ag\u00fcero, desde el pasado s\u00e1bado 20 de enero, cuando fueron \u201cneutralizados\u201d doce sujetos a manos de la polic\u00eda en Hermosillo, ya hab\u00edamos adelantado que la violencia en esta ciudad capital reci\u00e9n iniciaba. Una plaza (en t\u00e9rminos de [&hellip;]<\/p>\n","protected":false},"author":1,"featured_media":4985,"comment_status":"open","ping_status":"open","sticky":false,"template":"","format":"standard","meta":{"content-type":"","footnotes":""},"categories":[122],"tags":[],"class_list":{"0":"post-4984","1":"post","2":"type-post","3":"status-publish","4":"format-standard","5":"has-post-thumbnail","7":"category-jose-felipe-medina"},"_links":{"self":[{"href":"https:\/\/www.regioncuatronoticias.com\/index.php\/wp-json\/wp\/v2\/posts\/4984","targetHints":{"allow":["GET"]}}],"collection":[{"href":"https:\/\/www.regioncuatronoticias.com\/index.php\/wp-json\/wp\/v2\/posts"}],"about":[{"href":"https:\/\/www.regioncuatronoticias.com\/index.php\/wp-json\/wp\/v2\/types\/post"}],"author":[{"embeddable":true,"href":"https:\/\/www.regioncuatronoticias.com\/index.php\/wp-json\/wp\/v2\/users\/1"}],"replies":[{"embeddable":true,"href":"https:\/\/www.regioncuatronoticias.com\/index.php\/wp-json\/wp\/v2\/comments?post=4984"}],"version-history":[{"count":1,"href":"https:\/\/www.regioncuatronoticias.com\/index.php\/wp-json\/wp\/v2\/posts\/4984\/revisions"}],"predecessor-version":[{"id":4986,"href":"https:\/\/www.regioncuatronoticias.com\/index.php\/wp-json\/wp\/v2\/posts\/4984\/revisions\/4986"}],"wp:featuredmedia":[{"embeddable":true,"href":"https:\/\/www.regioncuatronoticias.com\/index.php\/wp-json\/wp\/v2\/media\/4985"}],"wp:attachment":[{"href":"https:\/\/www.regioncuatronoticias.com\/index.php\/wp-json\/wp\/v2\/media?parent=4984"}],"wp:term":[{"taxonomy":"category","embeddable":true,"href":"https:\/\/www.regioncuatronoticias.com\/index.php\/wp-json\/wp\/v2\/categories?post=4984"},{"taxonomy":"post_tag","embeddable":true,"href":"https:\/\/www.regioncuatronoticias.com\/index.php\/wp-json\/wp\/v2\/tags?post=4984"}],"curies":[{"name":"wp","href":"https:\/\/api.w.org\/{rel}","templated":true}]}}