{"id":4981,"date":"2024-01-29T22:37:52","date_gmt":"2024-01-30T05:37:52","guid":{"rendered":"https:\/\/www.regioncuatronoticias.com\/?p=4981"},"modified":"2024-01-29T22:37:53","modified_gmt":"2024-01-30T05:37:53","slug":"encuadre-sabatino","status":"publish","type":"post","link":"https:\/\/www.regioncuatronoticias.com\/index.php\/2024\/01\/29\/encuadre-sabatino\/","title":{"rendered":"Encuadre Sabatino"},"content":{"rendered":"\n<p><strong>Columna Encuadre<\/strong><\/p>\n\n\n\n<p><strong>Jos\u00e9 Felipe Medina<\/strong><\/p>\n\n\n\n<p><strong>&nbsp;S\u00e1bado 27 de enero de 2024<\/strong><\/p>\n\n\n\n<p><strong>ENCUADRE SABATINO<\/strong><\/p>\n\n\n\n<p>Para no atiborrarlos de informaci\u00f3n y dejarlos descansar un poco de los sesudos an\u00e1lisis cotidianos realizados en la semana en este ejercicio period\u00edstico, este encuadre sabatino buscar\u00e1 darles peque\u00f1os impactos noticiosos, grillescos y dem\u00e1s. Corre y se va.<\/p>\n\n\n\n<p><strong>1).<\/strong> Me informan que este domingo vuela rumbo a la Ciudad de M\u00e9xico el aspirante a un puesto de elecci\u00f3n popular por Movimiento Ciudadano, Rogelio Cota. Con una mochilita cargada de ilusiones y deseos, el conocido promotor deportivo y hombre de negocios, seguramente a su regreso ya traer\u00e1 \u201camarrada\u201d su aspiraci\u00f3n de candidato a la alcald\u00eda de Hermosillo, o bien, un distrito electoral federal, quiz\u00e1 el III Hermosillo. Mucha suerte para el buen Rogelio. \u00a1Qu\u00e9 nervios!<\/p>\n\n\n\n<p><strong>2).<\/strong> La pr\u00f3xima presidencia del Congreso del Estado pudiera quedar en manos de uno de los diputados del Partido Nueva Alianza.&nbsp; Y es que ni Beatriz Cota Ponce ni Ferm\u00edn Trujillo Fuentes han tenido en sus manos la conducci\u00f3n del Poder Legislativo en las sesiones del pleno, por lo que ya les \u201ctoca\u201d. Dos buenos cuadros. Veremos.<\/p>\n\n\n\n<p><strong>3).<\/strong> Desgarradoras, por decir lo menos, las im\u00e1genes de una mam\u00e1 suplicando por la vida de su hijo. Seg\u00fan el video, por cierto, ya viejo, pero con despiadada actualidad, se trata de una diputada de Michoac\u00e1n. Qu\u00e9 dolor! Les dejo aqu\u00ed el video. https:\/\/www.facebook.com\/share\/r\/MSRSeurtH8C5V71P\/?mibextid=J7ZoRX<\/p>\n\n\n\n<p><strong>4).<\/strong> Pasando a cosas mucho m\u00e1s amables, d\u00e9jeme comentarle que result\u00f3 todo un \u00e9xito la velada filantr\u00f3pica-musical de \u201cLa Noche de Concierto: Queso, pan y vino\u201d que organiz\u00f3 el pasado jueves el Instituto \u201cFrancisco Javier Saeta\u201d, por su 50 aniversario de fundaci\u00f3n. Lupita Ortega de Gonz\u00e1lez, organizadora del evento, y el ingeniero Ram\u00f3n Madrid L\u00f3pez, presidente del patronato, se anotaron un diez. Por si no lo sabe, este instituto tiene como misi\u00f3n capacitar a personas en situaci\u00f3n de vulnerabilidad econ\u00f3mica, brind\u00e1ndoles herramientas para que logren emprender un negocito. Emotivo el homenaje sorpresa al Lic. Arturo Ortega Molina, quien durante alrededor de 20 a\u00f1os estuvo al frente del patronato, pilar de este instituto que fund\u00f3 el Padre Pedro Moreno \u00c1lvarez. Agradecemos a Franco Becerra la invitaci\u00f3n. Enhorabuena!!<\/p>\n\n\n\n<p><strong>5).<\/strong> Barruntos de tormenta (pol\u00edtica) se dejan sentir por Cajeme, ante la posibilidad de que Anabel Acosta Islas, exsenadora pri\u00edsta y recientemente furibunda morenista (de marzo del 2022 a la fecha), sea se\u00f1alada por el \u201cgran dedo elector\u201d a candidata a una diputaci\u00f3n local. Las huestes de Morena dando la pelea ante esa eventualidad.<\/p>\n\n\n\n<p><strong>6).<\/strong> Y hablando de partidos, sigilosamente el reci\u00e9n creado Partido Sonorense, donde las manda cantar Al\u00ed Camacho, viene registrando a sus aspirantes a alcaldes y diputados. Al momento, me dicen, ya van cuatro \u201csuspirantes\u201d para alcald\u00edas (Navojoa, \u00c1lamos, Guaymas y Empalme, y para una diputaci\u00f3n (Etchojoa). La meta es registrar planilla de candidatos en los 72 municipios y en los 21 distritos electorales. Pian pianito.<\/p>\n\n\n\n<p><strong>7).<\/strong> \u201cMe siento chantajeado\u201d. Frase lapidaria con la que el gobernador Alfonso Durazo se refiri\u00f3 a la diaria exigencia ruidosa (con caceloras, botes, bocinas y cornetas de por medio, frente a Palacio de Gobierno) de exconcesionarios del Transporte Urbano en Hermosillo para que les incrementen en un 15 por ciento el \u201cpago\u201d mensual que reciben, por la p\u00e9rdida de trabajo (sic), En serio, ya ni la chifla este gente. Sin hacer absolutamente nada, m\u00e1s que estirar la mano cada mes, reciben una lanita dizque porque fue ilegal la cancelaci\u00f3n de las concesiones de sus camiones por parte del gobierno de Claudia Pavlovich. Se les cancel\u00f3 porque nunca cumplieron con dar un buen servicio a la gente. Punto. Este gobierno acord\u00f3 darles un \u201capoyo social\u201d, en tanto las autoridades correspondientes dieran un veredicto legal sobre el retiro de dichas concesiones. Ya les dieron \u201cpalo\u201d en una instancia, pero siguen amparados. Por ahora, el Gobierno eroga alrededor de 37 millones de pesos&nbsp; en la manutenci\u00f3n, sin trabajar, de esta gente. Yo tambi\u00e9n quisiera ser exconcesionario. \u00bfC\u00f3mo la ven?<\/p>\n\n\n\n<p>&nbsp;IN PROXIMUM<\/p>\n\n\n\n<p><strong>Me puedes seguir en FB: Jos\u00e9 Felipe Medina<\/strong><\/p>\n\n\n\n<p><strong>En X (antes twitter): @josefe31<\/strong><\/p>\n","protected":false},"excerpt":{"rendered":"<p>Columna Encuadre Jos\u00e9 Felipe Medina &nbsp;S\u00e1bado 27 de enero de 2024 ENCUADRE SABATINO Para no atiborrarlos de informaci\u00f3n y dejarlos descansar un poco de los sesudos an\u00e1lisis cotidianos realizados en la semana en este ejercicio period\u00edstico, este encuadre sabatino buscar\u00e1 darles peque\u00f1os impactos noticiosos, grillescos y dem\u00e1s. Corre y se va. 1). Me informan que [&hellip;]<\/p>\n","protected":false},"author":1,"featured_media":4982,"comment_status":"open","ping_status":"open","sticky":false,"template":"","format":"standard","meta":{"content-type":"","footnotes":""},"categories":[122],"tags":[],"class_list":{"0":"post-4981","1":"post","2":"type-post","3":"status-publish","4":"format-standard","5":"has-post-thumbnail","7":"category-jose-felipe-medina"},"_links":{"self":[{"href":"https:\/\/www.regioncuatronoticias.com\/index.php\/wp-json\/wp\/v2\/posts\/4981","targetHints":{"allow":["GET"]}}],"collection":[{"href":"https:\/\/www.regioncuatronoticias.com\/index.php\/wp-json\/wp\/v2\/posts"}],"about":[{"href":"https:\/\/www.regioncuatronoticias.com\/index.php\/wp-json\/wp\/v2\/types\/post"}],"author":[{"embeddable":true,"href":"https:\/\/www.regioncuatronoticias.com\/index.php\/wp-json\/wp\/v2\/users\/1"}],"replies":[{"embeddable":true,"href":"https:\/\/www.regioncuatronoticias.com\/index.php\/wp-json\/wp\/v2\/comments?post=4981"}],"version-history":[{"count":1,"href":"https:\/\/www.regioncuatronoticias.com\/index.php\/wp-json\/wp\/v2\/posts\/4981\/revisions"}],"predecessor-version":[{"id":4983,"href":"https:\/\/www.regioncuatronoticias.com\/index.php\/wp-json\/wp\/v2\/posts\/4981\/revisions\/4983"}],"wp:featuredmedia":[{"embeddable":true,"href":"https:\/\/www.regioncuatronoticias.com\/index.php\/wp-json\/wp\/v2\/media\/4982"}],"wp:attachment":[{"href":"https:\/\/www.regioncuatronoticias.com\/index.php\/wp-json\/wp\/v2\/media?parent=4981"}],"wp:term":[{"taxonomy":"category","embeddable":true,"href":"https:\/\/www.regioncuatronoticias.com\/index.php\/wp-json\/wp\/v2\/categories?post=4981"},{"taxonomy":"post_tag","embeddable":true,"href":"https:\/\/www.regioncuatronoticias.com\/index.php\/wp-json\/wp\/v2\/tags?post=4981"}],"curies":[{"name":"wp","href":"https:\/\/api.w.org\/{rel}","templated":true}]}}