{"id":4978,"date":"2024-01-29T22:32:17","date_gmt":"2024-01-30T05:32:17","guid":{"rendered":"https:\/\/www.regioncuatronoticias.com\/?p=4978"},"modified":"2024-01-29T22:32:18","modified_gmt":"2024-01-30T05:32:18","slug":"columna-encuadre","status":"publish","type":"post","link":"https:\/\/www.regioncuatronoticias.com\/index.php\/2024\/01\/29\/columna-encuadre\/","title":{"rendered":"Columna Encuadre"},"content":{"rendered":"\n<p><strong>Jos\u00e9 Felipe Medina<\/strong><\/p>\n\n\n\n<p><strong>Enero 22 de 2024<\/strong><\/p>\n\n\n\n<p>Despu\u00e9s de poco menos que un a\u00f1o sab\u00e1tico, retomo mis andanzas period\u00edsticas -el diarismo, pues- con la misma emoci\u00f3n de aquel ya lejano 12 de septiembre de 1987, cuando me incorpor\u00e9 al staff de El Imparcial (despu\u00e9s de \u201cpasar\u201d dos cursos: uno de fotograf\u00eda con el c\u00e9lebre Memo Moreno, y el otro, de Redacci\u00f3n, con Diana Fr\u00edas, instructora a la saz\u00f3n de El Norte de Monterrey), iniciando as\u00ed mi ya larga carrera dentro del apasionante mundo reporteril.<\/p>\n\n\n\n<p>Y lo hago adem\u00e1s, sin filias ni fobias. La madurez en todo su esplendor.<\/p>\n\n\n\n<p>Con esa misma emoci\u00f3n, les comparto que mis hijos, Dinorah Alexandra, Camila Abril y Luis Felipe de Paula, se confabularon para iniciar un nuevo proyecto de portal noticioso, FMInformativo.com (la continuaci\u00f3n del recordado EntreFelipes.com), obvio, con todo el apoyo, la asesor\u00eda y orientaci\u00f3n de Dinora, su madre, y de quien esto escribe. Como si no tuvi\u00e9ramos suficientes problemas (ja). Espero que sea de su agrado y consulta. Por supuesto, se aceptan sugerencias, tips, reclamos y colaboradores.<\/p>\n\n\n\n<p>En este contexto, volvemos a la carga, mientras \u201cel diablo no meta la cola\u201d.<\/p>\n\n\n\n<p>Sin lugar a dudas, retomamos este camino en un a\u00f1o particularmente interesante: la reconfiguraci\u00f3n de nuevos gobiernos en much\u00edsimos pa\u00edses, la culminaci\u00f3n de un Gobierno Federal apoyado por muchos mexicanos y vilipendiado por otros tantos, y el inicio de los \u00faltimos tres a\u00f1os de la administraci\u00f3n del gobernador Alfonso Durazo.<\/p>\n\n\n\n<p>Como ve, es un a\u00f1o de muchas definiciones en el terreno pol\u00edtico, y desde luego, con sus impactos en lo econ\u00f3mico y social.<\/p>\n\n\n\n<p>As\u00ed es que\u2026 a darle.<\/p>\n\n\n\n<p><strong>ENCUADRE VIOLENTO<\/strong><\/p>\n\n\n\n<p>Los hechos registrados el pasado s\u00e1bado en Hermosillo, donde un feroz enfrentamiento armado entre polic\u00edas y delincuentes dej\u00f3 la friolera de doce sujetos abatidos por la fuerza del orden, dos polic\u00edas heridos, seis veh\u00edculos de \u201calta gama\u201d decomisados, y decenas de armas de alto poder y cientos de cartuchos incautados, pusieron a tambalear los datos arrojados por la Encuesta sobre Seguridad P\u00fablica Urbana del Inegi, donde nuestra ciudad capital hab\u00eda logrado bajar en un 30 por ciento la percepci\u00f3n de inseguridad,<\/p>\n\n\n\n<p>Un gran esfuerzo para repuntar en ese rengl\u00f3n, para que en unas horas, un solo hecho, venga a dar al traste en esos resultados.<\/p>\n\n\n\n<p>Sin duda, la realidad nos golpe\u00f3 en el rostro, y fuerte.<\/p>\n\n\n\n<p>Cierto que aun nada comparable con lo que se vive, en t\u00e9rminos de violencia, en otras regiones del Estado y del pa\u00eds, pero hasta antes de estos acontecimientos, a los hermosillenses nos daba la sensaci\u00f3n de que tranquilamente pod\u00edamos salir a la calle a cualquier hora y a cualquier lugar. Ahora ya no estamos tan seguros de eso.<\/p>\n\n\n\n<p>De acuerdo a lo informado por la Fiscal\u00eda General de Justicia en Sonora, siete sujetos lograron huir de la balacera, y como siempre, se desconoce su paradero\u2026al menos hasta el momento. Es decir, los eventos de violencia, creo, aun no terminan. Los grupos delincuenciales nunca se quedan quietos.<\/p>\n\n\n\n<p>Hac\u00eda buen tiempo que no ve\u00edamos en la capital del Estado hechos tan violentos como los registrados este fin de semana. Hay quienes a\u00f1oran (a\u00f1oramos) a ese \u201cpueblito tranquilo y sencillo\u201d que era Hermosillo, donde pod\u00edas dormir en la noche en el porche de tu casa, o dejar las puertas del carro o de la casa sin seguro, sin ser molestados o agredidos. Tiempos idos que no volver\u00e1n. Cosas de la modernidad\u2026y de la inseguridad.<\/p>\n\n\n\n<p>Lo plausible: la r\u00e1pida reacci\u00f3n de los cuerpos policiacos de los tres niveles de gobierno ante el embate de los sicarios.<\/p>\n\n\n\n<p>Y como dicen que los males no vienen solos, otro hecho violento de alto impacto, sin duda, fue la localizaci\u00f3n sin vida, este domingo, del conocido y reconocido doctor Carlos L\u00f3pez Carrillo, en un domicilio ubicado en Residencial Cima, ubicado al norte de Hermosillo, seg\u00fan informaron las autoridades de procuraci\u00f3n de justicia.<\/p>\n\n\n\n<p>Aunque los motivos no han sido revelados oficialmente, en redes se habla de un asalto domiciliario que deriv\u00f3 en el asesinato de L\u00f3pez Carrillo con un arma de fuego. La Fiscal\u00eda sostiene como una de sus hip\u00f3tesis, problemas relacionados con su entorno personal.<\/p>\n\n\n\n<p>Esperemos que las investigaciones pronto arrojen luz sobre este caso que seguramente habr\u00e1 de impactar negativamente en la percepci\u00f3n ciudadana sobre el tema de seguridad.<\/p>\n\n\n\n<p><strong>ENCUADRE LABORAL<\/strong><\/p>\n\n\n\n<p>La CTM vuelve a la carga.<\/p>\n\n\n\n<p>La marcha de este domingo, en donde cientos (o miles, depende de qui\u00e9n los cuente) de manifestantes tomaron las calles para exigir a las autoridades la aprobaci\u00f3n de una ley que reduzca la jornada laboral de 48 a 40 horas, pone de manifiesto el arrojo de Javier Villarreal G\u00e1mez, ya sempiterno l\u00edder cetemista en Sonora, al retar al gobierno estatal de Alfonso Durazo.<\/p>\n\n\n\n<p>Uno no puede dejar de levantar la ceja en se\u00f1al de \u201csospechosismo\u201d, en tanto esta manifestaci\u00f3n cetemista se realiza en los precisos momentos en que los jaloneos por las candidaturas en los diferentes partidos, est\u00e1n a la orden del d\u00eda.<\/p>\n\n\n\n<p>Si, ya s\u00e9 que me van a rebatir que \u201cla lucha por el bienestar de los trabajadores\u201d no tiene fecha ni circunstancia determinada; pero\u2026 mmmm.<\/p>\n\n\n\n<p>Sin duda alguna, la exigencia de reducci\u00f3n de la jornada laboral es totalmente v\u00e1lida, y una reforma en ese sentido ser\u00eda bien recibida por millones de trabajadores mexicanos, y en particular, por sus familias. El \u201ctiming\u201d de la manifestaci\u00f3n es lo que provoca ese arqueo de cejas.<\/p>\n\n\n\n<p>Con toda seguridad, el habilidoso l\u00edder cetemista tiene en su mente muy claro el fin a perseguir. Las movilizaciones en pos de un mejoramiento de las condiciones laborales de los trabajadores siempre son muy redituables para empujar-presionar-conseguir posiciones pol\u00edtica-partidistas para s\u00ed, o para sus cercanos.<\/p>\n\n\n\n<p>Por lo pronto, punto para la CTM de Villarreal G\u00e1mez. Ya veremos cual ser\u00e1 el marcador al final del juego\u2026electoral.<\/p>\n\n\n\n<p>La suerte est\u00e1 echada.<\/p>\n\n\n\n<p><strong>ENCUADRE PENITENCIARIO<\/strong><\/p>\n\n\n\n<p>De llamar tambi\u00e9n poderosamente la atenci\u00f3n lo sucedido el pasado mi\u00e9rcoles por la tarde en el Cereso de Cajeme, donde tres reos murieron y otros m\u00e1s fueron hospitalizados, al intoxicarse con droga, se dice extraoficialmente que con fentanilo.<\/p>\n\n\n\n<p>As\u00ed como usted lo lee: INTOXICADOS CON DROGA.<\/p>\n\n\n\n<p>Por l\u00f3gica elemental, las primeras preguntas que saltan a la mente son: c\u00f3mo es posible que al interior de un penal pueda darse este hecho?, qui\u00e9n vende la droga?, c\u00f3mo la pasaron?, qui\u00e9n protege a los vendedores?, qui\u00e9n usufructa las ganancias?. Todo hace indicar una cadena de complicidades entre los de adentro y los de afuera.<\/p>\n\n\n\n<p>En entrevista telef\u00f3nica con Rosa Lilia Torres, en Cajeme, el coordinador del Sistema Estatal Penitenciario, Nicolino Cangiamilla Enr\u00edquez, inform\u00f3, inocentemente, que aun estaban investigando por d\u00f3nde entr\u00f3 la droga al mencionado Cereso. Sin ser un experto en protocolo penitenciario y muchos menos en investigaci\u00f3n criminal, desde ahorita les podemos decir que la droga entr\u00f3 por la puerta principal del reclusorio, a menos que exista un narcot\u00fanel o un dron que la arroje desde el aire, lo cual se antoja ya francamente incre\u00edble. Digo.<\/p>\n\n\n\n<p>Desde hace muchos a\u00f1os, el sistema penitenciario en el pa\u00eds, y desde luego en Sonora, ha estado en el escrutinio de la opini\u00f3n p\u00fablica por el autogobierno, derivado del grave problema de sobrepoblaci\u00f3n que priva. De cuando en cuando, hechos violentos registrados en estos mal llamados centros de readaptaci\u00f3n, sacan a relucir la podredumbre que prevalece ah\u00ed. Ejemplos hay muchos, como el m\u00e1s reciente suscitado en penales de Tabasco.<\/p>\n\n\n\n<p>En voz de padres y madres de familia, en tono bajito, sin hacer gran alharaca por las consabidas consecuencias para sus familiares internos, se conoce de su enojo y frustraci\u00f3n por lo que ah\u00ed ocurre un d\u00eda s\u00ed y el otro tambi\u00e9n: renta de sillas y mesas en las horas de visita, cobros por mandado realizado, p\u00e9simo servicio m\u00e9dico, venta de droga, entre otros males.<\/p>\n\n\n\n<p>Las cosas no andan bien en esos pantanosos terrenos, y creo entender que las autoridades lo saben, aunque tampoco se ve gran voluntad para corregirlas. La Comisi\u00f3n Estatal de Derechos Humanos, de Luis Fernando Renter\u00eda, tiene much\u00edsima tela de donde cortar.<\/p>\n\n\n\n<p><strong>ENCUADRE ELECTORAL<\/strong><\/p>\n\n\n\n<p>Despu\u00e9s de una precampa\u00f1a a la presidencia de la Rep\u00fablica de 50 d\u00edas, por momentos som\u00f1olienta, los equipos de Claudia Sheinbaum, X\u00f3chitl G\u00e1lvez y el \u00faltimo a bordo, Jorge \u00c1lvarez, tendr\u00e1n, hasta antes del viernes 1 de marzo que inician formalmente las campa\u00f1as, la oportunidad de ajustar nombramientos y propuestas, amarrar acuerdos, rectificar\/ratificar rumbo e interpretar correctamente los anhelos y aspiraciones de los mexicanos para los pr\u00f3ximos seis a\u00f1os.<\/p>\n\n\n\n<p>El pastel electoral que habr\u00e1n (habremos) de comernos los mexicanos este 2024, es hartamente empalagoso: 629 cargos federales, entre senadur\u00edas, diputaciones y presidencia de la Rep\u00fablica.<\/p>\n\n\n\n<p>Adem\u00e1s, se elegir\u00e1n 19,634 cargos locales en los Estados del pa\u00eds, entre diputaciones locales, presidencias municipales, sindicaturas y regidur\u00edas. En los Estados de Chiapas, Ciudad de M\u00e9xico, Guanajuato, Jalisco, Morelos, Puebla, Tabasco, Veracruz y Yucat\u00e1n, habr\u00e1 tambi\u00e9n elecciones para Gobernador.<\/p>\n\n\n\n<p>En nuestro querido, \u00e1rido y a veces friolento Sonora, las cosas no son diferentes. Se disputar\u00e1n 33 diputaciones (21 de mayor\u00eda relativa y 12 de representaci\u00f3n proporcional) y 72 ayuntamientos. Diez partidos en b\u00fasqueda de gobernar el Congreso y los municipios: siete nacionales y tres estatales, y de estos \u00faltimos, el Partido Sonorense, de reciente creaci\u00f3n, ir\u00e1 solo, sin alianzas, por impedimento de ley al ser su primera incursi\u00f3n electoral.<\/p>\n\n\n\n<p>As\u00ed pues, hagan sus apuestas, pero sobre todo, recuerde que no salir a votar el pr\u00f3ximo 2 de junio, es poner la decisi\u00f3n de qui\u00e9n nos gobernar\u00e1 en manos de unos cu\u00e1ntos.<\/p>\n\n\n\n<p>In proximum<\/p>\n\n\n\n<p>\u00a0<strong>S\u00edgueme en FB: Jos\u00e9 Felipe Medina<\/strong><\/p>\n\n\n\n<p><strong>En X (antes twitter): @josefe31<\/strong><\/p>\n\n\n\n<p><strong>FMInformativo.com<\/strong><\/p>\n","protected":false},"excerpt":{"rendered":"<p>Jos\u00e9 Felipe Medina Enero 22 de 2024 Despu\u00e9s de poco menos que un a\u00f1o sab\u00e1tico, retomo mis andanzas period\u00edsticas -el diarismo, pues- con la misma emoci\u00f3n de aquel ya lejano 12 de septiembre de 1987, cuando me incorpor\u00e9 al staff de El Imparcial (despu\u00e9s de \u201cpasar\u201d dos cursos: uno de fotograf\u00eda con el c\u00e9lebre Memo [&hellip;]<\/p>\n","protected":false},"author":1,"featured_media":4979,"comment_status":"open","ping_status":"open","sticky":false,"template":"","format":"standard","meta":{"content-type":"","footnotes":""},"categories":[122],"tags":[],"class_list":{"0":"post-4978","1":"post","2":"type-post","3":"status-publish","4":"format-standard","5":"has-post-thumbnail","7":"category-jose-felipe-medina"},"_links":{"self":[{"href":"https:\/\/www.regioncuatronoticias.com\/index.php\/wp-json\/wp\/v2\/posts\/4978","targetHints":{"allow":["GET"]}}],"collection":[{"href":"https:\/\/www.regioncuatronoticias.com\/index.php\/wp-json\/wp\/v2\/posts"}],"about":[{"href":"https:\/\/www.regioncuatronoticias.com\/index.php\/wp-json\/wp\/v2\/types\/post"}],"author":[{"embeddable":true,"href":"https:\/\/www.regioncuatronoticias.com\/index.php\/wp-json\/wp\/v2\/users\/1"}],"replies":[{"embeddable":true,"href":"https:\/\/www.regioncuatronoticias.com\/index.php\/wp-json\/wp\/v2\/comments?post=4978"}],"version-history":[{"count":1,"href":"https:\/\/www.regioncuatronoticias.com\/index.php\/wp-json\/wp\/v2\/posts\/4978\/revisions"}],"predecessor-version":[{"id":4980,"href":"https:\/\/www.regioncuatronoticias.com\/index.php\/wp-json\/wp\/v2\/posts\/4978\/revisions\/4980"}],"wp:featuredmedia":[{"embeddable":true,"href":"https:\/\/www.regioncuatronoticias.com\/index.php\/wp-json\/wp\/v2\/media\/4979"}],"wp:attachment":[{"href":"https:\/\/www.regioncuatronoticias.com\/index.php\/wp-json\/wp\/v2\/media?parent=4978"}],"wp:term":[{"taxonomy":"category","embeddable":true,"href":"https:\/\/www.regioncuatronoticias.com\/index.php\/wp-json\/wp\/v2\/categories?post=4978"},{"taxonomy":"post_tag","embeddable":true,"href":"https:\/\/www.regioncuatronoticias.com\/index.php\/wp-json\/wp\/v2\/tags?post=4978"}],"curies":[{"name":"wp","href":"https:\/\/api.w.org\/{rel}","templated":true}]}}