{"id":4929,"date":"2024-01-29T15:49:27","date_gmt":"2024-01-29T22:49:27","guid":{"rendered":"https:\/\/www.regioncuatronoticias.com\/?p=4929"},"modified":"2024-01-29T15:49:29","modified_gmt":"2024-01-29T22:49:29","slug":"sale-maria-dolores-del-rio-de-la-secretaria-de-seguridad-publica-en-sonora","status":"publish","type":"post","link":"https:\/\/www.regioncuatronoticias.com\/index.php\/2024\/01\/29\/sale-maria-dolores-del-rio-de-la-secretaria-de-seguridad-publica-en-sonora\/","title":{"rendered":"Sale Mar\u00eda Dolores del R\u00edo de la Secretar\u00eda de Seguridad P\u00fablica en Sonora"},"content":{"rendered":"\n<p>Tomado de Sergio Valle Noticias<\/p>\n\n\n\n<p>Denisse Robles<\/p>\n\n\n\n<p>Enero 29 de 2024<\/p>\n\n\n\n<p>El gobernador Alfonso Durazo Monta\u00f1o, inform\u00f3 mediante su cuenta de X que Mar\u00eda Dolores del R\u00edo S\u00e1nchez, sali\u00f3 de la Secretar\u00eda de Seguridad de Sonora.<\/p>\n\n\n\n<p>\u201cAgradezco el compromiso, la honestidad y el profesionalismo de Mar\u00eda Dolores del R\u00edo como secretaria de Seguridad P\u00fablica desde el inicio de mi gobierno. Le deseo todos los \u00e9xitos en los retos por seguir\u201d, coment\u00f3.<\/p>\n\n\n\n<p>Mencion\u00f3 adem\u00e1s que se queda como encargado de despacho Benjam\u00edn Gonz\u00e1lez, quien se ha desempe\u00f1ado como coordinador del C5.<\/p>\n\n\n\n<p>Luego del anuncio del gobernador, mar\u00eda Dolores del R\u00edo confirm\u00f3 que buscar\u00e1 la candidatura por la alcald\u00eda de Hermosillo con Morena.<\/p>\n\n\n\n<p>\u201cComparto con ustedes la aspiraci\u00f3n de ser la candidata por la alcald\u00eda de Hermosillo por MORENA y los partidos de la coalici\u00f3n Sigamos Haciendo Historia\u201d, public\u00f3.<\/p>\n","protected":false},"excerpt":{"rendered":"<p>Tomado de Sergio Valle Noticias Denisse Robles Enero 29 de 2024 El gobernador Alfonso Durazo Monta\u00f1o, inform\u00f3 mediante su cuenta de X que Mar\u00eda Dolores del R\u00edo S\u00e1nchez, sali\u00f3 de la Secretar\u00eda de Seguridad de Sonora. \u201cAgradezco el compromiso, la honestidad y el profesionalismo de Mar\u00eda Dolores del R\u00edo como secretaria de Seguridad P\u00fablica desde [&hellip;]<\/p>\n","protected":false},"author":1,"featured_media":4930,"comment_status":"open","ping_status":"open","sticky":false,"template":"","format":"standard","meta":{"content-type":"","footnotes":""},"categories":[115,105,113,9],"tags":[],"class_list":{"0":"post-4929","1":"post","2":"type-post","3":"status-publish","4":"format-standard","5":"has-post-thumbnail","7":"category-politica","8":"category-principal","9":"category-seguridad","10":"category-sonora"},"_links":{"self":[{"href":"https:\/\/www.regioncuatronoticias.com\/index.php\/wp-json\/wp\/v2\/posts\/4929","targetHints":{"allow":["GET"]}}],"collection":[{"href":"https:\/\/www.regioncuatronoticias.com\/index.php\/wp-json\/wp\/v2\/posts"}],"about":[{"href":"https:\/\/www.regioncuatronoticias.com\/index.php\/wp-json\/wp\/v2\/types\/post"}],"author":[{"embeddable":true,"href":"https:\/\/www.regioncuatronoticias.com\/index.php\/wp-json\/wp\/v2\/users\/1"}],"replies":[{"embeddable":true,"href":"https:\/\/www.regioncuatronoticias.com\/index.php\/wp-json\/wp\/v2\/comments?post=4929"}],"version-history":[{"count":1,"href":"https:\/\/www.regioncuatronoticias.com\/index.php\/wp-json\/wp\/v2\/posts\/4929\/revisions"}],"predecessor-version":[{"id":4931,"href":"https:\/\/www.regioncuatronoticias.com\/index.php\/wp-json\/wp\/v2\/posts\/4929\/revisions\/4931"}],"wp:featuredmedia":[{"embeddable":true,"href":"https:\/\/www.regioncuatronoticias.com\/index.php\/wp-json\/wp\/v2\/media\/4930"}],"wp:attachment":[{"href":"https:\/\/www.regioncuatronoticias.com\/index.php\/wp-json\/wp\/v2\/media?parent=4929"}],"wp:term":[{"taxonomy":"category","embeddable":true,"href":"https:\/\/www.regioncuatronoticias.com\/index.php\/wp-json\/wp\/v2\/categories?post=4929"},{"taxonomy":"post_tag","embeddable":true,"href":"https:\/\/www.regioncuatronoticias.com\/index.php\/wp-json\/wp\/v2\/tags?post=4929"}],"curies":[{"name":"wp","href":"https:\/\/api.w.org\/{rel}","templated":true}]}}