{"id":4926,"date":"2024-01-29T15:37:31","date_gmt":"2024-01-29T22:37:31","guid":{"rendered":"https:\/\/www.regioncuatronoticias.com\/?p=4926"},"modified":"2024-01-29T15:37:32","modified_gmt":"2024-01-29T22:37:32","slug":"periodista-jorge-ramos-cuestiona-violencia-en-el-pais-y-amlo-asegura-que-mexico-es-un-pais-pacifico","status":"publish","type":"post","link":"https:\/\/www.regioncuatronoticias.com\/index.php\/2024\/01\/29\/periodista-jorge-ramos-cuestiona-violencia-en-el-pais-y-amlo-asegura-que-mexico-es-un-pais-pacifico\/","title":{"rendered":"Periodista Jorge Ramos cuestiona violencia en el Pa\u00eds y AMLO asegura que \u201cM\u00e9xico es un pa\u00eds pac\u00edfico\u201d"},"content":{"rendered":"\n<p>\u201cM\u00e9xico es un pa\u00eds pac\u00edfico en donde hay crecimiento, en donde hay empleo, en donde hay bienestar\u201d, dijo L\u00f3pez Obrador en su conferencia ma\u00f1anera de este lunes.<\/p>\n\n\n\n<p>Tomado de El Imparcial<\/p>\n\n\n\n<p>Especial por El Universal&nbsp;<\/p>\n\n\n\n<p>Enero 29 de 2024<\/p>\n\n\n\n<p>CDMX.- Al negar la informaci\u00f3n proporcionada por el periodista Jorge Ramos sobre los homicidios en el Pa\u00eds, el presidente Andr\u00e9s Manuel L\u00f3pez Obrador afirm\u00f3 que \u201cM\u00e9xico es un pa\u00eds pac\u00edfico\u201d.<\/p>\n\n\n\n<p>\u201cM\u00e9xico es un pa\u00eds pac\u00edfico en donde hay crecimiento, en donde hay empleo, en donde hay bienestar\u201d, dijo L\u00f3pez Obrador en su conferencia ma\u00f1anera de este lunes 29 de enero en Palacio Nacional.<\/p>\n\n\n\n<p>Al refutar \u201cla visi\u00f3n\u201d de Jorge Ramos sobre la violencia en nuestro pa\u00eds, L\u00f3pez Obrador mencion\u00f3 que a la Ciudad de M\u00e9xico se han venido a vivir 500 mil estadounidenses y defendi\u00f3 su estrategia de seguridad de \u201cabrazos, no balazos\u201d porque \u201cse ha venido reduciendo la incidencia delictiva\u201d.<\/p>\n\n\n\n<p>Estamos protegiendo a los mexicanos, dijo L\u00f3pez Obrador al periodista en su quinta asistencia a las ma\u00f1aneras.<\/p>\n\n\n\n<p>La mayor\u00eda de los casos de periodistas asesinados se han aclarado: AMLO<\/p>\n\n\n\n<p>\u201cNo hay un presidente que atienda todos los d\u00edas este problema de 6 a 7 de la ma\u00f1ana\u201d, expres\u00f3 L\u00f3pez Obrador sobre las reuniones de su gabinete de seguridad.<\/p>\n\n\n\n<p>En el Sal\u00f3n Tesorer\u00eda de Palacio Nacional, L\u00f3pez Obrador compar\u00f3 otra vez los datos de homicidios dolosos entre los sexenios de Carlos Salinas de Gortari, Ernesto Zedillo, Vicente Fox, Enrique Pe\u00f1a Nieto y Felipe Calder\u00f3n.<\/p>\n\n\n\n<p>Asegur\u00f3 que \u201cla mayor\u00eda de los casos de periodistas asesinados se han aclarado\u201d, de \u201clos que corresponden a nuestro gobierno\u201d. No hay relaciones de complicidad con nadie, ni corrupci\u00f3n, a\u00f1adi\u00f3.<\/p>\n\n\n\n<p>Al ser cuestionado por Ramos si reconoce si M\u00e9xico es uno de los pa\u00edses m\u00e1s peligrosos para ejercer el periodismo, el Presidente respondi\u00f3: \u201cNo, no, no, no; yo te dir\u00eda que es m\u00e1s peligroso Estados Unidos\u201d.<\/p>\n\n\n\n<figure class=\"wp-block-embed\"><div class=\"wp-block-embed__wrapper\">\nhttps:\/\/www.elimparcial.com\/mexico\/2024\/01\/29\/periodista-jorge-ramos-cuestiona-violencia-en-el-pais-y-amlo-asegura-que-mexico-es-un-pais-pacifico\/\n<\/div><\/figure>\n","protected":false},"excerpt":{"rendered":"<p>\u201cM\u00e9xico es un pa\u00eds pac\u00edfico en donde hay crecimiento, en donde hay empleo, en donde hay bienestar\u201d, dijo L\u00f3pez Obrador en su conferencia ma\u00f1anera de este lunes. Tomado de El Imparcial Especial por El Universal&nbsp; Enero 29 de 2024 CDMX.- Al negar la informaci\u00f3n proporcionada por el periodista Jorge Ramos sobre los homicidios en el [&hellip;]<\/p>\n","protected":false},"author":1,"featured_media":4927,"comment_status":"open","ping_status":"open","sticky":false,"template":"","format":"standard","meta":{"content-type":"","footnotes":""},"categories":[3,115,105],"tags":[],"class_list":{"0":"post-4926","1":"post","2":"type-post","3":"status-publish","4":"format-standard","5":"has-post-thumbnail","7":"category-mexico","8":"category-politica","9":"category-principal"},"_links":{"self":[{"href":"https:\/\/www.regioncuatronoticias.com\/index.php\/wp-json\/wp\/v2\/posts\/4926","targetHints":{"allow":["GET"]}}],"collection":[{"href":"https:\/\/www.regioncuatronoticias.com\/index.php\/wp-json\/wp\/v2\/posts"}],"about":[{"href":"https:\/\/www.regioncuatronoticias.com\/index.php\/wp-json\/wp\/v2\/types\/post"}],"author":[{"embeddable":true,"href":"https:\/\/www.regioncuatronoticias.com\/index.php\/wp-json\/wp\/v2\/users\/1"}],"replies":[{"embeddable":true,"href":"https:\/\/www.regioncuatronoticias.com\/index.php\/wp-json\/wp\/v2\/comments?post=4926"}],"version-history":[{"count":1,"href":"https:\/\/www.regioncuatronoticias.com\/index.php\/wp-json\/wp\/v2\/posts\/4926\/revisions"}],"predecessor-version":[{"id":4928,"href":"https:\/\/www.regioncuatronoticias.com\/index.php\/wp-json\/wp\/v2\/posts\/4926\/revisions\/4928"}],"wp:featuredmedia":[{"embeddable":true,"href":"https:\/\/www.regioncuatronoticias.com\/index.php\/wp-json\/wp\/v2\/media\/4927"}],"wp:attachment":[{"href":"https:\/\/www.regioncuatronoticias.com\/index.php\/wp-json\/wp\/v2\/media?parent=4926"}],"wp:term":[{"taxonomy":"category","embeddable":true,"href":"https:\/\/www.regioncuatronoticias.com\/index.php\/wp-json\/wp\/v2\/categories?post=4926"},{"taxonomy":"post_tag","embeddable":true,"href":"https:\/\/www.regioncuatronoticias.com\/index.php\/wp-json\/wp\/v2\/tags?post=4926"}],"curies":[{"name":"wp","href":"https:\/\/api.w.org\/{rel}","templated":true}]}}