{"id":4911,"date":"2024-01-29T00:15:48","date_gmt":"2024-01-29T07:15:48","guid":{"rendered":"https:\/\/www.regioncuatronoticias.com\/?p=4911"},"modified":"2024-01-29T00:15:50","modified_gmt":"2024-01-29T07:15:50","slug":"notas-politicamente-pagadas","status":"publish","type":"post","link":"https:\/\/www.regioncuatronoticias.com\/index.php\/2024\/01\/29\/notas-politicamente-pagadas\/","title":{"rendered":"Notas pol\u00edticamente pagadas"},"content":{"rendered":"\n<p><strong>Columna Mensajes<\/strong><\/p>\n\n\n\n<p><strong>Gilberto Armenta Reyes<\/strong><\/p>\n\n\n\n<p><strong>Notas pol\u00edticamente pagadas<\/strong><\/p>\n\n\n\n<p><strong>S\u00e1bado 27 de enero de 2024<\/strong><\/p>\n\n\n\n<p>Al leer la publicaci\u00f3n de El Universal, diario de circulaci\u00f3n nacional, en el que se hace referencia a Sonora en un tema de seguridad muy sensible, acusando una \u201cnarcoguerra\u201d, es muy f\u00e1cil notar, primero, que el \u201cart\u00edculo\u201d no est\u00e1 firmado por su autor, sino por Redacci\u00f3n, recurso que los medios de comunicaci\u00f3n acostumbran estilar&nbsp; cuando se trata de una inserci\u00f3n pagada.<\/p>\n\n\n\n<p>Segundo. Se evidencia que es una recopilaci\u00f3n de hechos, datos, im\u00e1genes y declaraciones que otros medios han venido publicando en fechas pasadas, y no de un periodismo serio de investigaci\u00f3n.<\/p>\n\n\n\n<p>Tercero. La narrativa de la nota es irresponsable, ya que atribuye a supuestos entrevistados datos de hechos delicados, y subraya supuestas declaraciones de periodistas, sin dar los nombres ni de unos, ni de otros. S\u00ed bien es cierto que no es posible dar los nombres de los declarantes ni testigos o fuentes, por aquello del debido proceso y protecci\u00f3n de estos, incluir&nbsp; narrativas como hechos consumados, es infantil.<\/p>\n\n\n\n<p>Cuarto. todo el texto publicado bien podr\u00eda ser material (por lo hueco y alarmista) de \u201cinfluencers\u201d mal pagados en las redes sociales, que publican lo que les digan, solo para alcanzar m\u00e1s seguidores.<\/p>\n\n\n\n<p>En plena precampa\u00f1a local en Sonora -e intercampa\u00f1a federal-, y en la arena partidista que se est\u00e1 viviendo en este estado, la \u201cpolitizaci\u00f3n\u201d de todos los temas es evidente, adem\u00e1s de jugosa.<\/p>\n\n\n\n<p>Quinto. Las l\u00edneas de este mismo trabajo \u201cperiod\u00edstico\u201d de El Universal, en relaci\u00f3n a la actividad partidista del gobernador Alfonso Durazo Monta\u00f1o como presidente del Consejo Nacional de MORENA y que &nbsp;reclaman (rompimiento de vestiduras de por medio) que el mandatario estatal renuncie a ese cargo para mantenerse en Sonora, es altamente hilarante, por una sola causa: la ley se lo permite.<\/p>\n\n\n\n<p>Pero de risa loca resultan las l\u00edneas que exigen que, ante lo hechos violentos que, como en todo el pa\u00eds (muy lamentable esto) tambi\u00e9n suceden en Sonora, el gobernador Durazo Monta\u00f1o debe olvidarse de todas sus responsabilidades, y que debe abandonar su activismo en la promoci\u00f3n de Sonora para atraer inversiones y generar empleo, dentro del Plan Sonora de Energ\u00edas Renovables.<\/p>\n\n\n\n<p>Y aqu\u00ed retomo lo que p\u00e1rrafos arriba menciono, porque es claro que este art\u00edculo no es un trabajo propio de El Universal, sino que aparenta ser la publicaci\u00f3n de una campa\u00f1a negra, armada en alg\u00fan escritorio ajeno q este medio nacional.<\/p>\n\n\n\n<p>Si es as\u00ed, hay que reconocer que la oposici\u00f3n (sea partidista o ciudadana) hace lo suyo; sabemos todos que en las elecciones, como en la guerra y en el amor, todo se vale. Punto para estos ah\u00ed.<\/p>\n\n\n\n<p>Y por lo inmediato anterior, es la respuesta de la titular de comunicaci\u00f3n social del Estado, Paulina Oca\u00f1a Encinas, quien le respondi\u00f3 a El Universal; pero tambi\u00e9n para que la leyeran otros. Doble punto ah\u00ed.<\/p>\n\n\n\n<p>Esto apenas empieza; hay que agarrar piedras.<\/p>\n","protected":false},"excerpt":{"rendered":"<p>Columna Mensajes Gilberto Armenta Reyes Notas pol\u00edticamente pagadas S\u00e1bado 27 de enero de 2024 Al leer la publicaci\u00f3n de El Universal, diario de circulaci\u00f3n nacional, en el que se hace referencia a Sonora en un tema de seguridad muy sensible, acusando una \u201cnarcoguerra\u201d, es muy f\u00e1cil notar, primero, que el \u201cart\u00edculo\u201d no est\u00e1 firmado por [&hellip;]<\/p>\n","protected":false},"author":1,"featured_media":4912,"comment_status":"open","ping_status":"open","sticky":false,"template":"","format":"standard","meta":{"content-type":"","footnotes":""},"categories":[110],"tags":[],"class_list":{"0":"post-4911","1":"post","2":"type-post","3":"status-publish","4":"format-standard","5":"has-post-thumbnail","7":"category-gilberto-armenta-reyes"},"_links":{"self":[{"href":"https:\/\/www.regioncuatronoticias.com\/index.php\/wp-json\/wp\/v2\/posts\/4911","targetHints":{"allow":["GET"]}}],"collection":[{"href":"https:\/\/www.regioncuatronoticias.com\/index.php\/wp-json\/wp\/v2\/posts"}],"about":[{"href":"https:\/\/www.regioncuatronoticias.com\/index.php\/wp-json\/wp\/v2\/types\/post"}],"author":[{"embeddable":true,"href":"https:\/\/www.regioncuatronoticias.com\/index.php\/wp-json\/wp\/v2\/users\/1"}],"replies":[{"embeddable":true,"href":"https:\/\/www.regioncuatronoticias.com\/index.php\/wp-json\/wp\/v2\/comments?post=4911"}],"version-history":[{"count":1,"href":"https:\/\/www.regioncuatronoticias.com\/index.php\/wp-json\/wp\/v2\/posts\/4911\/revisions"}],"predecessor-version":[{"id":4913,"href":"https:\/\/www.regioncuatronoticias.com\/index.php\/wp-json\/wp\/v2\/posts\/4911\/revisions\/4913"}],"wp:featuredmedia":[{"embeddable":true,"href":"https:\/\/www.regioncuatronoticias.com\/index.php\/wp-json\/wp\/v2\/media\/4912"}],"wp:attachment":[{"href":"https:\/\/www.regioncuatronoticias.com\/index.php\/wp-json\/wp\/v2\/media?parent=4911"}],"wp:term":[{"taxonomy":"category","embeddable":true,"href":"https:\/\/www.regioncuatronoticias.com\/index.php\/wp-json\/wp\/v2\/categories?post=4911"},{"taxonomy":"post_tag","embeddable":true,"href":"https:\/\/www.regioncuatronoticias.com\/index.php\/wp-json\/wp\/v2\/tags?post=4911"}],"curies":[{"name":"wp","href":"https:\/\/api.w.org\/{rel}","templated":true}]}}