{"id":4898,"date":"2024-01-28T21:29:28","date_gmt":"2024-01-29T04:29:28","guid":{"rendered":"https:\/\/www.regioncuatronoticias.com\/?p=4898"},"modified":"2024-01-28T21:29:29","modified_gmt":"2024-01-29T04:29:29","slug":"televisa-estado-de-mexico-concluye-sus-transmisiones","status":"publish","type":"post","link":"https:\/\/www.regioncuatronoticias.com\/index.php\/2024\/01\/28\/televisa-estado-de-mexico-concluye-sus-transmisiones\/","title":{"rendered":"Televisa Estado de M\u00e9xico concluye sus transmisiones"},"content":{"rendered":"\n<p>Tomado de Edomex AHORA<\/p>\n\n\n\n<p>Vera382<\/p>\n\n\n\n<p>Enero 26 de 2024<\/p>\n\n\n\n<p>De manera inesperada, esta tarde se dio a conocer el cierre definitivo de Televisa (Nmas) Estado de M\u00e9xico, con lo que la entidad se queda sin un medio de comunicaci\u00f3n y decenas de personas sin empleo.<\/p>\n\n\n\n<p>Con sus oficinas centrales en Metepec, la sucursal de Televisa dejar\u00e1 de transmitir tres noticiarios diarios y el programa de revista Por La Ma\u00f1ana.<\/p>\n\n\n\n<p>La noticia tom\u00f3 por sorpresa a los propios trabajadores de la televisora, incluidos reporteros, miembros del staff y conductores a los que no les di\u00f3 tiempo ni despedirse de su audiencia.<\/p>\n\n\n\n<p>Incluso, Germ\u00e1n Zepeda, uno de los conductores de noticias, lament\u00f3 lo \u00abrepentino\u201d de la decisi\u00f3n tomada por el consorcio televisivo a nivel central y no haber tenido la oportunidad de despedirse directamente de su audiencia.<\/p>\n\n\n\n<p>\u00c9ste fue el mensaje de despedida de Zepeda:<\/p>\n\n\n\n<p>\u00abAnoche fue mi \u00faltimo noticiario en Nmas Estado de M\u00e9xico. Hoy mi casa, Televisa-Univisi\u00f3n, cerr\u00f3 sus puertas tras muchos a\u00f1os de historia en la entidad. Es una noticia que me impacta mucho por lo repentina, por la forma en que llega en este naciente 2024.<\/p>\n\n\n\n<p>\u00abLamento mucho no haber tenido la oportunidad de despedirme al aire de usted, de la gran audiencia que me acompa\u00f1\u00f3 durante estos a\u00f1os, pero as\u00ed son estas decisiones, inmediatas.\u201d<\/p>\n\n\n\n<p>Con estas emotivas palabras termin\u00f3 de despedirse: \u00ab\u2026 aqu\u00ed estar\u00e9 para usted, en la pantalla de su celular, de las redes sociales personales y seguramente en una nueva ventana que la vida nos tenga.<\/p>\n\n\n\n<p>\u00a1Abrazos para todas y todos!\u201d.<\/p>\n\n\n\n<p>Televisa tambi\u00e9n puso fin a otras de sus televisoras regionales, entre ellas, Televisa Cuernavaca, Televisa Tampico y Televisa Golfo.<\/p>\n\n\n\n<figure class=\"wp-block-embed\"><div class=\"wp-block-embed__wrapper\">\nhttps:\/\/edomexahora.com\/2024\/01\/26\/televisa-estado-de-mexico-concluye-sus-transmisiones\/\n<\/div><\/figure>\n","protected":false},"excerpt":{"rendered":"<p>Tomado de Edomex AHORA Vera382 Enero 26 de 2024 De manera inesperada, esta tarde se dio a conocer el cierre definitivo de Televisa (Nmas) Estado de M\u00e9xico, con lo que la entidad se queda sin un medio de comunicaci\u00f3n y decenas de personas sin empleo. Con sus oficinas centrales en Metepec, la sucursal de Televisa [&hellip;]<\/p>\n","protected":false},"author":1,"featured_media":4899,"comment_status":"open","ping_status":"open","sticky":false,"template":"","format":"standard","meta":{"content-type":"","footnotes":""},"categories":[117,3,2],"tags":[],"class_list":{"0":"post-4898","1":"post","2":"type-post","3":"status-publish","4":"format-standard","5":"has-post-thumbnail","7":"category-general","8":"category-mexico","9":"category-negocios"},"_links":{"self":[{"href":"https:\/\/www.regioncuatronoticias.com\/index.php\/wp-json\/wp\/v2\/posts\/4898","targetHints":{"allow":["GET"]}}],"collection":[{"href":"https:\/\/www.regioncuatronoticias.com\/index.php\/wp-json\/wp\/v2\/posts"}],"about":[{"href":"https:\/\/www.regioncuatronoticias.com\/index.php\/wp-json\/wp\/v2\/types\/post"}],"author":[{"embeddable":true,"href":"https:\/\/www.regioncuatronoticias.com\/index.php\/wp-json\/wp\/v2\/users\/1"}],"replies":[{"embeddable":true,"href":"https:\/\/www.regioncuatronoticias.com\/index.php\/wp-json\/wp\/v2\/comments?post=4898"}],"version-history":[{"count":1,"href":"https:\/\/www.regioncuatronoticias.com\/index.php\/wp-json\/wp\/v2\/posts\/4898\/revisions"}],"predecessor-version":[{"id":4900,"href":"https:\/\/www.regioncuatronoticias.com\/index.php\/wp-json\/wp\/v2\/posts\/4898\/revisions\/4900"}],"wp:featuredmedia":[{"embeddable":true,"href":"https:\/\/www.regioncuatronoticias.com\/index.php\/wp-json\/wp\/v2\/media\/4899"}],"wp:attachment":[{"href":"https:\/\/www.regioncuatronoticias.com\/index.php\/wp-json\/wp\/v2\/media?parent=4898"}],"wp:term":[{"taxonomy":"category","embeddable":true,"href":"https:\/\/www.regioncuatronoticias.com\/index.php\/wp-json\/wp\/v2\/categories?post=4898"},{"taxonomy":"post_tag","embeddable":true,"href":"https:\/\/www.regioncuatronoticias.com\/index.php\/wp-json\/wp\/v2\/tags?post=4898"}],"curies":[{"name":"wp","href":"https:\/\/api.w.org\/{rel}","templated":true}]}}