{"id":4858,"date":"2024-01-27T14:51:24","date_gmt":"2024-01-27T21:51:24","guid":{"rendered":"https:\/\/www.regioncuatronoticias.com\/?p=4858"},"modified":"2024-01-27T14:51:26","modified_gmt":"2024-01-27T21:51:26","slug":"comite-de-moleculas-nuevas-de-cofepris-emite-opinion-favorable-a-la-vacuna-patria-contra-covid-19","status":"publish","type":"post","link":"https:\/\/www.regioncuatronoticias.com\/index.php\/2024\/01\/27\/comite-de-moleculas-nuevas-de-cofepris-emite-opinion-favorable-a-la-vacuna-patria-contra-covid-19\/","title":{"rendered":"Comit\u00e9 de Mol\u00e9culas Nuevas de Cofepris emite opini\u00f3n favorable a la vacuna Patria contra COVID-19"},"content":{"rendered":"\n<p>El Comit\u00e9 de Mol\u00e9culas Nuevas de Cofepris detall\u00f3 que la vacuna Patria es segura y sirve como refuerzo contra el COVID-19.<\/p>\n\n\n\n<p>Enero 26 de 2024<\/p>\n\n\n\n<p>La Comisi\u00f3n Federal para la Protecci\u00f3n contra Riesgos Sanitarios (Cofepris) inform\u00f3 que el Comit\u00e9 de Mol\u00e9culas Nuevas emiti\u00f3 una opini\u00f3n favorable para el uso de emergencia de la vacuna anticovid Patria, para ser aplicada en mayores de 18 a\u00f1os, con inmunidad previa.<\/p>\n\n\n\n<p>En la sesi\u00f3n de evaluaci\u00f3n del Comit\u00e9 de Mol\u00e9culas Nuevas de Cofepris, se detall\u00f3 que dicha vacuna mexicana es segura y sirve como refuerzo contra el virus SARS-CoV-2, causante del COVID-19.<\/p>\n\n\n\n<p>La directora general del Consejo Nacional de Humanidades, Ciencias y Tecnolog\u00edas (Conahcyt), Mar\u00eda Elena \u00c1lvarez-Buylla Roces, ha explicado en las conferencias matutinas de Palacio Nacional que la creaci\u00f3n Patria, vacuna intramuscular, es resultado de la uni\u00f3n de capacidades de organismos del sector p\u00fablico, entre los que destacan universidades, el Instituto Mexicano del Seguro Social (IMSS) y Cofepris, en colaboraci\u00f3n con la empresa mexicana Avimex.<\/p>\n\n\n\n<p>Resalt\u00f3 que Patria tiene altos est\u00e1ndares regulatorios y se desarroll\u00f3 mediante un vector viral. Abundo que su costo es de 973 millones de pesos, lo que significa ahorros en comparaci\u00f3n con otras vacunas como la de Moderna, cuyo financiamiento fue equivalente a 19 mil millones de pesos.<\/p>\n\n\n\n<p>La Cofepris dio a conocer en la previa que la empresa Avi-Mex S.A. de C.V. ingres\u00f3 la solicitud de autorizaci\u00f3n para uso de emergencia de dicho f\u00e1rmaco anticovid.<\/p>\n\n\n\n<p>A trav\u00e9s de este proceso regulatorio, pionero en el mundo, Cofepris refrenda de compromiso de ser una autoridad sanitaria \u00e1gil, justa y transparente, enfocada en proteger la salud y garantizar el acceso sanitario con altos est\u00e1ndares de calidad\u201d, indic\u00f3 en un comunicado la autoridad sanitaria.<\/p>\n\n\n\n<p>Con informaci\u00f3n de L\u00f3pez-D\u00f3riga Digital<\/p>\n\n\n\n<figure class=\"wp-block-embed is-type-wp-embed is-provider-l-pez-d-riga-digital wp-block-embed-l-pez-d-riga-digital\"><div class=\"wp-block-embed__wrapper\">\n<blockquote class=\"wp-embedded-content\" data-secret=\"V7ndfInQqc\"><a href=\"https:\/\/lopezdoriga.com\/nacional\/comite-de-moleculas-nuevas-de-cofepris-emite-opinion-favorable-a-la-vacuna-patria-contra-covid-19\/\">Comit\u00e9 de Mol\u00e9culas Nuevas de Cofepris emite opini\u00f3n favorable a la vacuna Patria contra COVID-19<\/a><\/blockquote><iframe loading=\"lazy\" class=\"wp-embedded-content\" sandbox=\"allow-scripts\" security=\"restricted\" style=\"position: absolute; clip: rect(1px, 1px, 1px, 1px);\" title=\"&#8220;Comit\u00e9 de Mol\u00e9culas Nuevas de Cofepris emite opini\u00f3n favorable a la vacuna Patria contra COVID-19&#8221; &#8212; L\u00f3pez-D\u00f3riga Digital\" src=\"https:\/\/lopezdoriga.com\/nacional\/comite-de-moleculas-nuevas-de-cofepris-emite-opinion-favorable-a-la-vacuna-patria-contra-covid-19\/embed\/#?secret=p7gP3lmBko#?secret=V7ndfInQqc\" data-secret=\"V7ndfInQqc\" width=\"600\" height=\"338\" frameborder=\"0\" marginwidth=\"0\" marginheight=\"0\" scrolling=\"no\"><\/iframe>\n<\/div><\/figure>\n","protected":false},"excerpt":{"rendered":"<p>El Comit\u00e9 de Mol\u00e9culas Nuevas de Cofepris detall\u00f3 que la vacuna Patria es segura y sirve como refuerzo contra el COVID-19. Enero 26 de 2024 La Comisi\u00f3n Federal para la Protecci\u00f3n contra Riesgos Sanitarios (Cofepris) inform\u00f3 que el Comit\u00e9 de Mol\u00e9culas Nuevas emiti\u00f3 una opini\u00f3n favorable para el uso de emergencia de la vacuna anticovid [&hellip;]<\/p>\n","protected":false},"author":1,"featured_media":4859,"comment_status":"open","ping_status":"open","sticky":false,"template":"","format":"standard","meta":{"content-type":"","footnotes":""},"categories":[3,115,105,6],"tags":[],"class_list":{"0":"post-4858","1":"post","2":"type-post","3":"status-publish","4":"format-standard","5":"has-post-thumbnail","7":"category-mexico","8":"category-politica","9":"category-principal","10":"category-salud"},"_links":{"self":[{"href":"https:\/\/www.regioncuatronoticias.com\/index.php\/wp-json\/wp\/v2\/posts\/4858","targetHints":{"allow":["GET"]}}],"collection":[{"href":"https:\/\/www.regioncuatronoticias.com\/index.php\/wp-json\/wp\/v2\/posts"}],"about":[{"href":"https:\/\/www.regioncuatronoticias.com\/index.php\/wp-json\/wp\/v2\/types\/post"}],"author":[{"embeddable":true,"href":"https:\/\/www.regioncuatronoticias.com\/index.php\/wp-json\/wp\/v2\/users\/1"}],"replies":[{"embeddable":true,"href":"https:\/\/www.regioncuatronoticias.com\/index.php\/wp-json\/wp\/v2\/comments?post=4858"}],"version-history":[{"count":1,"href":"https:\/\/www.regioncuatronoticias.com\/index.php\/wp-json\/wp\/v2\/posts\/4858\/revisions"}],"predecessor-version":[{"id":4860,"href":"https:\/\/www.regioncuatronoticias.com\/index.php\/wp-json\/wp\/v2\/posts\/4858\/revisions\/4860"}],"wp:featuredmedia":[{"embeddable":true,"href":"https:\/\/www.regioncuatronoticias.com\/index.php\/wp-json\/wp\/v2\/media\/4859"}],"wp:attachment":[{"href":"https:\/\/www.regioncuatronoticias.com\/index.php\/wp-json\/wp\/v2\/media?parent=4858"}],"wp:term":[{"taxonomy":"category","embeddable":true,"href":"https:\/\/www.regioncuatronoticias.com\/index.php\/wp-json\/wp\/v2\/categories?post=4858"},{"taxonomy":"post_tag","embeddable":true,"href":"https:\/\/www.regioncuatronoticias.com\/index.php\/wp-json\/wp\/v2\/tags?post=4858"}],"curies":[{"name":"wp","href":"https:\/\/api.w.org\/{rel}","templated":true}]}}