{"id":4849,"date":"2024-01-27T14:44:49","date_gmt":"2024-01-27T21:44:49","guid":{"rendered":"https:\/\/www.regioncuatronoticias.com\/?p=4849"},"modified":"2024-01-27T14:44:51","modified_gmt":"2024-01-27T21:44:51","slug":"fiscalia-de-guerrero-abre-investigacion-por-entrega-de-armas-a-ninos-en-comunidad-asediada-por-el-crimen-organizado","status":"publish","type":"post","link":"https:\/\/www.regioncuatronoticias.com\/index.php\/2024\/01\/27\/fiscalia-de-guerrero-abre-investigacion-por-entrega-de-armas-a-ninos-en-comunidad-asediada-por-el-crimen-organizado\/","title":{"rendered":"Fiscal\u00eda de Guerrero abre investigaci\u00f3n por entrega de armas a ni\u00f1os en comunidad asediada por el crimen organizado"},"content":{"rendered":"\n<p>Tomado de Latinus<\/p>\n\n\n\n<p>Alina Navarrete Fern\u00e1ndez \/ Corresponsal<\/p>\n\n\n\n<p>Enero 26, 2024<\/p>\n\n\n\n<p>La Fiscal\u00eda General del Estado de Guerrero abri\u00f3 una carpeta de investigaci\u00f3n por el delito de corrupci\u00f3n de menores de edad por la incorporaci\u00f3n de 20 menores de edad a la polic\u00eda comunitaria en Ayahualtempa, municipio de Jos\u00e9 Joaqu\u00edn Herrera, zona asediada por el grupo criminal \u201cLos Ardillos\u201d.<\/p>\n\n\n\n<p>En un comunicado, la instituci\u00f3n inform\u00f3 que procedi\u00f3 \u201ccon el firme compromiso &nbsp;de velar por el inter\u00e9s superior de la ni\u00f1ez (\u2026) a fin de garantizar la integridad f\u00edsica, psicol\u00f3gica y emocional de los menores\u201d.<\/p>\n\n\n\n<p>\u201cLa FGE coadyuvar\u00e1 con autoridades estatales y federales para la prevenci\u00f3n del delito, as\u00ed como en la concientizaci\u00f3n de los pobladores sobre los derechos de ni\u00f1os, ni\u00f1as y adolescentes\u201d, inform\u00f3 la fiscal\u00eda.<\/p>\n\n\n\n<p>El \u00f3rgano judicial se\u00f1al\u00f3 que en el municipio se mantiene de forma permanente una base de operaciones mixtas, conformada por elementos de la Secretar\u00eda de la Defensa Nacional, Guardia Nacional, Polic\u00eda Estatal y Fiscal\u00eda General del Estado, para garantizar la seguridad de la zona.<\/p>\n\n\n\n<p>Finalmente, la fiscal\u00eda se comprometi\u00f3 a \u201cpromover, respetar y garantizar los derechos de ni\u00f1as, ni\u00f1os y adolescentes consagrados en instrumentos y tratados nacionales e internacionales\u201d.<\/p>\n\n\n\n<p>El pasado mi\u00e9rcoles, en la comunidad ind\u00edgena de Ayahualtempa, un grupo de cinco ni\u00f1as y 15 ni\u00f1os recibieron armas para tomar protesta como integrantes de la Coordinadora Regional de Autoridades Comunitarias-Pueblos Fundadores (CRAC-PF).<\/p>\n\n\n\n<p>La suma de los menores a las filas de la Polic\u00eda Comunitaria se dio luego de que el 18 de enero pasado Cecilia Gaspar Hern\u00e1ndez, su esposo Jos\u00e9 Teodoro Domingo y sus hijos, Roberto y Gaudencio, fueron privados de su libertad en Zacatepec, municipio de Chilapa de \u00c1lvarez, esto pese a que las autoridades desplegaron operativos en la zona. A la fecha se desconoce su paradero.<\/p>\n\n\n\n<figure class=\"wp-block-embed is-type-wp-embed is-provider-latin-us wp-block-embed-latin-us\"><div class=\"wp-block-embed__wrapper\">\n<blockquote class=\"wp-embedded-content\" data-secret=\"w41x89nQnU\"><a href=\"https:\/\/latinus.us\/2024\/01\/26\/fiscalia-guerrero-investigacion-armas-ninios-comunidad-asediada-crimen-organizado\/\">Fiscal\u00eda de Guerrero abre investigaci\u00f3n por entrega de armas a ni\u00f1os en comunidad asediada por el crimen organizado<\/a><\/blockquote><iframe loading=\"lazy\" class=\"wp-embedded-content\" sandbox=\"allow-scripts\" security=\"restricted\" style=\"position: absolute; clip: rect(1px, 1px, 1px, 1px);\" title=\"&#8220;Fiscal\u00eda de Guerrero abre investigaci\u00f3n por entrega de armas a ni\u00f1os en comunidad asediada por el crimen organizado&#8221; &#8212; Latin US\" src=\"https:\/\/latinus.us\/2024\/01\/26\/fiscalia-guerrero-investigacion-armas-ninios-comunidad-asediada-crimen-organizado\/embed\/#?secret=BDoMldeRLi#?secret=w41x89nQnU\" data-secret=\"w41x89nQnU\" width=\"600\" height=\"338\" frameborder=\"0\" marginwidth=\"0\" marginheight=\"0\" scrolling=\"no\"><\/iframe>\n<\/div><\/figure>\n","protected":false},"excerpt":{"rendered":"<p>Tomado de Latinus Alina Navarrete Fern\u00e1ndez \/ Corresponsal Enero 26, 2024 La Fiscal\u00eda General del Estado de Guerrero abri\u00f3 una carpeta de investigaci\u00f3n por el delito de corrupci\u00f3n de menores de edad por la incorporaci\u00f3n de 20 menores de edad a la polic\u00eda comunitaria en Ayahualtempa, municipio de Jos\u00e9 Joaqu\u00edn Herrera, zona asediada por el [&hellip;]<\/p>\n","protected":false},"author":1,"featured_media":4850,"comment_status":"open","ping_status":"open","sticky":false,"template":"","format":"standard","meta":{"content-type":"","footnotes":""},"categories":[3,115,105],"tags":[],"class_list":{"0":"post-4849","1":"post","2":"type-post","3":"status-publish","4":"format-standard","5":"has-post-thumbnail","7":"category-mexico","8":"category-politica","9":"category-principal"},"_links":{"self":[{"href":"https:\/\/www.regioncuatronoticias.com\/index.php\/wp-json\/wp\/v2\/posts\/4849","targetHints":{"allow":["GET"]}}],"collection":[{"href":"https:\/\/www.regioncuatronoticias.com\/index.php\/wp-json\/wp\/v2\/posts"}],"about":[{"href":"https:\/\/www.regioncuatronoticias.com\/index.php\/wp-json\/wp\/v2\/types\/post"}],"author":[{"embeddable":true,"href":"https:\/\/www.regioncuatronoticias.com\/index.php\/wp-json\/wp\/v2\/users\/1"}],"replies":[{"embeddable":true,"href":"https:\/\/www.regioncuatronoticias.com\/index.php\/wp-json\/wp\/v2\/comments?post=4849"}],"version-history":[{"count":1,"href":"https:\/\/www.regioncuatronoticias.com\/index.php\/wp-json\/wp\/v2\/posts\/4849\/revisions"}],"predecessor-version":[{"id":4851,"href":"https:\/\/www.regioncuatronoticias.com\/index.php\/wp-json\/wp\/v2\/posts\/4849\/revisions\/4851"}],"wp:featuredmedia":[{"embeddable":true,"href":"https:\/\/www.regioncuatronoticias.com\/index.php\/wp-json\/wp\/v2\/media\/4850"}],"wp:attachment":[{"href":"https:\/\/www.regioncuatronoticias.com\/index.php\/wp-json\/wp\/v2\/media?parent=4849"}],"wp:term":[{"taxonomy":"category","embeddable":true,"href":"https:\/\/www.regioncuatronoticias.com\/index.php\/wp-json\/wp\/v2\/categories?post=4849"},{"taxonomy":"post_tag","embeddable":true,"href":"https:\/\/www.regioncuatronoticias.com\/index.php\/wp-json\/wp\/v2\/tags?post=4849"}],"curies":[{"name":"wp","href":"https:\/\/api.w.org\/{rel}","templated":true}]}}