{"id":4840,"date":"2024-01-27T14:34:04","date_gmt":"2024-01-27T21:34:04","guid":{"rendered":"https:\/\/www.regioncuatronoticias.com\/?p=4840"},"modified":"2024-01-27T14:34:06","modified_gmt":"2024-01-27T21:34:06","slug":"la-cultura-toma-las-calles-de-alamos","status":"publish","type":"post","link":"https:\/\/www.regioncuatronoticias.com\/index.php\/2024\/01\/27\/la-cultura-toma-las-calles-de-alamos\/","title":{"rendered":"La cultura toma las calles de \u00c1lamos"},"content":{"rendered":"\n<p>\u00c1lamos, Sonora; 26 de enero de 2024.-&nbsp; En cada una de sus expresiones art\u00edsticas la cultura se sinti\u00f3 por todos los rincones de \u00c1lamos dentro de las actividades de la trig\u00e9sima novena edici\u00f3n del Festival Alfonso Ortiz Tirado; con espect\u00e1culos musicales callejeros, canto oper\u00edstico y rock en espa\u00f1ol.<\/p>\n\n\n\n<p>En la Plaza de Armas comenz\u00f3 la algarab\u00eda de los asistentes al FAOT, quienes se congregaron en una de sus esquinas aguardando la intervenci\u00f3n de la estudiantina de la Universidad Kino.<\/p>\n\n\n\n<p>Al ritmo de guitarras ac\u00fasticas y panderetas, la juventud universitaria recorri\u00f3 los callejones del primer cuadro de la ciudad de los portales, cuyas interpretaciones contagiaron de alegr\u00eda a todos quienes les escuchaban.<\/p>\n\n\n\n<p>Al caer el sol toc\u00f3 el turno a las noches de gala en Palacio Municipal, ocurriendo ah\u00ed una velada de canto oper\u00edstico a cargo de la soprano colombiana Betty Garc\u00e9s, el tenor Carlos Alberto V\u00e1zquez y Rolando Garza al piano, con un repertorio que viaj\u00f3 desde Donizetti, Massenet, Puccini, entre otros.<\/p>\n\n\n\n<p>La s\u00e9ptima jornada del FAOT 2024 cerr\u00f3 con el concierto de Metamorfeame, banda liderada por el legendario guitarrista C\u00e9sar \u201cEl Vampiro\u201d L\u00f3pez, quien llev\u00f3 a su audiencia a un viaje de nostalgia por lo mejor del rock en espa\u00f1ol con m\u00fasica de Caifanes y Jaguares.<\/p>\n","protected":false},"excerpt":{"rendered":"<p>\u00c1lamos, Sonora; 26 de enero de 2024.-&nbsp; En cada una de sus expresiones art\u00edsticas la cultura se sinti\u00f3 por todos los rincones de \u00c1lamos dentro de las actividades de la trig\u00e9sima novena edici\u00f3n del Festival Alfonso Ortiz Tirado; con espect\u00e1culos musicales callejeros, canto oper\u00edstico y rock en espa\u00f1ol. En la Plaza de Armas comenz\u00f3 la [&hellip;]<\/p>\n","protected":false},"author":1,"featured_media":4841,"comment_status":"open","ping_status":"open","sticky":false,"template":"","format":"standard","meta":{"content-type":"","footnotes":""},"categories":[112,117,9],"tags":[],"class_list":{"0":"post-4840","1":"post","2":"type-post","3":"status-publish","4":"format-standard","5":"has-post-thumbnail","7":"category-cultura","8":"category-general","9":"category-sonora"},"_links":{"self":[{"href":"https:\/\/www.regioncuatronoticias.com\/index.php\/wp-json\/wp\/v2\/posts\/4840","targetHints":{"allow":["GET"]}}],"collection":[{"href":"https:\/\/www.regioncuatronoticias.com\/index.php\/wp-json\/wp\/v2\/posts"}],"about":[{"href":"https:\/\/www.regioncuatronoticias.com\/index.php\/wp-json\/wp\/v2\/types\/post"}],"author":[{"embeddable":true,"href":"https:\/\/www.regioncuatronoticias.com\/index.php\/wp-json\/wp\/v2\/users\/1"}],"replies":[{"embeddable":true,"href":"https:\/\/www.regioncuatronoticias.com\/index.php\/wp-json\/wp\/v2\/comments?post=4840"}],"version-history":[{"count":1,"href":"https:\/\/www.regioncuatronoticias.com\/index.php\/wp-json\/wp\/v2\/posts\/4840\/revisions"}],"predecessor-version":[{"id":4842,"href":"https:\/\/www.regioncuatronoticias.com\/index.php\/wp-json\/wp\/v2\/posts\/4840\/revisions\/4842"}],"wp:featuredmedia":[{"embeddable":true,"href":"https:\/\/www.regioncuatronoticias.com\/index.php\/wp-json\/wp\/v2\/media\/4841"}],"wp:attachment":[{"href":"https:\/\/www.regioncuatronoticias.com\/index.php\/wp-json\/wp\/v2\/media?parent=4840"}],"wp:term":[{"taxonomy":"category","embeddable":true,"href":"https:\/\/www.regioncuatronoticias.com\/index.php\/wp-json\/wp\/v2\/categories?post=4840"},{"taxonomy":"post_tag","embeddable":true,"href":"https:\/\/www.regioncuatronoticias.com\/index.php\/wp-json\/wp\/v2\/tags?post=4840"}],"curies":[{"name":"wp","href":"https:\/\/api.w.org\/{rel}","templated":true}]}}