{"id":4833,"date":"2024-01-26T01:14:40","date_gmt":"2024-01-26T08:14:40","guid":{"rendered":"https:\/\/www.regioncuatronoticias.com\/?p=4833"},"modified":"2024-01-26T01:14:42","modified_gmt":"2024-01-26T08:14:42","slug":"ya-llegamos-a-los-26","status":"publish","type":"post","link":"https:\/\/www.regioncuatronoticias.com\/index.php\/2024\/01\/26\/ya-llegamos-a-los-26\/","title":{"rendered":"Ya llegamos a los 26"},"content":{"rendered":"\n<p><strong>Columna Corren Rumores<\/strong><\/p>\n\n\n\n<p><strong>Hilario Olea<\/strong><\/p>\n\n\n\n<p><strong>Ya llegamos a los 26<\/strong><\/p>\n\n\n\n<p><strong>Viernes 27 de enero del 2024<\/strong><\/p>\n\n\n\n<p><strong>SE HACE CAMINO AL ANDAR\u2026<\/strong> Tal y como lo dice V\u00edctor Mendoza en el promocional, en el Informativo Entre Todos hacemos camino al andar y as\u00ed,\u00a0 subiendo y bajando, enfrentando amenazas y oportunidades, y resistiendo tempestades, este viernes llegamos a los 26 a\u00f1os de existencia.\u00a0 Como se\u00f1alan los cl\u00e1sicos, se dice f\u00e1cil, pero\u00a0 caray, vaya que esto ha costado sangre, sudor y l\u00e1grimas. Pero tambi\u00e9n muchas alegr\u00edas y enormes satisfacciones. Son largos o cortos como se midan, estos 26 a\u00f1os de ese lunes en la ma\u00f1ana cuando tuvimos la oportunidad de salir al aire a trav\u00e9s de La Kaliente, la 90.7 FM, cuyo propietario en ese entonces era Alberto Guti\u00e9rrez. Bajo el nuevo concepto de las noticias con sabor y la forma m\u00e1s entretenida de estar bien informados, en meses logramos el aprecio del p\u00fablico y nos posicionamos del cuadrante, en\u00a0 un horario donde hab\u00eda verdaderos trabucos como Fausto Soto Silva y\u00a0 Gloria Elvira Biebrich.<\/p>\n\n\n\n<p><strong>LLEGO BARBARITA\u2026<\/strong> Todo iba muy bien.\u00a0 Buen rating, clientes y preferencia de la gente. Pero un buen d\u00eda a finales de a\u00f1o que invitamos la vidente de cabecera Barbarita Salgado para que nos diera sus predicciones de a\u00f1o nuevo, nos advirti\u00f3: Para mediados de a\u00f1o Informativo Entre Todos va a sufrir un quebranto, pero luego se van a reponer y les ir\u00e1 muy bien.\u00a0 Y bueno, como tantas cosas no le hicimos casos a esta profec\u00eda. Y en junio \u00a1P\u00e1catelas!, la Kaliente nos avisa que termina\u00a0 el convenio y adi\u00f3s que les vaya bien. El argumento que quer\u00edan usar el espacio para sus propios noticieros. Despu\u00e9s nos enteramos que fue una presi\u00f3n del entonces gobernador Armando L\u00f3pez Nogales que no le gustaban las cr\u00edticas de Entre Todos.\u00a0 Me cuentan que la gota que derram\u00f3 el vaso fue un chiste que dije al aire\u00a0 de un gobernador que iba en avi\u00f3n a su rancho por Cananea y cuando iban llegando hab\u00eda muchas cabezas de ganado pastando. El\u00a0 hijo del gober le dice: Ap\u00e1, \u00bfy eso de abajo es ganado?\u00a0 Que pas\u00f3, mijo, no es ganado\u2026 es robado\u2026 Y jajajaja. Pero luego vino el garrotazo.<\/p>\n\n\n\n<p><strong>UN BUEN SALVAVIDAS\u2026<\/strong> Entonces nos acordamos de las predicciones de Barbarita. Pero tambi\u00e9n que quedar\u00edamos a la deriva. Y en efecto, gracias a apoyos de amigos, se logra un acercamiento con el jefe Diego Serna, director de Radio S.A., y que nos abre la puerta con un espacio en la XEPB. Y otra vez para arriba. Estando en este radio logramos un acercamiento con Megacable, gracias en primera instancia al apoyo\u00a0 del entonces gobernador Eduardo\u00a0 Bours, y luego de Javier Bours y Sergio Maz\u00f3n.\u00a0 Ah\u00ed estar\u00edamos por 17 a\u00f1os, hasta terminar el ciclo.\u00a0 Muchas vivencias para bien, regular y malas. Soportamos las persecuciones del padrecismo, pero pese a esas presiones abrimos espacios a movimientos como Los Malnacidos.\u00a0 Por m\u00e1s que hicieron no doblaron al Informativo Entre Todos. Sin duda la nave ten\u00eda tim\u00f3n firme con V\u00edctor Mendoza y un aguerrido equipo. Fueron tantos los que pasaron por la redacci\u00f3n y producci\u00f3n de Entre Todos que no los vamos a mencionar porque muchos se quedar\u00edan fuera y todos aportaron una parte importante en el \u00e9xito del noticiero. Pero a lo macho que han sido un titipuchal.<\/p>\n\n\n\n<p><strong>ACABA MEGACABLE\u2026<\/strong> Como todo ciclo, lleg\u00f3 el fin en Megacable porque tomaron el control de todos los noticieros del pa\u00eds y como Entre Todos estaba en alianza, ya\u00a0 no cab\u00eda con nuestro concepto y nombre en el proyecto.\u00a0 Pero para ellos, nuestro total agradecimiento por el apoyo recibido a lo largo de 17 a\u00f1os, donde se nos dio plena libertad, eso lo podemos afirmar.\u00a0 Despu\u00e9s logramos un convenio con Telemax en donde logramos el espacio estelar de la noche y ah\u00ed fueron un par de a\u00f1os hasta que igual termin\u00f3 el ciclo y el sexenio. Para que decirles que todo esto lo hemos disfrutado, con todo y las presiones surgidas a lo largo de este trayecto.<\/p>\n\n\n\n<p><strong>MUCHAS OCURRENCIAS\u2026<\/strong> En este tiempo, Informativo Entre Todos con V\u00edctor Mendoza al tim\u00f3n hemos tenido encuentros y desencuentros con los gobernadores en turno. Con L\u00f3pez Nogales distanciamiento porque no le gustaban las cr\u00edticas. Luego la llevamos bien con Eduardo Bours. Ni que decir la tirria que nos tuvo Guillermo Padr\u00e9s, pero ya vieron su final.\u00a0 Por eso les pudimos decir a los padrecistas, no que no. Con Claudia Pavlovich, fueron relaciones estables. Y actualmente es temprano para hacer balance. Ya les diremos al final del sexenio.\u00a0 Pero en todo este andar, hay mucho que contar, pero de todas las an\u00e9cdotas, me qued\u00f3 con lo que nos pas\u00f3 con Eduardo Bours y con Ricardo Maz\u00f3n.<\/p>\n\n\n\n<p><strong>VIRUTA Y CAPULINA..<\/strong> Todo empez\u00f3 cuando dimos una nota donde Eduardo Bours estaba entregando camiones escolares y se subi\u00f3 a uno y lo prendi\u00f3, pero no lo ech\u00f3 a andar. Al t\u00e9rmino de la nota le digo a V\u00edctor, \u00bfsabes por qu\u00e9 no movi\u00f3 el cami\u00f3n? No, me dice. \u00bfPor qu\u00e9? Pues porque no alcanz\u00f3 los pedales. Y de ah\u00ed al corte comercial\u2026 Pero ya estaba digerida la jalea. Luego en una de las cabalgatas en los siguientes d\u00edas sale un gordo que no puede subirse a un caballo y se nos ocurre decir que se parec\u00eda al conocido empresario Ricardo Maz\u00f3n. \u00a1Y pas! El 12 de diciembre, no se me olvida la fecha, aparece un inmenso espectacular en Rosales y Colosio, la foto de V\u00edctor y de Hilario, en donde deseamos feliz a\u00f1o. Pero al pie de las fotos dec\u00eda en lugar de nuestros nombres: Viruta y Capulina.\u00a0 Ah, gachos. Pero como me dijo mi am\u00e1, el que se lleva sea aguanta.<\/p>\n\n\n\n<p>En fin, gracias a los amigos, los no tan amigos y los de plano enemigos, por permitirnos hacer camino al andar. Y como dijo Machado,&nbsp; al andar se hace camino, cuando no tienes carro. Sale.<\/p>\n\n\n\n<p><strong>S\u00edganos en cuenta de X o Twitter\u00a0 @hilario Olea<\/strong><\/p>\n\n\n\n<p><strong>Pueden vernos de lunes a viernes de 8 a 9 de la noche en nuestro canal de\u00a0 Youtube<\/strong><\/p>\n\n\n\n<p><strong>Entre Todos Digital<\/strong><\/p>\n\n\n\n<p><strong>Sigan nuestras redes sociale<\/strong>s<\/p>\n","protected":false},"excerpt":{"rendered":"<p>Columna Corren Rumores Hilario Olea Ya llegamos a los 26 Viernes 27 de enero del 2024 SE HACE CAMINO AL ANDAR\u2026 Tal y como lo dice V\u00edctor Mendoza en el promocional, en el Informativo Entre Todos hacemos camino al andar y as\u00ed,\u00a0 subiendo y bajando, enfrentando amenazas y oportunidades, y resistiendo tempestades, este viernes llegamos [&hellip;]<\/p>\n","protected":false},"author":1,"featured_media":4834,"comment_status":"open","ping_status":"open","sticky":false,"template":"","format":"standard","meta":{"content-type":"","footnotes":""},"categories":[121],"tags":[],"class_list":{"0":"post-4833","1":"post","2":"type-post","3":"status-publish","4":"format-standard","5":"has-post-thumbnail","7":"category-hilarioolea"},"_links":{"self":[{"href":"https:\/\/www.regioncuatronoticias.com\/index.php\/wp-json\/wp\/v2\/posts\/4833","targetHints":{"allow":["GET"]}}],"collection":[{"href":"https:\/\/www.regioncuatronoticias.com\/index.php\/wp-json\/wp\/v2\/posts"}],"about":[{"href":"https:\/\/www.regioncuatronoticias.com\/index.php\/wp-json\/wp\/v2\/types\/post"}],"author":[{"embeddable":true,"href":"https:\/\/www.regioncuatronoticias.com\/index.php\/wp-json\/wp\/v2\/users\/1"}],"replies":[{"embeddable":true,"href":"https:\/\/www.regioncuatronoticias.com\/index.php\/wp-json\/wp\/v2\/comments?post=4833"}],"version-history":[{"count":1,"href":"https:\/\/www.regioncuatronoticias.com\/index.php\/wp-json\/wp\/v2\/posts\/4833\/revisions"}],"predecessor-version":[{"id":4835,"href":"https:\/\/www.regioncuatronoticias.com\/index.php\/wp-json\/wp\/v2\/posts\/4833\/revisions\/4835"}],"wp:featuredmedia":[{"embeddable":true,"href":"https:\/\/www.regioncuatronoticias.com\/index.php\/wp-json\/wp\/v2\/media\/4834"}],"wp:attachment":[{"href":"https:\/\/www.regioncuatronoticias.com\/index.php\/wp-json\/wp\/v2\/media?parent=4833"}],"wp:term":[{"taxonomy":"category","embeddable":true,"href":"https:\/\/www.regioncuatronoticias.com\/index.php\/wp-json\/wp\/v2\/categories?post=4833"},{"taxonomy":"post_tag","embeddable":true,"href":"https:\/\/www.regioncuatronoticias.com\/index.php\/wp-json\/wp\/v2\/tags?post=4833"}],"curies":[{"name":"wp","href":"https:\/\/api.w.org\/{rel}","templated":true}]}}