{"id":4821,"date":"2024-01-26T00:51:24","date_gmt":"2024-01-26T07:51:24","guid":{"rendered":"https:\/\/www.regioncuatronoticias.com\/?p=4821"},"modified":"2024-01-26T00:51:25","modified_gmt":"2024-01-26T07:51:25","slug":"suman-siete-menores-desaparecidos-en-sonora-en-2024-familias-no-denuncian-por-miedo","status":"publish","type":"post","link":"https:\/\/www.regioncuatronoticias.com\/index.php\/2024\/01\/26\/suman-siete-menores-desaparecidos-en-sonora-en-2024-familias-no-denuncian-por-miedo\/","title":{"rendered":"Suman siete menores desaparecidos en Sonora en 2024: familias no denuncian por miedo"},"content":{"rendered":"\n<p>Ceci Patricia Flores, l\u00edder del colectivo Madres Buscadoras de Sonora, se\u00f1al\u00f3 algunos casos de j\u00f3venes desaparecidos no llegan a la luz, por temor<\/p>\n\n\n\n<p>Tomado de El Sol de Hermosillo<\/p>\n\n\n\n<p>Gustavo Moreno<\/p>\n\n\n\n<p>Jueves 25 de enero de 2024<\/p>\n\n\n\n<p>En lo que va del a\u00f1o se han registrado siete desapariciones de j\u00f3venes en Hermosillo, de acuerdo a reportes que reciben colectivos de b\u00fasqueda en Sonora.<\/p>\n\n\n\n<p>El grupo J\u00f3venes Buscadores de Sonora inform\u00f3 que estos casos se han reportado en distintas zonas de la capital del Estado, algunos con desenlaces fatales, mientras que otros con resultados positivos.<\/p>\n\n\n\n<p>Las desapariciones reportadas al colectivo provienen de colonias como Puerta del Rey, Real del Carmen y de Altares, mientras que las edades oscilan entre los 12 y 18 a\u00f1os.<\/p>\n\n\n\n<p>Los reportes fueron interpuestos por familiares de los j\u00f3venes que se comunicaron con el colectivo de b\u00fasqueda a trav\u00e9s del n\u00famero 6871818626.<\/p>\n\n\n\n<p>Por su parte, desde el 31 de diciembre, la Fiscal\u00eda General de Justicia del Estado (FGJE) public\u00f3 cuatro Alertas Amber en sus redes sociales con la finalidad de brindar informaci\u00f3n para dar con el paradero de menores de edad.<\/p>\n\n\n\n<p>De los cuatro casos, tres provienen de Hermosillo y uno de Agua Prieta, adem\u00e1s de que tres menores fueron localizados sanos y salvos por parte de las autoridades.<\/p>\n\n\n\n<p>El caso m\u00e1s reciente publicado por la FGJE corresponde a una Alerta Amber del 22 de enero donde se busca a un joven de 15 a\u00f1os de edad que se vio por \u00faltima vez el d\u00eda 19 de enero cuando sali\u00f3 de su vivienda en la colonia Altares.<\/p>\n\n\n\n<p>Hasta el momento la Fiscal\u00eda no ha brindado m\u00e1s informaci\u00f3n sobre este hecho, quien tambi\u00e9n est\u00e1 siendo buscado por colectivos en la entidad tras los reportes de sus familiares.<\/p>\n\n\n\n<p>En lo que respecta a detenciones por da\u00f1os a menores, la FGJE expuso que el caso m\u00e1s reciente fue la captura y vinculaci\u00f3n a proceso de Pedro Guadalupe \u201cN\u201d por su probable responsabilidad por los delitos de feminicidio y violaci\u00f3n agravada cometidos en contra de una menor de 12, que fue localizada sin vida al Norte de Hermosillo.<\/p>\n\n\n\n<p>Nadie los reporta, por miedo: Ceci Flores<\/p>\n\n\n\n<p>Ceci Patricia Flores, l\u00edder del colectivo Madres Buscadoras de Sonora, se\u00f1al\u00f3 algunos casos de j\u00f3venes desaparecidos no llegan a la luz, por temor.<\/p>\n\n\n\n<p>\u201cNadie los report\u00f3, por miedo. Para el norte de Hermosillo, de 17 a\u00f1os a 21, todav\u00eda no se sabe nada. Los levantaron para el norte pero no se sabe nada de ellos\u201d, dijo.<\/p>\n\n\n\n<p>La madre de dos hijos desaparecidos mencion\u00f3 que no todos los casos han sido reportados, ya que las familias expresan tener temor a realizar cualquier denuncia pues pudieran recibir represalias de alg\u00fan tipo.<\/p>\n\n\n\n<p>\u201cLamentablemente, si la gente se queda en su casa a llorar porque desaparecieron a su hijo, y por miedo, temor, terror, o lo que quieras, no los van a buscar, porque si nosotros report\u00e1ndolos, d\u00e1ndoles toda la informaci\u00f3n, no son investigados los casos, ni buscados, imagina las personas que no reportan\u201d, agreg\u00f3.<\/p>\n\n\n\n<p>Detr\u00e1s de un desaparecido no solamente hay una madre muerta en vida, sino que hay unos hu\u00e9rfanos que tienen muchas carencias \/ Foto: Carlos Villalba | El Sol de Hermosillo<\/p>\n\n\n\n<p>Flores Armenta se\u00f1al\u00f3 que dentro de los principales problemas que enfrentan los colectivos de b\u00fasqueda, adem\u00e1s del no poder realizar sus actividades con herramientas adecuadas, est\u00e1 la creciente tendencia de desaparici\u00f3n de j\u00f3venes, como este caso, presentado el 13 de enero.<\/p>\n\n\n\n<p>\u201cLa violaci\u00f3n que se hace a los ni\u00f1os, les est\u00e1n quitando la libertad y a lo mejor la vida, ya encontramos una ni\u00f1a de 12 a\u00f1os muerta y esperemos de verdad haya justicia para ella y no repetici\u00f3n\u201d, puntualiz\u00f3.<\/p>\n\n\n\n<figure class=\"wp-block-embed\"><div class=\"wp-block-embed__wrapper\">\nhttps:\/\/www.elsoldehermosillo.com.mx\/policiaca\/suman-siete-menores-desaparecidos-en-sonora-en-2024-familias-no-denuncian-por-miedo-11342435.html\n<\/div><\/figure>\n","protected":false},"excerpt":{"rendered":"<p>Ceci Patricia Flores, l\u00edder del colectivo Madres Buscadoras de Sonora, se\u00f1al\u00f3 algunos casos de j\u00f3venes desaparecidos no llegan a la luz, por temor Tomado de El Sol de Hermosillo Gustavo Moreno Jueves 25 de enero de 2024 En lo que va del a\u00f1o se han registrado siete desapariciones de j\u00f3venes en Hermosillo, de acuerdo a [&hellip;]<\/p>\n","protected":false},"author":1,"featured_media":4822,"comment_status":"open","ping_status":"open","sticky":false,"template":"","format":"standard","meta":{"content-type":"","footnotes":""},"categories":[105,113,9],"tags":[],"class_list":{"0":"post-4821","1":"post","2":"type-post","3":"status-publish","4":"format-standard","5":"has-post-thumbnail","7":"category-principal","8":"category-seguridad","9":"category-sonora"},"_links":{"self":[{"href":"https:\/\/www.regioncuatronoticias.com\/index.php\/wp-json\/wp\/v2\/posts\/4821","targetHints":{"allow":["GET"]}}],"collection":[{"href":"https:\/\/www.regioncuatronoticias.com\/index.php\/wp-json\/wp\/v2\/posts"}],"about":[{"href":"https:\/\/www.regioncuatronoticias.com\/index.php\/wp-json\/wp\/v2\/types\/post"}],"author":[{"embeddable":true,"href":"https:\/\/www.regioncuatronoticias.com\/index.php\/wp-json\/wp\/v2\/users\/1"}],"replies":[{"embeddable":true,"href":"https:\/\/www.regioncuatronoticias.com\/index.php\/wp-json\/wp\/v2\/comments?post=4821"}],"version-history":[{"count":1,"href":"https:\/\/www.regioncuatronoticias.com\/index.php\/wp-json\/wp\/v2\/posts\/4821\/revisions"}],"predecessor-version":[{"id":4823,"href":"https:\/\/www.regioncuatronoticias.com\/index.php\/wp-json\/wp\/v2\/posts\/4821\/revisions\/4823"}],"wp:featuredmedia":[{"embeddable":true,"href":"https:\/\/www.regioncuatronoticias.com\/index.php\/wp-json\/wp\/v2\/media\/4822"}],"wp:attachment":[{"href":"https:\/\/www.regioncuatronoticias.com\/index.php\/wp-json\/wp\/v2\/media?parent=4821"}],"wp:term":[{"taxonomy":"category","embeddable":true,"href":"https:\/\/www.regioncuatronoticias.com\/index.php\/wp-json\/wp\/v2\/categories?post=4821"},{"taxonomy":"post_tag","embeddable":true,"href":"https:\/\/www.regioncuatronoticias.com\/index.php\/wp-json\/wp\/v2\/tags?post=4821"}],"curies":[{"name":"wp","href":"https:\/\/api.w.org\/{rel}","templated":true}]}}