{"id":4797,"date":"2024-01-25T00:56:53","date_gmt":"2024-01-25T07:56:53","guid":{"rendered":"https:\/\/www.regioncuatronoticias.com\/?p=4797"},"modified":"2024-01-25T00:56:54","modified_gmt":"2024-01-25T07:56:54","slug":"argentina-mas-de-millon-y-medio-se-movilizan-contra-reformas-de-milei","status":"publish","type":"post","link":"https:\/\/www.regioncuatronoticias.com\/index.php\/2024\/01\/25\/argentina-mas-de-millon-y-medio-se-movilizan-contra-reformas-de-milei\/","title":{"rendered":"Argentina: M\u00e1s de mill\u00f3n y medio se movilizan contra reformas de Milei"},"content":{"rendered":"\n<p>Manifestantes contra los decretos impulsados por el presidente argentino Javier Milei protestaron en la Plaza del Congreso en Buenos Aires. Foto Xinhua.<\/p>\n\n\n\n<p>Tomado de La Jornada&nbsp;<\/p>\n\n\n\n<p>Stella Calloni, corresponsal<\/p>\n\n\n\n<p>Enero 24 de 2024<\/p>\n\n\n\n<p>Buenos Aires. En una movilizaci\u00f3n multitudinaria, que se replic\u00f3 en el resto del pa\u00eds, al comenzar el paro general de doce horas este mediod\u00eda, con la adhesi\u00f3n de diversos sectores de la sociedad que respondieron a la convocatoria de la Confederaci\u00f3n General del Trabajo (CGT) las dos Centrales de Trabajadores Argentinos (CTA), gremios, organizaciones sociales, pol\u00edticas y otros, los dirigentes sindicales H\u00e9ctor Daer y Pablo Moyano pidieron a diputados y senadores no aprobar el decreto de necesidad y urgencia (DNU) y la ley \u00f3mnibus, que derogan y modifican m\u00e1s de mil leyes constitucionales, lo que ilegalmente impulsa el gobierno del presidente, el ultraderechista Javier Milei.<\/p>\n\n\n\n<p>M\u00e1s de un mill\u00f3n 500 mil manifestantes marcharon hoy en Argentina y el cosecretario general de la CGT, H\u00e9ctor Daer, al hablar ante una multitud reclam\u00f3 a los diputados nacionales que \u201cno act\u00faen agazapados en la oscuridad, miren al pueblo a la cara\u201d, y advirti\u00f3 que desde la central obrera \u201cvamos a seguir la lucha y no vamos a dar un paso atr\u00e1s hasta que caigan\u201d esas medidas.<\/p>\n\n\n\n<p>Estim\u00f3 que estas \u201cdestruyen los derechos individuales de los trabajadores, los derechos colectivos, los sindicatos y la libertad de acci\u00f3n sindical\u201d, y record\u00f3 que hab\u00edan advertido sobre esta situaci\u00f3n antes de las elecciones \u201cy ahora el el gobierno apunta a todo lo popular\u201d.<\/p>\n\n\n\n<p>Adem\u00e1s de la CGT, las CTA y todos los sindicatos y organizaciones obreras del pa\u00eds, Madres y Abuelas de Plaza de Mayo, tambi\u00e9n marcharon \u201clos cient\u00edficos, la cultura, el deporte, los inquilinos, los jubilados, los socialistas, los de izquierda, los peronistas y los pol\u00edticos de la Uni\u00f3n C\u00edvica Radical (UCR que no olvidan a los ex presidentes Hip\u00f3lito Yrigoyen (1916-1922 y 1928-1930), ni a Ra\u00fal Alfons\u00edn (193-1989)\u201d.<\/p>\n\n\n\n<p>Agradeci\u00f3 el acompa\u00f1amiento de centrales sindicales internacionales, y a los argentinos en el exterior que manifestaron en varios pa\u00edses, incluido M\u00e9xico. \u201cVamos a seguir la lucha hasta que lleguemos al \u00e9xito, hasta que caigan el DNU y la ley \u00f3mnibus; no vamos a dar un paso atr\u00e1s, viva el pueblo argentino, viva el movimiento obrero, la patria no se vende!\u201d, termin\u00f3 Daer.<\/p>\n\n\n\n<p>A su vez, Pablo Moyano inst\u00f3 a los diputados &#8220;no traicionar a los trabajadores&#8221; y les sugiri\u00f3 \u201cque digan p\u00fablicamente si est\u00e1n con los trabajadores o con las corporaciones y el modelo econ\u00f3mico que lleva adelante el presidente Milei\u201d, al recordar que el DNU est\u00e1 en contra de los trabajadores y la soberan\u00eda nacional, y que \u201cno se pueden privatizar las empresas del Estado como Aerol\u00edneas Argentinas, T\u00e9lam, Banco Naci\u00f3n, Radio Nacional. Van a dejar a millones de trabajadores en la calle y se las van a entregar a los amigos\u201d.<\/p>\n\n\n\n<p>Alent\u00f3 a los peronistas a cumplir con los principios partidarios y a la multitud con la frase \u201cla patria no se vende, la patria se defiende&#8221;, y advirti\u00f3 al ministro de Econom\u00eda, Luis Caputo: &#8220;Si sigue con estas medidas, los trabajadores lo van a llevar en andas al ministro, pero para tirarlo al Riachuelo&#8221;, refiri\u00e9ndose al r\u00edo que marca el l\u00edmite sur de Buenos Aires.<\/p>\n\n\n\n<p>Es destacable la disciplina con que transcurri\u00f3 la marcha a pesar de las provocaciones t\u00edpicas de la ministra de Seguridad, Patricia Bullrich, quien satur\u00f3 de polic\u00edas el lugar del acto y de gendarmes las rutas. Miles vecinos autoconvocados y asamble\u00edstas marcharon desde temprano con sus banderas argentinas, y llegaron desde todos los puntos de la ciudad llenando calles y avenidas y se apostaron frente al Congreso, llenado la plaza, antes que llegaran las columnas sindicales, mientras una cantidad de comerciantes cerraron en solidaridad con el paro.<\/p>\n\n\n\n<p>Otros miles de manifestantes se congregaron en Corrientes, Rosario, C\u00f3rdoba, Mendoza, Tucum\u00e1n y Mar del Plata, entre otros puntos.<\/p>\n\n\n\n<p>Rev\u00e9s para Milei<\/p>\n\n\n\n<p>En medio del multitudinario acto, se conoci\u00f3 que la jueza laboral de Feria, Liliana Rodr\u00edguez Fern\u00e1ndez, declar\u00f3 la invalidez de seis art\u00edculos del DNU, de desregulaci\u00f3n econ\u00f3mica dando \u201cparcialmente lugar a la acci\u00f3n de amparo\u201d de la CGT contra el Estado Nacional. Esto signific\u00f3 otro golpe de la justicia al proyecto del gobierno considerando que esos art\u00edculos afectan \u201cde modo directo\u201d los intereses de la CGT por perjudicar derechos colectivos de los trabajadores.<\/p>\n\n\n\n<figure class=\"wp-block-embed\"><div class=\"wp-block-embed__wrapper\">\nhttps:\/\/www.jornada.com.mx\/noticia\/2024\/01\/24\/mundo\/argentina-mas-de-millon-y-medio-se-movilizan-contra-reformas-de-milei-9773\n<\/div><\/figure>\n","protected":false},"excerpt":{"rendered":"<p>Manifestantes contra los decretos impulsados por el presidente argentino Javier Milei protestaron en la Plaza del Congreso en Buenos Aires. Foto Xinhua. Tomado de La Jornada&nbsp; Stella Calloni, corresponsal Enero 24 de 2024 Buenos Aires. En una movilizaci\u00f3n multitudinaria, que se replic\u00f3 en el resto del pa\u00eds, al comenzar el paro general de doce horas [&hellip;]<\/p>\n","protected":false},"author":1,"featured_media":4798,"comment_status":"open","ping_status":"open","sticky":false,"template":"","format":"standard","meta":{"content-type":"","footnotes":""},"categories":[7,115,105],"tags":[],"class_list":{"0":"post-4797","1":"post","2":"type-post","3":"status-publish","4":"format-standard","5":"has-post-thumbnail","7":"category-internacional","8":"category-politica","9":"category-principal"},"_links":{"self":[{"href":"https:\/\/www.regioncuatronoticias.com\/index.php\/wp-json\/wp\/v2\/posts\/4797","targetHints":{"allow":["GET"]}}],"collection":[{"href":"https:\/\/www.regioncuatronoticias.com\/index.php\/wp-json\/wp\/v2\/posts"}],"about":[{"href":"https:\/\/www.regioncuatronoticias.com\/index.php\/wp-json\/wp\/v2\/types\/post"}],"author":[{"embeddable":true,"href":"https:\/\/www.regioncuatronoticias.com\/index.php\/wp-json\/wp\/v2\/users\/1"}],"replies":[{"embeddable":true,"href":"https:\/\/www.regioncuatronoticias.com\/index.php\/wp-json\/wp\/v2\/comments?post=4797"}],"version-history":[{"count":1,"href":"https:\/\/www.regioncuatronoticias.com\/index.php\/wp-json\/wp\/v2\/posts\/4797\/revisions"}],"predecessor-version":[{"id":4799,"href":"https:\/\/www.regioncuatronoticias.com\/index.php\/wp-json\/wp\/v2\/posts\/4797\/revisions\/4799"}],"wp:featuredmedia":[{"embeddable":true,"href":"https:\/\/www.regioncuatronoticias.com\/index.php\/wp-json\/wp\/v2\/media\/4798"}],"wp:attachment":[{"href":"https:\/\/www.regioncuatronoticias.com\/index.php\/wp-json\/wp\/v2\/media?parent=4797"}],"wp:term":[{"taxonomy":"category","embeddable":true,"href":"https:\/\/www.regioncuatronoticias.com\/index.php\/wp-json\/wp\/v2\/categories?post=4797"},{"taxonomy":"post_tag","embeddable":true,"href":"https:\/\/www.regioncuatronoticias.com\/index.php\/wp-json\/wp\/v2\/tags?post=4797"}],"curies":[{"name":"wp","href":"https:\/\/api.w.org\/{rel}","templated":true}]}}