{"id":4703,"date":"2024-01-22T20:21:05","date_gmt":"2024-01-23T03:21:05","guid":{"rendered":"https:\/\/www.regioncuatronoticias.com\/?p=4703"},"modified":"2024-01-22T20:21:08","modified_gmt":"2024-01-23T03:21:08","slug":"ante-iee-presentan-pan-y-pri-carta-intencion-para-conformar-la-coalicion-fuerza-por-sonora","status":"publish","type":"post","link":"https:\/\/www.regioncuatronoticias.com\/index.php\/2024\/01\/22\/ante-iee-presentan-pan-y-pri-carta-intencion-para-conformar-la-coalicion-fuerza-por-sonora\/","title":{"rendered":"Ante IEE presentan PAN y PRI carta intenci\u00f3n para conformar la Coalici\u00f3n Fuerza por Sonora"},"content":{"rendered":"\n<p>-Dirigentes de ambos partidos coincidieron en su esperanza de que el PRD se sume durante el d\u00eda a este proyecto<\/p>\n\n\n\n<p>Hermosillo, Sonora. Enero 22 del 2024. Con la premisa de que van en una gran alianza con las y los ciudadanos y con un proyecto que defienda las verdaderas causas de los sonorenses, los partidos Acci\u00f3n Nacional (PAN) y Revolucionario Institucional (PRI) presentaron una carta intenci\u00f3n para conformar la coalici\u00f3n Fuerza y Coraz\u00f3n por Sonora ante el Instituto Estatal Electoral y de Participaci\u00f3n Ciudadana (IEEYPC).<\/p>\n\n\n\n<p>Los presidentes del PAN, Gildardo Real Ram\u00edrez y del PRI Rogelio D\u00edaz Brown, agradecieron a los consejeros electorales del IEE Sonora por la apertura, transparencia y legalidad con la que se han comportado y se comprometieron a cumplir en tiempo y forma con la documentaci\u00f3n requerida para cumplir con lo que establece la Ley.<\/p>\n\n\n\n<p>Gildardo Real Ram\u00edrez explic\u00f3 que est\u00e1n en los \u00faltimos detalles de las candidaturas que entrar\u00e1n en la figura de coalici\u00f3n, de candidatura com\u00fan y de quienes competir\u00e1n solos.<\/p>\n\n\n\n<p>\u201cLo m\u00e1s importante es que en esta coalici\u00f3n vamos con los ciudadanos, las candidaturas estar\u00e1n encabezadas con personas de la sociedad civil, apartidista, no necesariamente con militantes de los partidos pol\u00edticos, la apuesta es una gran alianza con los ciudadanos\u201d, resalt\u00f3 Gildardo Real Ram\u00edrez.<\/p>\n\n\n\n<p>Rogelio D\u00edaz Brown, inform\u00f3 que este proyecto de coalici\u00f3n lleva como objetivo el atender las causas de la sociedad, haciendo frente a los intereses que las y los sonorenses tienen.<\/p>\n\n\n\n<p>\u201cPara formar un proyecto que genere las condiciones y la confianza para as\u00ed hacerle frente a una causa que, en funci\u00f3n de las cosas que no han estado pasando, que est\u00e1n lastimando a la sociedad y que nos han hecho saber, son las banderas que hoy por hoy estamos llevando\u201d, enfatiz\u00f3.<\/p>\n\n\n\n<p>Ambos dirigentes coincidieron en su esperanza de que el Partido de la Revoluci\u00f3n Democr\u00e1tica (PRD) se sume durante el d\u00eda a este proyecto. Hasta ayer, el PRD formaba parte del convenio de coalici\u00f3n, pero debido a detalles de \u00faltimo momento, no se presentaron. No obstante, continuar\u00e1n las conversaciones para lograr el acuerdo antes de que expire el plazo legal.<\/p>\n\n\n\n<p>Hasta el momento de los 72 municipios en 58 municipios van en la coalici\u00f3n Fuerza por Sonora y de los 21 distritos en 16 van dentro de esta coalici\u00f3n; siguen los acuerdos para determinar el resto de las candidaturas, teniendo hasta este lunes a las 23:59 horas para cerrar el convenio.<\/p>\n","protected":false},"excerpt":{"rendered":"<p>-Dirigentes de ambos partidos coincidieron en su esperanza de que el PRD se sume durante el d\u00eda a este proyecto Hermosillo, Sonora. Enero 22 del 2024. Con la premisa de que van en una gran alianza con las y los ciudadanos y con un proyecto que defienda las verdaderas causas de los sonorenses, los partidos [&hellip;]<\/p>\n","protected":false},"author":1,"featured_media":4704,"comment_status":"open","ping_status":"open","sticky":false,"template":"","format":"standard","meta":{"content-type":"","footnotes":""},"categories":[115,105,9],"tags":[],"class_list":{"0":"post-4703","1":"post","2":"type-post","3":"status-publish","4":"format-standard","5":"has-post-thumbnail","7":"category-politica","8":"category-principal","9":"category-sonora"},"_links":{"self":[{"href":"https:\/\/www.regioncuatronoticias.com\/index.php\/wp-json\/wp\/v2\/posts\/4703","targetHints":{"allow":["GET"]}}],"collection":[{"href":"https:\/\/www.regioncuatronoticias.com\/index.php\/wp-json\/wp\/v2\/posts"}],"about":[{"href":"https:\/\/www.regioncuatronoticias.com\/index.php\/wp-json\/wp\/v2\/types\/post"}],"author":[{"embeddable":true,"href":"https:\/\/www.regioncuatronoticias.com\/index.php\/wp-json\/wp\/v2\/users\/1"}],"replies":[{"embeddable":true,"href":"https:\/\/www.regioncuatronoticias.com\/index.php\/wp-json\/wp\/v2\/comments?post=4703"}],"version-history":[{"count":1,"href":"https:\/\/www.regioncuatronoticias.com\/index.php\/wp-json\/wp\/v2\/posts\/4703\/revisions"}],"predecessor-version":[{"id":4705,"href":"https:\/\/www.regioncuatronoticias.com\/index.php\/wp-json\/wp\/v2\/posts\/4703\/revisions\/4705"}],"wp:featuredmedia":[{"embeddable":true,"href":"https:\/\/www.regioncuatronoticias.com\/index.php\/wp-json\/wp\/v2\/media\/4704"}],"wp:attachment":[{"href":"https:\/\/www.regioncuatronoticias.com\/index.php\/wp-json\/wp\/v2\/media?parent=4703"}],"wp:term":[{"taxonomy":"category","embeddable":true,"href":"https:\/\/www.regioncuatronoticias.com\/index.php\/wp-json\/wp\/v2\/categories?post=4703"},{"taxonomy":"post_tag","embeddable":true,"href":"https:\/\/www.regioncuatronoticias.com\/index.php\/wp-json\/wp\/v2\/tags?post=4703"}],"curies":[{"name":"wp","href":"https:\/\/api.w.org\/{rel}","templated":true}]}}