{"id":4694,"date":"2024-01-22T19:56:27","date_gmt":"2024-01-23T02:56:27","guid":{"rendered":"https:\/\/www.regioncuatronoticias.com\/?p=4694"},"modified":"2024-01-22T19:56:30","modified_gmt":"2024-01-23T02:56:30","slug":"faot-se-conjugan-en-la-alameda-la-musica-baile-e-historia-literaria","status":"publish","type":"post","link":"https:\/\/www.regioncuatronoticias.com\/index.php\/2024\/01\/22\/faot-se-conjugan-en-la-alameda-la-musica-baile-e-historia-literaria\/","title":{"rendered":"FAOT: Se conjugan en La Alameda la m\u00fasica, baile, e historia literaria"},"content":{"rendered":"\n<p>\u00c1lamos, Sonora; 22 de enero de 2024.- Al caer la tarde en el segundo d\u00eda de actividades del Festival Alfonso Ortiz Tirado cada uno de los rincones de La Alameda se llen\u00f3 de personas de todas las edades: ni\u00f1os, ni\u00f1as, madres y padres, adultos mayores, todos se congregaron para disfrutar de una cartelera diversa que rinde tributo a la m\u00fasica, al baile, y a la literatura.<\/p>\n\n\n\n<p>En uno de los m\u00e1s tradicionales rincones de \u00c1lamos inici\u00f3 su presentaci\u00f3n itinerante la Comparsa Sonora, un proyecto de intervenci\u00f3n de la Universidad de Sonora, agrupaci\u00f3n que&nbsp; vali\u00e9ndose de artistas en zancos con representaciones de grupos \u00e9tnicos, animaron a las personas que pasaban por el lugar a un\u00edrseles en el festejo callejero.<\/p>\n\n\n\n<p>Al ritmo de las percusiones, a cada paso que las y los artistas avanzaban a lo largo de La Alameda, las y los artistas captaron la atenci\u00f3n&nbsp; de quienes se dieron cita para disfrutar del FAOT, logrando involucrarlos en una atm\u00f3sfera de fiesta y algarab\u00eda.<\/p>\n\n\n\n<p>Ya entrada la noche, tomaron el escenario los integrantes del cuarteto hermosillense Libro Abierto, quienes en una mezcla de m\u00fasica norte\u00f1a y pasajes de obras literarias, consiguieron&nbsp; contagiar al p\u00fablico que se reunieron a escucharlos.<\/p>\n\n\n\n<p>En una franca alusi\u00f3n a Caperucita Roja, Don Quijote de la Mancha y Sor Juana In\u00e9s de la Cruz, la agrupaci\u00f3n haciendo uso de un bajo, un acorde\u00f3n y los acordes de una guitarra, abordaron obras de distintas \u00e9pocas literarias con un sello de m\u00fasica regional.<\/p>\n","protected":false},"excerpt":{"rendered":"<p>\u00c1lamos, Sonora; 22 de enero de 2024.- Al caer la tarde en el segundo d\u00eda de actividades del Festival Alfonso Ortiz Tirado cada uno de los rincones de La Alameda se llen\u00f3 de personas de todas las edades: ni\u00f1os, ni\u00f1as, madres y padres, adultos mayores, todos se congregaron para disfrutar de una cartelera diversa que [&hellip;]<\/p>\n","protected":false},"author":1,"featured_media":4695,"comment_status":"open","ping_status":"open","sticky":false,"template":"","format":"standard","meta":{"content-type":"","footnotes":""},"categories":[112,117,9],"tags":[],"class_list":{"0":"post-4694","1":"post","2":"type-post","3":"status-publish","4":"format-standard","5":"has-post-thumbnail","7":"category-cultura","8":"category-general","9":"category-sonora"},"_links":{"self":[{"href":"https:\/\/www.regioncuatronoticias.com\/index.php\/wp-json\/wp\/v2\/posts\/4694","targetHints":{"allow":["GET"]}}],"collection":[{"href":"https:\/\/www.regioncuatronoticias.com\/index.php\/wp-json\/wp\/v2\/posts"}],"about":[{"href":"https:\/\/www.regioncuatronoticias.com\/index.php\/wp-json\/wp\/v2\/types\/post"}],"author":[{"embeddable":true,"href":"https:\/\/www.regioncuatronoticias.com\/index.php\/wp-json\/wp\/v2\/users\/1"}],"replies":[{"embeddable":true,"href":"https:\/\/www.regioncuatronoticias.com\/index.php\/wp-json\/wp\/v2\/comments?post=4694"}],"version-history":[{"count":1,"href":"https:\/\/www.regioncuatronoticias.com\/index.php\/wp-json\/wp\/v2\/posts\/4694\/revisions"}],"predecessor-version":[{"id":4696,"href":"https:\/\/www.regioncuatronoticias.com\/index.php\/wp-json\/wp\/v2\/posts\/4694\/revisions\/4696"}],"wp:featuredmedia":[{"embeddable":true,"href":"https:\/\/www.regioncuatronoticias.com\/index.php\/wp-json\/wp\/v2\/media\/4695"}],"wp:attachment":[{"href":"https:\/\/www.regioncuatronoticias.com\/index.php\/wp-json\/wp\/v2\/media?parent=4694"}],"wp:term":[{"taxonomy":"category","embeddable":true,"href":"https:\/\/www.regioncuatronoticias.com\/index.php\/wp-json\/wp\/v2\/categories?post=4694"},{"taxonomy":"post_tag","embeddable":true,"href":"https:\/\/www.regioncuatronoticias.com\/index.php\/wp-json\/wp\/v2\/tags?post=4694"}],"curies":[{"name":"wp","href":"https:\/\/api.w.org\/{rel}","templated":true}]}}