{"id":4612,"date":"2024-01-19T23:05:17","date_gmt":"2024-01-20T06:05:17","guid":{"rendered":"https:\/\/www.regioncuatronoticias.com\/?p=4612"},"modified":"2024-01-19T23:05:18","modified_gmt":"2024-01-20T06:05:18","slug":"inicia-con-gran-exito-xxxix-edicion-del-festival-alfonso-ortiz-tirado","status":"publish","type":"post","link":"https:\/\/www.regioncuatronoticias.com\/index.php\/2024\/01\/19\/inicia-con-gran-exito-xxxix-edicion-del-festival-alfonso-ortiz-tirado\/","title":{"rendered":"Inicia con gran \u00e9xito XXXIX Edici\u00f3n del Festival Alfonso Ortiz Tirado"},"content":{"rendered":"\n<p>-Por primera ocasi\u00f3n en su historia, y por iniciativa del gobernador Alfonso Durazo, el Festival cuenta con un estado y pa\u00eds invitado, como Guanajuato y Estados Unidos<\/p>\n\n\n\n<p>\u00c1lamos, Sonora; 19 de enero de 2024.- Consolidado como uno de los escaparates de la cultura a nivel nacional e internacional, dieron inicio con gran \u00e9xito las actividades del Festival Alfonso Ortiz Tirado en el municipio de \u00c1lamos, el cual del 19 al 27 de enero contar\u00e1 con la participaci\u00f3n de m\u00e1s de 800 artistas entre espect\u00e1culos de canto, artesan\u00edas y \u00e9tnico.<\/p>\n\n\n\n<p>Por primera ocasi\u00f3n en su historia, y a iniciativa del gobernador Alfonso Durazo Monta\u00f1o, el festival contar\u00e1 con la participaci\u00f3n de Guanajuato y Estados Unidos como estado y pa\u00eds invitados, respectivamente, adem\u00e1s se contar\u00e1 con foros art\u00edsticos y culturales en Palacio Municipal, Casa de la Cultura, el Callej\u00f3n del Templo, la Hacienda de los Santos, el Museo Costumbrista de Sonora, La Alameda,&nbsp; y Las Delicias; adem\u00e1s de que habr\u00e1 talleres en escuelas y las calles de \u00c1lamos se convertir\u00e1n en escenarios de distintos espect\u00e1culos.<\/p>\n\n\n\n<p>\u201cHoy nos hemos congregado para dar inicio a la trig\u00e9simo novena edici\u00f3n de una de las celebraciones m\u00e1s importantes de nuestra tierra, de nuestro estado y de nuestro pa\u00eds: el Festival Alfonso Ortiz Tirado. Este festival que lleva el nombre del ilustre m\u00e9dico, cantante y pol\u00edtico sonorense es un tesoro cultural que a\u00f1o tras a\u00f1o se consolida como un referente internacional del amor por el arte. Hoy estamos reunidos para celebrar la diversidad, la riqueza cultural que nos caracteriza como naci\u00f3n y como estado\u201d, resalt\u00f3 Adolfo Salazar Razo, secretario de Gobierno.<\/p>\n\n\n\n<p>Al respecto Adriana Camarena de Obeso, directora del Instituto Estatal de la Cultura de Guanajuato, destac\u00f3 el mosaico cultural que ofreci\u00f3 Sonora como estado invitado en la pasada edici\u00f3n del Festival Internacional Cervantino, por lo que ahora es turno de traer a \u00c1lamos&nbsp; una oferta art\u00edstica diversa para dar a conocer los talentos de esa entidad.<\/p>\n\n\n\n<p>\u201cAhora estrechamos esta cercan\u00eda&nbsp; entre \u00c1lamos y Guanajuato a trav\u00e9s de la m\u00fasica con la participaci\u00f3n de 24 artistas que compartir\u00e1n cuatro propuestas en los pr\u00f3ximos d\u00edas. Es un inventario compacto y conciso, pero que alcanza a mostrar los distintos&nbsp; caminos musicales que surgen y se entrecruzan en Guanajuato\u201d, se\u00f1al\u00f3.<\/p>\n\n\n\n<p>En la gala inaugural del FAOT se cont\u00f3 con la participaci\u00f3n de la soprano Hera Hyesang Park, quien fue acompa\u00f1ada al piano por Andr\u00e9s Sarre.<\/p>\n\n\n\n<p>Esta edici\u00f3n tendr\u00e1 la participaci\u00f3n en escena de 650 sonorenses, de los cuales 119 son de pueblos originarios, 87 artistas nacionales y 13 extranjeros.<\/p>\n","protected":false},"excerpt":{"rendered":"<p>-Por primera ocasi\u00f3n en su historia, y por iniciativa del gobernador Alfonso Durazo, el Festival cuenta con un estado y pa\u00eds invitado, como Guanajuato y Estados Unidos \u00c1lamos, Sonora; 19 de enero de 2024.- Consolidado como uno de los escaparates de la cultura a nivel nacional e internacional, dieron inicio con gran \u00e9xito las actividades [&hellip;]<\/p>\n","protected":false},"author":1,"featured_media":4613,"comment_status":"open","ping_status":"open","sticky":false,"template":"","format":"standard","meta":{"content-type":"","footnotes":""},"categories":[112,105,9],"tags":[],"class_list":{"0":"post-4612","1":"post","2":"type-post","3":"status-publish","4":"format-standard","5":"has-post-thumbnail","7":"category-cultura","8":"category-principal","9":"category-sonora"},"_links":{"self":[{"href":"https:\/\/www.regioncuatronoticias.com\/index.php\/wp-json\/wp\/v2\/posts\/4612","targetHints":{"allow":["GET"]}}],"collection":[{"href":"https:\/\/www.regioncuatronoticias.com\/index.php\/wp-json\/wp\/v2\/posts"}],"about":[{"href":"https:\/\/www.regioncuatronoticias.com\/index.php\/wp-json\/wp\/v2\/types\/post"}],"author":[{"embeddable":true,"href":"https:\/\/www.regioncuatronoticias.com\/index.php\/wp-json\/wp\/v2\/users\/1"}],"replies":[{"embeddable":true,"href":"https:\/\/www.regioncuatronoticias.com\/index.php\/wp-json\/wp\/v2\/comments?post=4612"}],"version-history":[{"count":1,"href":"https:\/\/www.regioncuatronoticias.com\/index.php\/wp-json\/wp\/v2\/posts\/4612\/revisions"}],"predecessor-version":[{"id":4614,"href":"https:\/\/www.regioncuatronoticias.com\/index.php\/wp-json\/wp\/v2\/posts\/4612\/revisions\/4614"}],"wp:featuredmedia":[{"embeddable":true,"href":"https:\/\/www.regioncuatronoticias.com\/index.php\/wp-json\/wp\/v2\/media\/4613"}],"wp:attachment":[{"href":"https:\/\/www.regioncuatronoticias.com\/index.php\/wp-json\/wp\/v2\/media?parent=4612"}],"wp:term":[{"taxonomy":"category","embeddable":true,"href":"https:\/\/www.regioncuatronoticias.com\/index.php\/wp-json\/wp\/v2\/categories?post=4612"},{"taxonomy":"post_tag","embeddable":true,"href":"https:\/\/www.regioncuatronoticias.com\/index.php\/wp-json\/wp\/v2\/tags?post=4612"}],"curies":[{"name":"wp","href":"https:\/\/api.w.org\/{rel}","templated":true}]}}