{"id":4609,"date":"2024-01-19T21:43:10","date_gmt":"2024-01-20T04:43:10","guid":{"rendered":"https:\/\/www.regioncuatronoticias.com\/?p=4609"},"modified":"2024-01-19T21:43:12","modified_gmt":"2024-01-20T04:43:12","slug":"biden-firma-prorroga-presupuestaria-y-evita-cierre-de-gobierno-de-eu","status":"publish","type":"post","link":"https:\/\/www.regioncuatronoticias.com\/index.php\/2024\/01\/19\/biden-firma-prorroga-presupuestaria-y-evita-cierre-de-gobierno-de-eu\/","title":{"rendered":"Biden firma pr\u00f3rroga presupuestaria y evita cierre de gobierno de EU"},"content":{"rendered":"\n<p>El proyecto de ley, aprobado por ambas c\u00e1maras del Congreso, aplaza la financiaci\u00f3n para algunas agencias federales hasta el 1 de marzo.<\/p>\n\n\n\n<p>Tomado de El Financiero<\/p>\n\n\n\n<p>Justin Sinkenero<\/p>\n\n\n\n<p>Enero 19 de 2024<\/p>\n\n\n\n<p>El presidente de Estados Unidos, Joe Biden, firm\u00f3 una medida provisional de gasto que mantendr\u00e1 abiertos los departamentos y organismos federales hasta marzo, evitando as\u00ed un cierre parcial que comenzar\u00eda el s\u00e1bado.<\/p>\n\n\n\n<p>La ley -la tercera resoluci\u00f3n en cuatro meses- prorroga la financiaci\u00f3n de todas las agencias gubernamentales hasta el 1 de marzo.<\/p>\n\n\n\n<p>En ese momento, las operaciones no cr\u00edticas en el Departamento de Transporte, el Departamento de Energ\u00eda, el Departamento de Agricultura, la Administraci\u00f3n de Alimentos y Medicamentos, y Asuntos de Veteranos y la construcci\u00f3n militar se cerrar\u00edan, mientras que el resto del gobierno federal lo har\u00eda el 8 de marzo.<\/p>\n\n\n\n<p>En suspenso, acuerdo sobre inmigraci\u00f3n y ayuda a Ucrania<\/p>\n\n\n\n<p>Los legisladores conf\u00edan en que la pr\u00f3rroga sirva para concretar los detalles de un acuerdo entre el presidente de la C\u00e1mara de Representantes, Mike Johnson, y el l\u00edder de la mayor\u00eda en el Senado, Chuck Schumer, que fije en 1,66 billones de d\u00f3lares el gasto global para el a\u00f1o fiscal 2024.<\/p>\n\n\n\n<p>El IQ promedio en M\u00e9xico es 86. Haz este IQ Test y verifica si tu IQ es m\u00e1s alto<\/p>\n\n\n\n<p>Sin embargo, un importante grupo de republicanos de l\u00ednea dura de la C\u00e1mara de Representantes se ha mostrado contrario al acuerdo, lo que pone en peligro los esfuerzos por finalizar el trabajo. Dichos legisladores han pedido profundos recortes del gasto, as\u00ed como la adopci\u00f3n de nuevas leyes radicales para restringir la inmigraci\u00f3n ilegal.<\/p>\n\n\n\n<p>La Casa Blanca ha dicho que est\u00e1 abierta a cambios sustanciales en materia de inmigraci\u00f3n como parte de un acuerdo para desbloquear la ayuda adicional a Ucrania, y Schumer ha sugerido que un acuerdo bipartidista podr\u00eda darse a conocer tan pronto como la pr\u00f3xima semana, aunque se espera que ese acuerdo omita algunas de las disposiciones solicitadas por los conservadores.<\/p>\n\n\n\n<p>\u00bfQu\u00e9 significa el cierre de gobierno en Estados Unidos?<\/p>\n\n\n\n<p>De acuerdo con The New York Times, \u201cun cierre del gobierno implica la suspensi\u00f3n de muchas de sus operaciones hasta que el Congreso act\u00fae para volver a destinar recursos.\u201d<\/p>\n\n\n\n<p>Lo anterior significa que, durante el cierre administrativo, miles de empleados gubernamentales son suspendidos y enviados a casa sin sueldo ni trabajo, adem\u00e1s de que los ciudadanos deben enfrentar la interrupci\u00f3n de varios de los servicios p\u00fablicos.<\/p>\n\n\n\n<p>El \u00faltimo cierre de este tipo ocurri\u00f3 durante la presidencia del republicano Donald Trump (2017-2021) y fue, con 35 d\u00edas (del 22 de diciembre de 2018 al 29 de enero de 2019), el m\u00e1s largo de la historia en plenas fiestas navide\u00f1as.<\/p>\n\n\n\n<p>Con informaci\u00f3n de EFE<\/p>\n\n\n\n<figure class=\"wp-block-embed\"><div class=\"wp-block-embed__wrapper\">\nhttps:\/\/www.elfinanciero.com.mx\/bloomberg\/2024\/01\/19\/biden-firma-prorroga-presupuestaria-y-evita-cierre-del-gobierno-de-eu\/\n<\/div><\/figure>\n","protected":false},"excerpt":{"rendered":"<p>El proyecto de ley, aprobado por ambas c\u00e1maras del Congreso, aplaza la financiaci\u00f3n para algunas agencias federales hasta el 1 de marzo. Tomado de El Financiero Justin Sinkenero Enero 19 de 2024 El presidente de Estados Unidos, Joe Biden, firm\u00f3 una medida provisional de gasto que mantendr\u00e1 abiertos los departamentos y organismos federales hasta marzo, [&hellip;]<\/p>\n","protected":false},"author":1,"featured_media":4610,"comment_status":"open","ping_status":"open","sticky":false,"template":"","format":"standard","meta":{"content-type":"","footnotes":""},"categories":[114,7,105],"tags":[],"class_list":{"0":"post-4609","1":"post","2":"type-post","3":"status-publish","4":"format-standard","5":"has-post-thumbnail","7":"category-economia","8":"category-internacional","9":"category-principal"},"_links":{"self":[{"href":"https:\/\/www.regioncuatronoticias.com\/index.php\/wp-json\/wp\/v2\/posts\/4609","targetHints":{"allow":["GET"]}}],"collection":[{"href":"https:\/\/www.regioncuatronoticias.com\/index.php\/wp-json\/wp\/v2\/posts"}],"about":[{"href":"https:\/\/www.regioncuatronoticias.com\/index.php\/wp-json\/wp\/v2\/types\/post"}],"author":[{"embeddable":true,"href":"https:\/\/www.regioncuatronoticias.com\/index.php\/wp-json\/wp\/v2\/users\/1"}],"replies":[{"embeddable":true,"href":"https:\/\/www.regioncuatronoticias.com\/index.php\/wp-json\/wp\/v2\/comments?post=4609"}],"version-history":[{"count":1,"href":"https:\/\/www.regioncuatronoticias.com\/index.php\/wp-json\/wp\/v2\/posts\/4609\/revisions"}],"predecessor-version":[{"id":4611,"href":"https:\/\/www.regioncuatronoticias.com\/index.php\/wp-json\/wp\/v2\/posts\/4609\/revisions\/4611"}],"wp:featuredmedia":[{"embeddable":true,"href":"https:\/\/www.regioncuatronoticias.com\/index.php\/wp-json\/wp\/v2\/media\/4610"}],"wp:attachment":[{"href":"https:\/\/www.regioncuatronoticias.com\/index.php\/wp-json\/wp\/v2\/media?parent=4609"}],"wp:term":[{"taxonomy":"category","embeddable":true,"href":"https:\/\/www.regioncuatronoticias.com\/index.php\/wp-json\/wp\/v2\/categories?post=4609"},{"taxonomy":"post_tag","embeddable":true,"href":"https:\/\/www.regioncuatronoticias.com\/index.php\/wp-json\/wp\/v2\/tags?post=4609"}],"curies":[{"name":"wp","href":"https:\/\/api.w.org\/{rel}","templated":true}]}}