{"id":4564,"date":"2024-01-19T01:45:35","date_gmt":"2024-01-19T08:45:35","guid":{"rendered":"https:\/\/www.regioncuatronoticias.com\/?p=4564"},"modified":"2024-01-19T01:45:36","modified_gmt":"2024-01-19T08:45:36","slug":"xochitl-galvez-promete-no-culpar-al-pasado-por-fallas-en-caso-de-llegar-a-la-presidencia","status":"publish","type":"post","link":"https:\/\/www.regioncuatronoticias.com\/index.php\/2024\/01\/19\/xochitl-galvez-promete-no-culpar-al-pasado-por-fallas-en-caso-de-llegar-a-la-presidencia\/","title":{"rendered":"X\u00f3chitl G\u00e1lvez promete no culpar al pasado por fallas en caso de llegar a la presidencia"},"content":{"rendered":"\n<p>Tomado de Latinus<\/p>\n\n\n\n<p>Jes\u00fas Padilla\/Corresponsal<\/p>\n\n\n\n<p>Foto: Arturo Cerda<\/p>\n\n\n\n<p>Jueves 18 de enero del 2024<\/p>\n\n\n\n<p>Guanajuato.- La precandidata a la presidencia de M\u00e9xico por el PAN, PRI y PRD, X\u00f3chitl G\u00e1lvez, asegur\u00f3 que cuando llegue a la \u201csilla grandota\u201d no va a culpar a los expresidentes del pasado, incluido L\u00f3pez Obrador, y enfrentar\u00e1 a la delincuencia porque ella s\u00ed \u201ctiene las agallas\u201d.<\/p>\n\n\n\n<p>En su cierre de precampa\u00f1a desde la plaza c\u00edvica Miguel Hidalgo de Ac\u00e1mbaro, en Guanajuato, dijo que le dar\u00e1 todo el apoyo a Libia Denisse Garc\u00eda, candidata a gobernadora.<\/p>\n\n\n\n<p>\u201cAqu\u00ed con Libia, que va a tener en la silla grandota a una persona que va a apoyar a Guanajuato, que no le va a echar la culpa al pasado ni le va a echar la culpa a Calder\u00f3n, ni a Pe\u00f1a ni a L\u00f3pez Obrador. Le vamos a dar respuesta a Guanajuato como se debe, enfrentando a los delincuentes. Libia va a contar conmigo\u201d, dijo la senadora con licencia.<\/p>\n\n\n\n<p>La aspirante pidi\u00f3 al presidente Lopez Obrador que combata a la delincuencia en lugar de darles abrazos.<\/p>\n\n\n\n<p>\u201cEl presidente decidi\u00f3 darle abrazos a los delincuentes y balazos a los ciudadanos. El actual presidente no quiso enfrentar a la delincuencia, por eso Guanajuato est\u00e1 sufriendo, pero eso se va a acabar, porque yo s\u00ed voy a enfrentar a la delincuencia\u201d.<\/p>\n\n\n\n<p>Pidi\u00f3 a los guanajuatenses salir a las calles a convencer a los ciudadanos de hacer un cambio de gobierno.<\/p>\n\n\n\n<p>\u201cEs momento de entender que le entramos ahora o nunca, el pa\u00eds se nos va de las manos, por eso tenemos que dar la pelea m\u00e1s hist\u00f3rica, salgan a convencer, a caminar, los necesito\u201d, dijo ante miles de simpatizantes que portaban banderas y banderines azules.<\/p>\n\n\n\n<p>La precandidata estuvo acompa\u00f1ada por el dirigente nacional del PAN, Marko Cort\u00e9s, quien pidi\u00f3 apoyarla y defender la democracia desde Guanajuato que es un basti\u00f3n blanquiazul.<\/p>\n","protected":false},"excerpt":{"rendered":"<p>Tomado de Latinus Jes\u00fas Padilla\/Corresponsal Foto: Arturo Cerda Jueves 18 de enero del 2024 Guanajuato.- La precandidata a la presidencia de M\u00e9xico por el PAN, PRI y PRD, X\u00f3chitl G\u00e1lvez, asegur\u00f3 que cuando llegue a la \u201csilla grandota\u201d no va a culpar a los expresidentes del pasado, incluido L\u00f3pez Obrador, y enfrentar\u00e1 a la delincuencia [&hellip;]<\/p>\n","protected":false},"author":1,"featured_media":4565,"comment_status":"open","ping_status":"open","sticky":false,"template":"","format":"standard","meta":{"content-type":"","footnotes":""},"categories":[3,115,105],"tags":[],"class_list":{"0":"post-4564","1":"post","2":"type-post","3":"status-publish","4":"format-standard","5":"has-post-thumbnail","7":"category-mexico","8":"category-politica","9":"category-principal"},"_links":{"self":[{"href":"https:\/\/www.regioncuatronoticias.com\/index.php\/wp-json\/wp\/v2\/posts\/4564","targetHints":{"allow":["GET"]}}],"collection":[{"href":"https:\/\/www.regioncuatronoticias.com\/index.php\/wp-json\/wp\/v2\/posts"}],"about":[{"href":"https:\/\/www.regioncuatronoticias.com\/index.php\/wp-json\/wp\/v2\/types\/post"}],"author":[{"embeddable":true,"href":"https:\/\/www.regioncuatronoticias.com\/index.php\/wp-json\/wp\/v2\/users\/1"}],"replies":[{"embeddable":true,"href":"https:\/\/www.regioncuatronoticias.com\/index.php\/wp-json\/wp\/v2\/comments?post=4564"}],"version-history":[{"count":1,"href":"https:\/\/www.regioncuatronoticias.com\/index.php\/wp-json\/wp\/v2\/posts\/4564\/revisions"}],"predecessor-version":[{"id":4566,"href":"https:\/\/www.regioncuatronoticias.com\/index.php\/wp-json\/wp\/v2\/posts\/4564\/revisions\/4566"}],"wp:featuredmedia":[{"embeddable":true,"href":"https:\/\/www.regioncuatronoticias.com\/index.php\/wp-json\/wp\/v2\/media\/4565"}],"wp:attachment":[{"href":"https:\/\/www.regioncuatronoticias.com\/index.php\/wp-json\/wp\/v2\/media?parent=4564"}],"wp:term":[{"taxonomy":"category","embeddable":true,"href":"https:\/\/www.regioncuatronoticias.com\/index.php\/wp-json\/wp\/v2\/categories?post=4564"},{"taxonomy":"post_tag","embeddable":true,"href":"https:\/\/www.regioncuatronoticias.com\/index.php\/wp-json\/wp\/v2\/tags?post=4564"}],"curies":[{"name":"wp","href":"https:\/\/api.w.org\/{rel}","templated":true}]}}