{"id":44781,"date":"2026-09-05T15:34:05","date_gmt":"2026-09-05T22:34:05","guid":{"rendered":"https:\/\/www.regioncuatronoticias.com\/?p=44781"},"modified":"2026-09-05T15:34:07","modified_gmt":"2026-09-05T22:34:07","slug":"enrique-inzunza-el-mal-necesario-de-morena-en-el-senado-lo-repudian-pero-sin-el-pierden-la-mayoria","status":"publish","type":"post","link":"https:\/\/www.regioncuatronoticias.com\/index.php\/2026\/09\/05\/enrique-inzunza-el-mal-necesario-de-morena-en-el-senado-lo-repudian-pero-sin-el-pierden-la-mayoria\/","title":{"rendered":"Enrique Inzunza, el mal necesario de Morena en el Senado: lo repudian, pero sin \u00e9l pierden la mayor\u00eda"},"content":{"rendered":"\n<p class=\"wp-block-paragraph\"><strong>Pese a las acusaciones de Estados Unidos por narcotr\u00e1fico y al desd\u00e9n de su partido, el sinaloense Enrique Inzunza regres\u00f3 al Senado. Su salida de la bancada deja a la 4T a un voto de la mayor\u00eda calificada, convirti\u00e9ndolo en un inc\u00f3modo, pero imprescindible aliado para las reformas del oficialismo.<\/strong><\/p>\n\n\n\n<p class=\"wp-block-paragraph\">Tomado de Proceso<\/p>\n\n\n\n<p class=\"wp-block-paragraph\">Juan Carlos Cort\u00e9s<\/p>\n\n\n\n<p class=\"wp-block-paragraph\">S\u00e1bado 5 de septiembre de 2026<\/p>\n\n\n\n<p class=\"wp-block-paragraph\">CIUDAD DE M\u00c9XICO (Proceso).\u2013 Enrique Inzuzna regres\u00f3 al Senado pese al desd\u00e9n de los l\u00edderes morenistas. Una semana antes de que regresar\u00e1 a su curul, habl\u00f3 con su coordinador de bancada, Ignacio Mier, quien lo \u201cinvit\u00f3\u201d a que hiciera lo mismo que su amigo, el gobernador de Sinaloa con licencia, Rub\u00e9n Rocha Moya, y enfrentara las investigaciones de la Fiscal\u00eda General de la Rep\u00fablica (FGR), pero sin fuero.<\/p>\n\n\n\n<p class=\"wp-block-paragraph\">El senador sinaloense rechaz\u00f3 la \u201cinvitaci\u00f3n\u201d, que tambi\u00e9n le hizo la presidenta Claudia Sheinbaum, as\u00ed que decidi\u00f3 separarse de la bancada y enfrentar, ya sin el cobijo morenista todos los cuestionamientos en su contra.<\/p>\n\n\n\n<p class=\"wp-block-paragraph\">Sin embargo, esa decisi\u00f3n pone en riesgo la mayor\u00eda absoluta que ten\u00eda Morena y aliados, ya que, con su salida, el oficialismo se quedar\u00e1 con 85 legisladores, con lo que en el papel le faltar\u00e1 un voto para que, sin negociar, aprueben sus reformas prioritarias.<\/p>\n\n\n\n<p class=\"wp-block-paragraph\">Morena se quedar\u00eda con 65 senadores, el Partido Verde se mantendr\u00eda con 14 y el PT con seis. Para tener la mayor\u00eda calificada son necesarios 86 votos.<\/p>\n\n\n\n<p class=\"wp-block-paragraph\">Incluso, el presidente de Junta de Coordinaci\u00f3n Pol\u00edtica (Jucopo) en la C\u00e1mara de Diputados, Ricardo Monreal, advirti\u00f3 el riesgo de que Enrique Inzunza ya no pertenezca a la bancada oficialista.<\/p>\n\n\n\n<p class=\"wp-block-paragraph\">\u201cEn un extremo estricto se pierde. La mayor\u00eda calificada la tenemos con los aliados del Verde y del PT. Ah\u00ed es m\u00e1s estricta la mayor\u00eda calificada construirla. Apenas es un voto, es una ausencia. Pero yo entiendo que \u00e9l seguir\u00e1 unido a los principios del movimiento, no lo s\u00e9. Pero debe preocupar\u201d, detall\u00f3.<\/p>\n\n\n\n<p class=\"wp-block-paragraph\">Ignacio Mier tom\u00f3 a la ligera la salida de Inzunza, pero tambi\u00e9n expres\u00f3 cierta preocupaci\u00f3n por c\u00f3mo construir\u00e1n la mayor\u00eda calificada.<\/p>\n\n\n\n<p class=\"wp-block-paragraph\">Un d\u00eda despu\u00e9s, durante la instalaci\u00f3n del Congreso en la C\u00e1mara de Diputados, Ignacio Mier baj\u00f3 el tono con el que se manifest\u00f3 en d\u00edas anteriores, luego de que el legislador sinaloense no quiso pedir licencia.<\/p>\n\n\n\n<p class=\"wp-block-paragraph\">Cuestionado sobre si la presencia del sinaloense \u201cmancha\u201d al Senado, sali\u00f3 en su defensa y afirm\u00f3 que hasta el momento no se tiene ninguna prueba de un hecho delictivo por su parte.<\/p>\n\n\n\n<p class=\"wp-block-paragraph\">Cabe recordar que el gobierno estadunidense acusa a Inzunza y a Rocha Moya, entre otros funcionarios sinaloenses de estar ligados al C\u00e1rtel del Sinaloa, especialmente con la facci\u00f3n de los hijos del Chapo Guzm\u00e1n.&nbsp;<\/p>\n\n\n\n<p class=\"wp-block-paragraph\">\u201cYa dije que la imagen de una persona y sus cuestiones personales no tienen que ver. Nosotros en el Senado tenemos una circunstancia que est\u00e1 viendo personal de car\u00e1cter jurisdiccional, el senador Alejandro Moreno, y otra que no tiene ninguna prueba plena del senador Inzunza, pero eso no va a distraer el trabajo legislativo\u201d, dijo Mier.<\/p>\n\n\n\n<p class=\"wp-block-paragraph\">A su vez, el ahora senador \u201csin bancada\u201d, Enrique Inzunza, quien sigue ocupando el esca\u00f1o en la bancada morenista igual que su oficina, inform\u00f3 que seguir\u00e1 apoyando las iniciativas oficialistas, ya que son parte de su convicci\u00f3n.<\/p>\n\n\n\n<p class=\"wp-block-paragraph\">\u201cYo honro mis principios en cualquier circunstancia. Yo honro mis principios, y mis principios est\u00e1n con el pensamiento liberal, con el pensamiento constitucional del bienestar que, en este momento empuja el proyecto pol\u00edtico de Morena.&nbsp;<\/p>\n\n\n\n<p class=\"wp-block-paragraph\">\u201cEl que yo no est\u00e9 dentro de la bancada parlamentaria de Morena no implica que yo aplique de los principios en los que creo, de tal manera que siempre que haya una iniciativa que entienda, implica como prop\u00f3sito reforzar la garant\u00eda de la soberan\u00eda nacional, de afianzar derechos de los mexicanos, de generar prosperidad compartida, de generar justicia, bienestar en M\u00e9xico, contar\u00e1n mi apoyo sin reservas\u201d, explic\u00f3.&nbsp;<\/p>\n\n\n\n<p class=\"wp-block-paragraph\">Inzunza tambi\u00e9n neg\u00f3 que haya un acuerdo para que vote en favor de las iniciativas morenistas, pese a no estar en esa bancada o pertenecer a un partido aliado al oficialismo.<\/p>\n\n\n\n<p class=\"wp-block-paragraph\"><strong>Reclamos por el regreso<\/strong><\/p>\n\n\n\n<p class=\"wp-block-paragraph\">El lunes \u00faltimo, un d\u00eda antes al inicio del tercer periodo ordinario de la LXVI legislatura, y tras 125 d\u00edas de ausencia en el Senado, luego de las acusaciones de Estados Unidos, Enrique Inzunza reapareci\u00f3 sorpresivamente en el recinto legislativo.<\/p>\n\n\n\n<p class=\"wp-block-paragraph\">Su llegada tom\u00f3 por sorpresa a todos en el Senado, incluso a los morenistas que estaban eligiendo al nuevo presidente de la Mesa Directiva: Higinio Mart\u00ednez.<\/p>\n\n\n\n<p class=\"wp-block-paragraph\">La designaci\u00f3n de Mart\u00ednez pas\u00f3 a segundo plano despu\u00e9s de la reaparici\u00f3n del senador sinaloense.<\/p>\n\n\n\n<p class=\"wp-block-paragraph\">El presidente de la Jucopo, Ignacio Mier, ya sab\u00eda que ese d\u00eda pretend\u00eda acudir Enrique Inzunza, pero le recomend\u00f3 que fuera otro d\u00eda. Volvi\u00f3 a ser ignorado.<\/p>\n\n\n\n<p class=\"wp-block-paragraph\">Tras arribar de Inzunza al Senado fue bombardeado con preguntas de los reporteros. Las sorte\u00f3 enfatizando que no ten\u00eda v\u00ednculos con el crimen organizado y que todo era una embestida pol\u00edtica y no judicial en su contra; por lo que decidi\u00f3 no pedir licencia al cargo.<\/p>\n\n\n\n<p class=\"wp-block-paragraph\">Despu\u00e9s de eso, el senador volvi\u00f3 a ocupar su esca\u00f1o, entre morenistas, pese a los reclamos e indignaci\u00f3n de los senadores opositores.<\/p>\n\n\n\n<p class=\"wp-block-paragraph\">Inzunza entr\u00f3 al pleno despu\u00e9s de que sonar\u00e1 la campana que dio inici\u00f3 a la sesi\u00f3n, esto para evitar a los fotorreporteros que aguardaban enfrente de su esca\u00f1o tomar la imagen del d\u00eda.<\/p>\n\n\n\n<p class=\"wp-block-paragraph\">El sinaloense pas\u00f3 entre los esca\u00f1os y salud\u00f3 a los morenistas que se encontr\u00f3 en su camino; su compa\u00f1era, quien que ocupa el lugar continuo, Luc\u00eda Trasvi\u00f1a, lo salud\u00f3 y abraz\u00f3.<\/p>\n\n\n\n<p class=\"wp-block-paragraph\">Sin embargo, el presidente de la Jucopo y coordinador de la bancada morenista, Ignacio Mier, ignor\u00f3 su llegada igual que Ad\u00e1n Agusto L\u00f3pez.<\/p>\n\n\n\n<p class=\"wp-block-paragraph\">La sesi\u00f3n se mantuvo en hermetismo, ya que se esperaban los reclamos de la oposici\u00f3n, que se manifest\u00f3 principalmente por integrantes de las bancadas del PAN y el PRI.<\/p>\n\n\n\n<p class=\"wp-block-paragraph\">La primera que lo hizo fue la senadora priista por Sinaloa, Paloma S\u00e1nchez, quien coloc\u00f3 en el lugar de Inzunza y antes de que \u00e9ste llegara, un letrero con la leyenda \u201cNarcosenador\u201d.<\/p>\n\n\n\n<p class=\"wp-block-paragraph\">Adem\u00e1s, port\u00f3 un letrero con otra leyenda: \u201cNarcosenador + 3000 homicidios +4000 desapariciones en Sinaloa\u201d.<\/p>\n\n\n\n<p class=\"wp-block-paragraph\">La senadora del PAN, Lilly T\u00e9llez, encar\u00f3 al sinaloense y por medio de un video en vivo que transmiti\u00f3 en sus redes sociales afirm\u00f3 que su retorno significaba el momento m\u00e1s vergonzoso en la historia legislativa de M\u00e9xico.<\/p>\n\n\n\n<p class=\"wp-block-paragraph\">Luego, cuando Enrique Inzunza realiz\u00f3 su vot\u00f3 para elegir al nuevo presidente de la Mesa Directiva, la panista le grit\u00f3: \u201c\u00a1Fuera narcosenador! \u00a1Fuera del Pleno!\u201d<\/p>\n\n\n\n<p class=\"wp-block-paragraph\">Antes de que terminar\u00e1 la Sesi\u00f3n, Enrique Inzunza sali\u00f3 por el pasillo que est\u00e1 a un costado de la Mesa Directiva para evitar a la prensa.<\/p>\n\n\n\n<p class=\"wp-block-paragraph\">El primer d\u00eda de Sesiones del tercer a\u00f1o de la LXVI legislatura, su estancia en la Sesi\u00f3n fue m\u00e1s tersa, pese a que volvi\u00f3 a enfrentar los cuestionamientos de la prensa.<\/p>\n\n\n\n<p class=\"wp-block-paragraph\">Sin embargo, ese d\u00eda, el senador ya recibi\u00f3 el saludo de Ad\u00e1n Augusto L\u00f3pez, Gerardo Fern\u00e1ndez Noro\u00f1a, y m\u00e1s miembros de la bancada morenista.<\/p>\n\n\n\n<p class=\"wp-block-paragraph\">Enrique Inzunza no tuvo contratiempos, no fue removido de esca\u00f1o, su oficina se mantuvo sin cambios y la Comisi\u00f3n que preside no tuvo, hasta ahora, modificaciones.<\/p>\n\n\n\n<p class=\"wp-block-paragraph\">Despu\u00e9s de las acusaciones de Estados Unidos y la vor\u00e1gine que eso desat\u00f3, el sinaloense regres\u00f3 casi tres meses despu\u00e9s a su esca\u00f1o y sin mostrar alguna preocupaci\u00f3n ley\u00f3 un libro durante la primera sesi\u00f3n.<\/p>\n\n\n\n<p class=\"wp-block-paragraph\"><a href=\"https:\/\/www.proceso.com.mx\/nacional\/2026\/9\/5\/enrique-inzunza-el-mal-necesario-de-morena-en-el-senado-lo-repudian-pero-sin-el-pierden-la-mayoria-379399.html\">https:\/\/www.proceso.com.mx\/nacional\/2026\/9\/5\/enrique-inzunza-el-mal-necesario-de-morena-en-el-senado-lo-repudian-pero-sin-el-pierden-la-mayoria-379399.html<\/a><\/p>\n","protected":false},"excerpt":{"rendered":"<p>Pese a las acusaciones de Estados Unidos por narcotr\u00e1fico y al desd\u00e9n de su partido, el sinaloense Enrique Inzunza regres\u00f3 al Senado. Su salida de la bancada deja a la 4T a un voto de la mayor\u00eda calificada, convirti\u00e9ndolo en un inc\u00f3modo, pero imprescindible aliado para las reformas del oficialismo. Tomado de Proceso Juan Carlos [&hellip;]<\/p>\n","protected":false},"author":1,"featured_media":44782,"comment_status":"open","ping_status":"open","sticky":false,"template":"","format":"standard","meta":{"content-type":"","footnotes":""},"categories":[3,115,105],"tags":[],"class_list":["post-44781","post","type-post","status-publish","format-standard","has-post-thumbnail","category-mexico","category-politica","category-principal"],"_links":{"self":[{"href":"https:\/\/www.regioncuatronoticias.com\/index.php\/wp-json\/wp\/v2\/posts\/44781","targetHints":{"allow":["GET"]}}],"collection":[{"href":"https:\/\/www.regioncuatronoticias.com\/index.php\/wp-json\/wp\/v2\/posts"}],"about":[{"href":"https:\/\/www.regioncuatronoticias.com\/index.php\/wp-json\/wp\/v2\/types\/post"}],"author":[{"embeddable":true,"href":"https:\/\/www.regioncuatronoticias.com\/index.php\/wp-json\/wp\/v2\/users\/1"}],"replies":[{"embeddable":true,"href":"https:\/\/www.regioncuatronoticias.com\/index.php\/wp-json\/wp\/v2\/comments?post=44781"}],"version-history":[{"count":1,"href":"https:\/\/www.regioncuatronoticias.com\/index.php\/wp-json\/wp\/v2\/posts\/44781\/revisions"}],"predecessor-version":[{"id":44783,"href":"https:\/\/www.regioncuatronoticias.com\/index.php\/wp-json\/wp\/v2\/posts\/44781\/revisions\/44783"}],"wp:featuredmedia":[{"embeddable":true,"href":"https:\/\/www.regioncuatronoticias.com\/index.php\/wp-json\/wp\/v2\/media\/44782"}],"wp:attachment":[{"href":"https:\/\/www.regioncuatronoticias.com\/index.php\/wp-json\/wp\/v2\/media?parent=44781"}],"wp:term":[{"taxonomy":"category","embeddable":true,"href":"https:\/\/www.regioncuatronoticias.com\/index.php\/wp-json\/wp\/v2\/categories?post=44781"},{"taxonomy":"post_tag","embeddable":true,"href":"https:\/\/www.regioncuatronoticias.com\/index.php\/wp-json\/wp\/v2\/tags?post=44781"}],"curies":[{"name":"wp","href":"https:\/\/api.w.org\/{rel}","templated":true}]}}