{"id":44778,"date":"2026-09-05T15:30:30","date_gmt":"2026-09-05T22:30:30","guid":{"rendered":"https:\/\/www.regioncuatronoticias.com\/?p=44778"},"modified":"2026-09-05T15:30:31","modified_gmt":"2026-09-05T22:30:31","slug":"son-infiltrados-de-la-oposicion-o-estan-a-favor-de-candidatos-con-doble-nacionalidad-dice-sheinbaum-en-colima-a-inconformes-con-la-ampliacion-del-puerto-de-manzanillo","status":"publish","type":"post","link":"https:\/\/www.regioncuatronoticias.com\/index.php\/2026\/09\/05\/son-infiltrados-de-la-oposicion-o-estan-a-favor-de-candidatos-con-doble-nacionalidad-dice-sheinbaum-en-colima-a-inconformes-con-la-ampliacion-del-puerto-de-manzanillo\/","title":{"rendered":"\u201cSon infiltrados de la oposici\u00f3n o est\u00e1n a favor de candidatos con doble nacionalidad\u201d, dice Sheinbaum en Colima a inconformes con la ampliaci\u00f3n del puerto de Manzanillo"},"content":{"rendered":"\n<p class=\"wp-block-paragraph\"><strong>La mandataria asegur\u00f3 que atender\u00eda a los manifestantes al finalizar la asamblea, sin embargo, las protestas continuaron durante su intervenci\u00f3n, por lo que ella los acus\u00f3 de provocadores<\/strong><\/p>\n\n\n\n<p class=\"wp-block-paragraph\">Tomado de Latinus<\/p>\n\n\n\n<p class=\"wp-block-paragraph\">Jos\u00e9 Gerardo Mej\u00eda<\/p>\n\n\n\n<p class=\"wp-block-paragraph\">Molesta porque pescadores inconformes con la ampliaci\u00f3n del puerto de Manzanillo se hac\u00edan escuchar con meg\u00e1fonos durante el mensaje de la gobernadora de Colima, Indira Vizca\u00edno, la presidenta Claudia Sheinbaum primero los llam\u00f3 irrespetuosos, para luego se\u00f1alarlos de prianistas infiltrados.<\/p>\n\n\n\n<p class=\"wp-block-paragraph\">En su gira por dos a\u00f1os de su gobierno inici\u00f3 su mensaje recriminando tambi\u00e9n a ambientalistas, principalmente, quienes desde julio pasado han expresado su rechazo al proyecto aeroportuario por las posibles afectaciones que podr\u00eda generar en la Laguna de Cuyutl\u00e1n en la pesca y la producci\u00f3n de sal.<\/p>\n\n\n\n<p class=\"wp-block-paragraph\">\u201cS\u00e9 que por ah\u00ed hay unas personas que tienen algunas demandas. Leo ah\u00ed una manta que dice que no est\u00e1n de acuerdo con la ampliaci\u00f3n del puerto de Manzanillo\u201d, expres\u00f3.<\/p>\n\n\n\n<p class=\"wp-block-paragraph\">La mandataria asegur\u00f3 que \u201clo que hacemos siempre es dialogar\u201d, por lo que puso a votaci\u00f3n:&nbsp; \u201c\u00bfQui\u00e9n opina que sigan gritando mientras est\u00e1 el evento?\u201d.<\/p>\n\n\n\n<p class=\"wp-block-paragraph\">\u201cLevanten la mano, \u00bfqui\u00e9n opina que&#8230;? \u00bfNo? Ahora vamos a poner a votaci\u00f3n. \u00bfQui\u00e9n opina que respeten el evento? Y al final los recibo, los escucho. Bueno, mayor\u00eda\u201d, dijo luego de ver que la mayor\u00eda de los asistentes a su mitin levantaron las manos, pero los manifestantes segu\u00edan su protesta.<\/p>\n\n\n\n<p class=\"wp-block-paragraph\">Sheinbaum subray\u00f3, \u201cya si no respetan a la mayor\u00eda, pues es que son unos irrespetuosos, \u00bfverdad? Entonces, a los que gritan en este momento, los atiendo al final de la asamblea\u201d, ofreci\u00f3.<\/p>\n\n\n\n<p class=\"wp-block-paragraph\">\u201cY si siguen gritando, pues ya sabemos que son unos irrespetuosos, \u00bfcierto? Bueno, vamos a dar inicio. Les dec\u00eda que el primero de septiembre, el primero de septiembre, dice la Constituci\u00f3n que todos los presidentes debemos dar informe\u201d, comentaba, pero la del meg\u00e1fono puso a prueba sus pulmones e interrumpi\u00f3 nuevamente a Sheinbaum.<\/p>\n\n\n\n<p class=\"wp-block-paragraph\">\u201cYo decid\u00ed desde el a\u00f1o pasado que&#8230; Oigan, ya votamos, ya es la mayor\u00eda, \u00bfverdad? Por respeto, guarden silencio\u201d, aunque la protesta continu\u00f3 unos metros atr\u00e1s de la \u00faltima hilera de sillas.<\/p>\n\n\n\n<p class=\"wp-block-paragraph\">La mandataria record\u00f3 que envi\u00f3 una \u201ciniciativa de cambio en la Constituci\u00f3n, porque ning\u00fan presidente o presidenta debe tener doble nacionalidad, debe ser solamente mexicana a mexicano, no puede rendirle cuentas a otro pa\u00eds\u201d.<\/p>\n\n\n\n<p class=\"wp-block-paragraph\">\u201cQue quede claramente en la Constituci\u00f3n que cualquier presidente o presidenta no puede tener doble o triple nacionalidad, solamente mexicano o mexicano para rendirle cuentas al pueblo de M\u00e9xico y a la naci\u00f3n\u201d, enfatiz\u00f3.<\/p>\n\n\n\n<p class=\"wp-block-paragraph\">\u201c\u00bfQui\u00e9n est\u00e1 de acuerdo con esa propuesta?\u201d, pregunt\u00f3 de nuevo frente a decenas de manos alzadas, \u201cbajen la mano\u201d, pidi\u00f3.<\/p>\n\n\n\n<p class=\"wp-block-paragraph\">Sheinbaum ahora pregunt\u00f3: \u201c\u00bfQui\u00e9n est\u00e1 en contra? A lo mejor los que gritan por ah\u00ed\u201d, solt\u00f3.<\/p>\n\n\n\n<p class=\"wp-block-paragraph\">\u201cUnanimidad, s\u00f3lo un presidente puede serlo presidenta si es solamente mexicano, que no pertenezca a ninguna otra nacionalidad\u201d, agreg\u00f3.<\/p>\n\n\n\n<p class=\"wp-block-paragraph\">Cuando mencion\u00f3 a los expresidentes record\u00f3 que Carlos Salinas de Gortari remat\u00f3 empresas del estado mexicano y puso como ejemplo a TV Azteca. \u201cAntes eran canales del Estado mexicano, Inmevisi\u00f3n. Se la vendieron a Salinas Pliego. \u00bfY saben con qu\u00e9 dinero lo compr\u00f3? S\u00ed, tenemos memoria. Con un pr\u00e9stamo que le hizo (Ra\u00fal) hermano de Salinas de Gortari. Que despu\u00e9s estuvo preso\u201d, remarc\u00f3.<\/p>\n\n\n\n<p class=\"wp-block-paragraph\">En tanto comenz\u00f3 a escucharse el grito de \u201c\u00a1Fuera! \u00a1Fuera! \u00a1Fuera\u201d! Ante jaloneos que hab\u00eda con los inconformes, por lo que la mandataria pidi\u00f3, \u201chagan de cuenta que no est\u00e1n\u201d.<\/p>\n\n\n\n<p class=\"wp-block-paragraph\">\u201cNo, no, no, nada de violencia, nada, nada, nada. Son muy irrespetuosos\u201d, reiter\u00f3.<\/p>\n\n\n\n<p class=\"wp-block-paragraph\">La presidenta Sheinbaum consider\u00f3 que as\u00ed es el PRIAN, &#8220;seguro pertenecen al PRIAN. Aqu\u00ed de infiltrados\u201d.<\/p>\n\n\n\n<p class=\"wp-block-paragraph\">\u201cPorque si fuera una demanda leg\u00edtima, estar\u00edan de acuerdo en reunirnos para atender lo que est\u00e1n pidiendo, \u00bfverdad? Pero bueno, no vamos a caer en provocaci\u00f3n\u201d, aclar\u00f3.<\/p>\n\n\n\n<p class=\"wp-block-paragraph\">Ante la insistencia del reclamo con altavoz, la mandataria remat\u00f3, \u201cvamos a seguir recordando el pasado\u201d.&nbsp;<\/p>\n\n\n\n<p class=\"wp-block-paragraph\">\u201cYo creo que les duele cuando se recuerda el pasado, por eso gritan as\u00ed de fuerte, \u00bfverdad? Vamos a seguir con la asamblea\u201d, exigi\u00f3, pero la protesta sigui\u00f3.<\/p>\n\n\n\n<p class=\"wp-block-paragraph\"><a href=\"https:\/\/latinus.us\/mexico\/2026\/9\/5\/son-infiltrados-de-la-oposicion-estan-favor-de-candidatos-con-doble-nacionalidad-dice-sheinbaum-en-colima-inconformes-con-la-ampliacion-del-puerto-de-manzanillo-183506.html\">https:\/\/latinus.us\/mexico\/2026\/9\/5\/son-infiltrados-de-la-oposicion-estan-favor-de-candidatos-con-doble-nacionalidad-dice-sheinbaum-en-colima-inconformes-con-la-ampliacion-del-puerto-de-manzanillo-183506.html<\/a><\/p>\n","protected":false},"excerpt":{"rendered":"<p>La mandataria asegur\u00f3 que atender\u00eda a los manifestantes al finalizar la asamblea, sin embargo, las protestas continuaron durante su intervenci\u00f3n, por lo que ella los acus\u00f3 de provocadores Tomado de Latinus Jos\u00e9 Gerardo Mej\u00eda Molesta porque pescadores inconformes con la ampliaci\u00f3n del puerto de Manzanillo se hac\u00edan escuchar con meg\u00e1fonos durante el mensaje de la [&hellip;]<\/p>\n","protected":false},"author":1,"featured_media":44779,"comment_status":"open","ping_status":"open","sticky":false,"template":"","format":"standard","meta":{"content-type":"","footnotes":""},"categories":[3,115,105],"tags":[],"class_list":["post-44778","post","type-post","status-publish","format-standard","has-post-thumbnail","category-mexico","category-politica","category-principal"],"_links":{"self":[{"href":"https:\/\/www.regioncuatronoticias.com\/index.php\/wp-json\/wp\/v2\/posts\/44778","targetHints":{"allow":["GET"]}}],"collection":[{"href":"https:\/\/www.regioncuatronoticias.com\/index.php\/wp-json\/wp\/v2\/posts"}],"about":[{"href":"https:\/\/www.regioncuatronoticias.com\/index.php\/wp-json\/wp\/v2\/types\/post"}],"author":[{"embeddable":true,"href":"https:\/\/www.regioncuatronoticias.com\/index.php\/wp-json\/wp\/v2\/users\/1"}],"replies":[{"embeddable":true,"href":"https:\/\/www.regioncuatronoticias.com\/index.php\/wp-json\/wp\/v2\/comments?post=44778"}],"version-history":[{"count":1,"href":"https:\/\/www.regioncuatronoticias.com\/index.php\/wp-json\/wp\/v2\/posts\/44778\/revisions"}],"predecessor-version":[{"id":44780,"href":"https:\/\/www.regioncuatronoticias.com\/index.php\/wp-json\/wp\/v2\/posts\/44778\/revisions\/44780"}],"wp:featuredmedia":[{"embeddable":true,"href":"https:\/\/www.regioncuatronoticias.com\/index.php\/wp-json\/wp\/v2\/media\/44779"}],"wp:attachment":[{"href":"https:\/\/www.regioncuatronoticias.com\/index.php\/wp-json\/wp\/v2\/media?parent=44778"}],"wp:term":[{"taxonomy":"category","embeddable":true,"href":"https:\/\/www.regioncuatronoticias.com\/index.php\/wp-json\/wp\/v2\/categories?post=44778"},{"taxonomy":"post_tag","embeddable":true,"href":"https:\/\/www.regioncuatronoticias.com\/index.php\/wp-json\/wp\/v2\/tags?post=44778"}],"curies":[{"name":"wp","href":"https:\/\/api.w.org\/{rel}","templated":true}]}}