{"id":44775,"date":"2026-09-05T15:24:50","date_gmt":"2026-09-05T22:24:50","guid":{"rendered":"https:\/\/www.regioncuatronoticias.com\/?p=44775"},"modified":"2026-09-05T15:24:51","modified_gmt":"2026-09-05T22:24:51","slug":"ataque-armado-contra-elementos-de-la-sspc-en-veracruz-deja-dos-muertos-y-una-herida-informa-harfuch","status":"publish","type":"post","link":"https:\/\/www.regioncuatronoticias.com\/index.php\/2026\/09\/05\/ataque-armado-contra-elementos-de-la-sspc-en-veracruz-deja-dos-muertos-y-una-herida-informa-harfuch\/","title":{"rendered":"Ataque armado contra elementos de la SSPC en Veracruz deja dos muertos y una herida, informa Harfuch"},"content":{"rendered":"\n<p class=\"wp-block-paragraph\"><strong>Un ataque contra personal de la SSPC en Omealca, Veracruz, dej\u00f3 dos agentes muertos y una persona lesionada.<\/strong><\/p>\n\n\n\n<p class=\"wp-block-paragraph\">Tomado de El Financiero<\/p>\n\n\n\n<p class=\"wp-block-paragraph\">Redacci\u00f3n<\/p>\n\n\n\n<p class=\"wp-block-paragraph\">S\u00e1bado 5 de septiembre de 2026<\/p>\n\n\n\n<p class=\"wp-block-paragraph\">Dos agentes de la Secretar\u00eda de Seguridad y Protecci\u00f3n Ciudadana murieron en un enfrentamiento armado en Omealca, Veracruz, inform\u00f3 esta ma\u00f1ana Omar Garc\u00eda Harfuch, titular de la dependencia.<\/p>\n\n\n\n<p class=\"wp-block-paragraph\">El personal de seguridad realizaba tareas de investigaci\u00f3n en el municipio costero y fue agredido por presuntos integrantes de un grupo criminal.<\/p>\n\n\n\n<p class=\"wp-block-paragraph\">Garc\u00eda Harfuch no inform\u00f3 si los agentes respondieron a la agresi\u00f3n. En tanto, una tercera v\u00edctima est\u00e1 lesionada y recibe atenci\u00f3n m\u00e9dica tras el incidente.<\/p>\n\n\n\n<p class=\"wp-block-paragraph\">El secretario de Seguridad lament\u00f3 los hechos y expres\u00f3 sus condolencias a los familiares de los dos agentes muertos. Refrend\u00f3 el apoyo institucional a la otra investigadora herida.<\/p>\n\n\n\n<p class=\"wp-block-paragraph\">\u201cExpresamos nuestro m\u00e1s sentido p\u00e9same y solidaridad a las familias, compa\u00f1eros y seres queridos de nuestros agentes fallecidos. Reconocemos su valent\u00eda y compromiso con la protecci\u00f3n de la ciudadan\u00eda\u201d, escribi\u00f3 en su cuenta de X.<\/p>\n\n\n\n<p class=\"wp-block-paragraph\"><strong>Despliegan operativo para localizar a los presuntos agresores sin \u00e9xito<\/strong><\/p>\n\n\n\n<p class=\"wp-block-paragraph\">Luego de la agresi\u00f3n al personal de la SSPC, se despleg\u00f3 un operativo con ayuda de corporaciones estatales de Veracruz y Oaxaca, la Guardia Nacional, el Ej\u00e9rcito y la Marina.<\/p>\n\n\n\n<p class=\"wp-block-paragraph\">Hasta ahora no hay confirmaci\u00f3n de personas detenidas por este hecho.<\/p>\n\n\n\n<p class=\"wp-block-paragraph\">Omar Garc\u00eda Harfuch asegur\u00f3 que el delito no quedar\u00eda impune y que se seguir\u00edan informando respecto a esta agresi\u00f3n.<\/p>\n\n\n\n<p class=\"wp-block-paragraph\"><strong>\u00bfCu\u00e1les son los c\u00e1rteles que operan en Veracruz?<\/strong><\/p>\n\n\n\n<p class=\"wp-block-paragraph\">Grupos criminales operan desde hace d\u00e9cadas en el estado costero. La mayor\u00eda de ellas dedicadas al secuestro, la extorsi\u00f3n y el trasiego de drogas.<\/p>\n\n\n\n<p class=\"wp-block-paragraph\">En particular, las organizaciones antag\u00f3nicas se disputan el control del norte y sur del estado. En estas regiones se conoce que hay presencia de al menos tres c\u00e1rteles y m\u00faltiples c\u00e9lulas remanentes locales.<\/p>\n\n\n\n<p class=\"wp-block-paragraph\">El C\u00e1rtel Jalisco Nueva Generaci\u00f3n es una de las organizaciones m\u00e1s poderosas con presencia en Veracruz, Grupo Sombra, af\u00edn al C\u00e1rtel del Golfo y C\u00e1rtel de Sinaloa.<\/p>\n\n\n\n<p class=\"wp-block-paragraph\">Sin embargo, hay otras facciones como Los Zetas Vieja Escuela, C\u00e1rtel del Noreste, C\u00e1rtel de Nuevo Veracruz, Mando Sur, Maf\u00eda Veracruzana, quienes tambi\u00e9n buscan hacerse con el control del territorio para realizar actividades delictivas.<\/p>\n\n\n\n<p class=\"wp-block-paragraph\">En el \u00faltimo a\u00f1o, Veracruz fue escenario de actos violentos que provocaron indignaci\u00f3n a nivel federal, el caso m\u00e1s sonado fue el de la maestra jubilada Irma Hern\u00e1ndez, quien tuvo que trabajar como conductora de un taxi para subsistir.<\/p>\n\n\n\n<p class=\"wp-block-paragraph\">En 2025 fue localizada muerta y las versiones oficiales apuntaron a que fue privada de su libertad, torturada y asesinada por un grupo criminal dedicado al cobro de piso a los transportistas.<\/p>\n\n\n\n<p class=\"wp-block-paragraph\"><a href=\"https:\/\/www.elfinanciero.com.mx\/estados\/2026\/09\/05\/ataque-armado-contra-elementos-de-la-sspc-en-veracruz-deja-dos-muertos-y-una-herida-informa-harfuch\">https:\/\/www.elfinanciero.com.mx\/estados\/2026\/09\/05\/ataque-armado-contra-elementos-de-la-sspc-en-veracruz-deja-dos-muertos-y-una-herida-informa-harfuch<\/a><\/p>\n","protected":false},"excerpt":{"rendered":"<p>Un ataque contra personal de la SSPC en Omealca, Veracruz, dej\u00f3 dos agentes muertos y una persona lesionada. Tomado de El Financiero Redacci\u00f3n S\u00e1bado 5 de septiembre de 2026 Dos agentes de la Secretar\u00eda de Seguridad y Protecci\u00f3n Ciudadana murieron en un enfrentamiento armado en Omealca, Veracruz, inform\u00f3 esta ma\u00f1ana Omar Garc\u00eda Harfuch, titular de [&hellip;]<\/p>\n","protected":false},"author":1,"featured_media":44776,"comment_status":"open","ping_status":"open","sticky":false,"template":"","format":"standard","meta":{"content-type":"","footnotes":""},"categories":[3,105,113],"tags":[],"class_list":["post-44775","post","type-post","status-publish","format-standard","has-post-thumbnail","category-mexico","category-principal","category-seguridad"],"_links":{"self":[{"href":"https:\/\/www.regioncuatronoticias.com\/index.php\/wp-json\/wp\/v2\/posts\/44775","targetHints":{"allow":["GET"]}}],"collection":[{"href":"https:\/\/www.regioncuatronoticias.com\/index.php\/wp-json\/wp\/v2\/posts"}],"about":[{"href":"https:\/\/www.regioncuatronoticias.com\/index.php\/wp-json\/wp\/v2\/types\/post"}],"author":[{"embeddable":true,"href":"https:\/\/www.regioncuatronoticias.com\/index.php\/wp-json\/wp\/v2\/users\/1"}],"replies":[{"embeddable":true,"href":"https:\/\/www.regioncuatronoticias.com\/index.php\/wp-json\/wp\/v2\/comments?post=44775"}],"version-history":[{"count":1,"href":"https:\/\/www.regioncuatronoticias.com\/index.php\/wp-json\/wp\/v2\/posts\/44775\/revisions"}],"predecessor-version":[{"id":44777,"href":"https:\/\/www.regioncuatronoticias.com\/index.php\/wp-json\/wp\/v2\/posts\/44775\/revisions\/44777"}],"wp:featuredmedia":[{"embeddable":true,"href":"https:\/\/www.regioncuatronoticias.com\/index.php\/wp-json\/wp\/v2\/media\/44776"}],"wp:attachment":[{"href":"https:\/\/www.regioncuatronoticias.com\/index.php\/wp-json\/wp\/v2\/media?parent=44775"}],"wp:term":[{"taxonomy":"category","embeddable":true,"href":"https:\/\/www.regioncuatronoticias.com\/index.php\/wp-json\/wp\/v2\/categories?post=44775"},{"taxonomy":"post_tag","embeddable":true,"href":"https:\/\/www.regioncuatronoticias.com\/index.php\/wp-json\/wp\/v2\/tags?post=44775"}],"curies":[{"name":"wp","href":"https:\/\/api.w.org\/{rel}","templated":true}]}}