{"id":44753,"date":"2026-09-04T23:34:51","date_gmt":"2026-09-05T06:34:51","guid":{"rendered":"https:\/\/www.regioncuatronoticias.com\/?p=44753"},"modified":"2026-09-04T23:34:52","modified_gmt":"2026-09-05T06:34:52","slug":"el-factor-omar","status":"publish","type":"post","link":"https:\/\/www.regioncuatronoticias.com\/index.php\/2026\/09\/04\/el-factor-omar\/","title":{"rendered":"El factor Omar"},"content":{"rendered":"\n<p class=\"wp-block-paragraph\"><strong>Columna Olor A Dinero<\/strong><\/p>\n\n\n\n<p class=\"wp-block-paragraph\"><strong>Feliciano J. Espriella<\/strong><\/p>\n\n\n\n<p class=\"wp-block-paragraph\"><strong>El factor Omar<\/strong><\/p>\n\n\n\n<p class=\"wp-block-paragraph\"><strong>Viernes 4 de septiembre de 2026<\/strong><\/p>\n\n\n\n<p class=\"wp-block-paragraph\">Omar del Valle Colosio entr\u00f3 a la sucesi\u00f3n sonorense con una ventaja peculiar: puede competir por la gubernatura sin que una eventual derrota interna lo saque del tablero. Su preparaci\u00f3n, experiencia y disposici\u00f3n para jugar donde el movimiento lo necesite podr\u00edan convertirlo en una de las piezas m\u00e1s aprovechables de 2027.<\/p>\n\n\n\n<p class=\"wp-block-paragraph\">En pol\u00edtica, no siempre el personaje m\u00e1s interesante es quien aparece encabezando las apuestas.<\/p>\n\n\n\n<p class=\"wp-block-paragraph\">A veces conviene observar al que tiene varias casillas disponibles en el tablero.<\/p>\n\n\n\n<p class=\"wp-block-paragraph\">Y en la sucesi\u00f3n sonorense rumbo a 2027, Omar del Valle Colosio comienza a parecerse bastante a ese jugador.<\/p>\n\n\n\n<p class=\"wp-block-paragraph\">Hace unos d\u00edas lo tuvimos como invitado en la mesa de periodistas Kiosco Mayor. Lleg\u00f3, naturalmente, como aspirante a encabezar la transformaci\u00f3n en Sonora, pero conforme avanz\u00f3 la conversaci\u00f3n apareci\u00f3 algo quiz\u00e1 m\u00e1s interesante que su aspiraci\u00f3n inmediata: su capacidad para mantenerse pol\u00edticamente vigente cualquiera que sea el desenlace del proceso interno.<\/p>\n\n\n\n<p class=\"wp-block-paragraph\">No es poca cosa.<\/p>\n\n\n\n<p class=\"wp-block-paragraph\">Del Valle viene recorriendo el estado y asegura haber encontrado una ciudadan\u00eda bastante menos interesada en los pleitos entre pol\u00edticos que en problemas muy concretos: agua, servicios p\u00fablicos, atenci\u00f3n m\u00e9dica, seguridad y dinero suficiente en los bolsillos.<\/p>\n\n\n\n<p class=\"wp-block-paragraph\">Nada particularmente sofisticado.<\/p>\n\n\n\n<p class=\"wp-block-paragraph\">La gente quiere vivir mejor.<\/p>\n\n\n\n<p class=\"wp-block-paragraph\">Pero hubo una frase que me llam\u00f3 especialmente la atenci\u00f3n. Dijo que la pol\u00edtica no puede hacerse desde un escritorio esperando que solamente lleguen buenas noticias.<\/p>\n\n\n\n<p class=\"wp-block-paragraph\">Y tiene raz\u00f3n.<\/p>\n\n\n\n<p class=\"wp-block-paragraph\">Los recorridos sirven precisamente para escuchar tambi\u00e9n aquello que los colaboradores suelen ocultar y que las estad\u00edsticas muchas veces no alcanzan a explicar.<\/p>\n\n\n\n<p class=\"wp-block-paragraph\">Sin embargo, Omar tiene otra carta.<\/p>\n\n\n\n<p class=\"wp-block-paragraph\">Su curr\u00edculum.<\/p>\n\n\n\n<p class=\"wp-block-paragraph\">Economista por el Tecnol\u00f3gico de Monterrey, con maestr\u00eda en Pol\u00edtica P\u00fablica por Georgetown, experiencia en organismos internacionales, iniciativa privada, banca de inversi\u00f3n y distintas \u00e1reas del gobierno federal, Del Valle puede presumir algo poco frecuente entre quienes buscan cargos de elecci\u00f3n popular: conoce tanto la administraci\u00f3n p\u00fablica como el mundo de los negocios.<\/p>\n\n\n\n<p class=\"wp-block-paragraph\">En Sonora ya pas\u00f3 por dos \u00e1reas particularmente delicadas: Hacienda e Infraestructura.<\/p>\n\n\n\n<p class=\"wp-block-paragraph\">Es decir, sabe d\u00f3nde est\u00e1 el dinero y tambi\u00e9n lo complicado que resulta convertirlo en obras.<\/p>\n\n\n\n<p class=\"wp-block-paragraph\">Pero un buen curr\u00edculum no gana elecciones.<\/p>\n\n\n\n<p class=\"wp-block-paragraph\">Eso conviene dejarlo claro.<\/p>\n\n\n\n<p class=\"wp-block-paragraph\">La pol\u00edtica requiere estructura, territorio, conocimiento ciudadano, alianzas y, llegado el momento, votos. Ah\u00ed es precisamente donde Del Valle todav\u00eda tiene que demostrar si su preparaci\u00f3n t\u00e9cnica puede convertirse en capital pol\u00edtico suficiente para competir contra personajes con mayor posicionamiento.<\/p>\n\n\n\n<p class=\"wp-block-paragraph\">Y eso hace interesante su participaci\u00f3n.<\/p>\n\n\n\n<p class=\"wp-block-paragraph\">Porque Omar parece entenderlo.<\/p>\n\n\n\n<p class=\"wp-block-paragraph\">Durante la conversaci\u00f3n no apareci\u00f3 el cl\u00e1sico aspirante dispuesto a incendiar el partido si la candidatura no termina en sus manos. Por el contrario, repiti\u00f3 una f\u00f3rmula sencilla: sumar, sumar, sumar; incluir, incluir, incluir.<\/p>\n\n\n\n<p class=\"wp-block-paragraph\">Y cuando le preguntamos qu\u00e9 ocurrir\u00eda si la gubernatura termina favoreciendo a otro perfil, tampoco cerr\u00f3 la puerta a Hermosillo.<\/p>\n\n\n\n<p class=\"wp-block-paragraph\">Ah\u00ed puede estar la clave.<\/p>\n\n\n\n<p class=\"wp-block-paragraph\">Porque la capital ser\u00e1 una de las grandes batallas electorales de 2027.<\/p>\n\n\n\n<p class=\"wp-block-paragraph\">Morena y sus aliados necesitar\u00e1n un candidato competitivo frente a una oposici\u00f3n que gobierna actualmente el municipio y que, evidentemente, no piensa entregar la plaza sin pelear.<\/p>\n\n\n\n<p class=\"wp-block-paragraph\">Por eso Del Valle puede terminar siendo una pieza importante independientemente del resultado de la encuesta.<\/p>\n\n\n\n<p class=\"wp-block-paragraph\">Si crece lo suficiente, estar\u00e1 en condiciones de disputar la candidatura al Gobierno del Estado.<\/p>\n\n\n\n<p class=\"wp-block-paragraph\">Si no le alcanza, su perfil podr\u00eda colocarlo naturalmente en la conversaci\u00f3n por Hermosillo.<\/p>\n\n\n\n<p class=\"wp-block-paragraph\">Y si tampoco fuera \u00e9se el escenario, tiene edad, preparaci\u00f3n y trayectoria suficientes para seguir construyendo hacia adelante.<\/p>\n\n\n\n<p class=\"wp-block-paragraph\">Tiene 47 a\u00f1os.<\/p>\n\n\n\n<p class=\"wp-block-paragraph\">En pol\u00edtica, eso todav\u00eda significa tener mucho calendario por delante.<\/p>\n\n\n\n<p class=\"wp-block-paragraph\">Por supuesto, falta la prueba definitiva.<\/p>\n\n\n\n<p class=\"wp-block-paragraph\">Una cosa es administrar recursos, dise\u00f1ar pol\u00edticas p\u00fablicas o hablar de infraestructura, inversi\u00f3n y desarrollo econ\u00f3mico; otra muy distinta es conquistar electores.<\/p>\n\n\n\n<p class=\"wp-block-paragraph\">Ese examen todav\u00eda est\u00e1 pendiente.<\/p>\n\n\n\n<p class=\"wp-block-paragraph\">Pero despu\u00e9s de escucharlo en Kiosco Mayor me qued\u00f3 una impresi\u00f3n: Omar del Valle no parece estar jugando \u00fanicamente una candidatura.<\/p>\n\n\n\n<p class=\"wp-block-paragraph\">Est\u00e1 construyendo una carrera.<\/p>\n\n\n\n<p class=\"wp-block-paragraph\">Y eso, en una pol\u00edtica donde demasiados aspirantes se comportan como si la siguiente elecci\u00f3n fuera la \u00faltima oportunidad de sus vidas, puede convertirse parad\u00f3jicamente en una de sus principales fortalezas.<\/p>\n\n\n\n<p class=\"wp-block-paragraph\">Habr\u00e1 que seguirlo.<\/p>\n\n\n\n<p class=\"wp-block-paragraph\">Porque gane o no la primera partida, todo indica que el factor Omar seguir\u00e1 presente en el tablero sonorense.<\/p>\n\n\n\n<p class=\"wp-block-paragraph\">Esto fue apenas un adelanto. Si quieren profundizar en el tema, los invito a las 6:10 AM por La Caliente 90.7 FM. Mi buen amigo Jos\u00e9 \u00c1ngel Partida me abre nuevamente espacio en su noticiero para entrarle a fondo al an\u00e1lisis.<\/p>\n\n\n\n<p class=\"wp-block-paragraph\">Nos escuchamos por ah\u00ed.<\/p>\n\n\n\n<p class=\"wp-block-paragraph\">Por hoy fue todo. Gracias por su tolerancia y hasta la pr\u00f3xima.<\/p>\n","protected":false},"excerpt":{"rendered":"<p>Columna Olor A Dinero Feliciano J. Espriella El factor Omar Viernes 4 de septiembre de 2026 Omar del Valle Colosio entr\u00f3 a la sucesi\u00f3n sonorense con una ventaja peculiar: puede competir por la gubernatura sin que una eventual derrota interna lo saque del tablero. Su preparaci\u00f3n, experiencia y disposici\u00f3n para jugar donde el movimiento lo [&hellip;]<\/p>\n","protected":false},"author":1,"featured_media":44754,"comment_status":"open","ping_status":"open","sticky":false,"template":"","format":"standard","meta":{"content-type":"","footnotes":""},"categories":[127],"tags":[],"class_list":["post-44753","post","type-post","status-publish","format-standard","has-post-thumbnail","category-felicianojespriella"],"_links":{"self":[{"href":"https:\/\/www.regioncuatronoticias.com\/index.php\/wp-json\/wp\/v2\/posts\/44753","targetHints":{"allow":["GET"]}}],"collection":[{"href":"https:\/\/www.regioncuatronoticias.com\/index.php\/wp-json\/wp\/v2\/posts"}],"about":[{"href":"https:\/\/www.regioncuatronoticias.com\/index.php\/wp-json\/wp\/v2\/types\/post"}],"author":[{"embeddable":true,"href":"https:\/\/www.regioncuatronoticias.com\/index.php\/wp-json\/wp\/v2\/users\/1"}],"replies":[{"embeddable":true,"href":"https:\/\/www.regioncuatronoticias.com\/index.php\/wp-json\/wp\/v2\/comments?post=44753"}],"version-history":[{"count":1,"href":"https:\/\/www.regioncuatronoticias.com\/index.php\/wp-json\/wp\/v2\/posts\/44753\/revisions"}],"predecessor-version":[{"id":44755,"href":"https:\/\/www.regioncuatronoticias.com\/index.php\/wp-json\/wp\/v2\/posts\/44753\/revisions\/44755"}],"wp:featuredmedia":[{"embeddable":true,"href":"https:\/\/www.regioncuatronoticias.com\/index.php\/wp-json\/wp\/v2\/media\/44754"}],"wp:attachment":[{"href":"https:\/\/www.regioncuatronoticias.com\/index.php\/wp-json\/wp\/v2\/media?parent=44753"}],"wp:term":[{"taxonomy":"category","embeddable":true,"href":"https:\/\/www.regioncuatronoticias.com\/index.php\/wp-json\/wp\/v2\/categories?post=44753"},{"taxonomy":"post_tag","embeddable":true,"href":"https:\/\/www.regioncuatronoticias.com\/index.php\/wp-json\/wp\/v2\/tags?post=44753"}],"curies":[{"name":"wp","href":"https:\/\/api.w.org\/{rel}","templated":true}]}}