{"id":44750,"date":"2026-09-04T23:27:31","date_gmt":"2026-09-05T06:27:31","guid":{"rendered":"https:\/\/www.regioncuatronoticias.com\/?p=44750"},"modified":"2026-09-04T23:27:32","modified_gmt":"2026-09-05T06:27:32","slug":"con-mil-800-mdp-modernizaran-la-carretera-penasco-sonoyta","status":"publish","type":"post","link":"https:\/\/www.regioncuatronoticias.com\/index.php\/2026\/09\/04\/con-mil-800-mdp-modernizaran-la-carretera-penasco-sonoyta\/","title":{"rendered":"Con mil 800 mdp modernizar\u00e1n la carretera Pe\u00f1asco-Sonoyta"},"content":{"rendered":"\n<p class=\"wp-block-paragraph\"><strong>Columna El Zancudo<\/strong><\/p>\n\n\n\n<p class=\"wp-block-paragraph\"><strong>Arturo Soto Mungu\u00eda<\/strong><\/p>\n\n\n\n<p class=\"wp-block-paragraph\"><strong>Con mil 800 mdp modernizar\u00e1n la carretera Pe\u00f1asco-Sonoyta<\/strong><\/p>\n\n\n\n<p class=\"wp-block-paragraph\"><strong>Viernes 4 de septiembre de 2026<\/strong><\/p>\n\n\n\n<p class=\"wp-block-paragraph\"><strong>*El To\u00f1o Astiazar\u00e1n sigue ganando espacios en medios nacionales<\/strong><\/p>\n\n\n\n<p class=\"wp-block-paragraph\">Como lo hab\u00eda anunciado, el gobernador Alfonso Durazo dio ayer el banderazo de arranque a las obras de modernizaci\u00f3n de la carretera Sonoyta-Puerto Pe\u00f1asco, con una variante: de los 450 mdp que estaban programados para estos trabajos, el presupuesto aument\u00f3 a mil 800 millones.<\/p>\n\n\n\n<p class=\"wp-block-paragraph\">&nbsp;Esta inversi\u00f3n fue respaldada por la presidenta Claudia Sheinbaum, ante quien el gobernador hizo las gestiones correspondientes para ampliar el presupuesto para una obra que habr\u00e1 de potenciar la econom\u00eda mediante la atracci\u00f3n del turismo, especialmente el que llega de EEUU con billetes verdes en las bolsas.<\/p>\n\n\n\n<p class=\"wp-block-paragraph\">&nbsp;\u201cUna inversi\u00f3n de mil 800 mdp no se consigue todos los d\u00edas\u201d, mencion\u00f3 Durazo Monta\u00f1o durante el evento, en el que estuvo acompa\u00f1ado del subsecretario de la SICT, Juan Carlos Fuentes Orrala, que a su vez subray\u00f3 la importancia de estas obras en una carretera que ofrece movilidad y desarrollo con seguridad para el intercambio comercial y el crecimiento del turismo.<\/p>\n\n\n\n<p class=\"wp-block-paragraph\">&nbsp;Adem\u00e1s del mejoramiento de m\u00e1s de 88 kil\u00f3metros enesa r\u00faa, complementariamente se intervendr\u00e1 el bulevar de acceso a Puerto Pe\u00f1asco y la vialidad a la garita de Lukeville en Sonoyta.<\/p>\n\n\n\n<p class=\"wp-block-paragraph\">&nbsp;<strong>II<\/strong><\/p>\n\n\n\n<p class=\"wp-block-paragraph\">&nbsp;El alcalde de Hermosillo, Antonio Astiazar\u00e1n sigue ganando espacios en medios nacionales a partir de las pol\u00edticas p\u00fablicas relacionadas con la sustentabilidad y la movilidad.<\/p>\n\n\n\n<p class=\"wp-block-paragraph\">&nbsp;Son varios los diarios y revistas de circulaci\u00f3n nacional que han publicado encuestas, sondeos y reportajes sobre lo que se est\u00e1 haciendo en Hermosillo en esos y otros rubros, posicionando al alcalde entre los mejores evaluados del pa\u00eds.<\/p>\n\n\n\n<p class=\"wp-block-paragraph\">&nbsp;Esta vez fue El Heraldo de M\u00e9xico el que destac\u00f3 algunos de los programas se\u00f1eros de la actual administraci\u00f3n municipal, como el de paneles solares, el HBus, las patrullas el\u00e9ctricas, centros de monitorio, espacios deportivos, el centro de respuesta inmediata, el c\u00e1rcamo norte, el presupuesto CREES, as\u00ed como algunas obras: cruceros de concreto, el libramiento norponiente, el paso a desnivel en Colosio y Solidaridad, los corredores Camina Segura, la modernizaci\u00f3n del Muelle de Bah\u00eda de Kino y eventos como el Festival del Globo, el Foro Mundial de Energ\u00eda Solar, Hermosillo 47, el Congreso de la Familia, las Fiestas del Pitic, el Taco Fest y el Dogo Fest entre otros.<\/p>\n\n\n\n<p class=\"wp-block-paragraph\">&nbsp;No se le puede regatear al To\u00f1o su protagonismo como el alcalde m\u00e1s din\u00e1mico y con mayor iniciativa en Sonora.<\/p>\n\n\n\n<p class=\"wp-block-paragraph\">&nbsp;<strong>III<\/strong><\/p>\n\n\n\n<p class=\"wp-block-paragraph\">&nbsp;La que no se quiere despedir de las labores legislativas sin haber dejado huella de su paso por el Congreso es la diputada Marcela \u2018MAVAL\u2019 Valenzuela, no solo en materia de iniciativas presentadas, sino en el acercamiento con todos los sectores de la sociedad nogalense y autoridades norteamericanas, esto \u00faltimo un factor clave para cualquier servidor p\u00fablico cuya carrera est\u00e9 fincada en la franja fronteriza.<\/p>\n\n\n\n<p class=\"wp-block-paragraph\">&nbsp;Un d\u00eda est\u00e1 legislando en favor de la protecci\u00f3n de los derechos de las infancias, al siguiente en materia de la equidad de g\u00e9nero y la igualdad de oportunidades para mujeres; otro d\u00eda est\u00e1 reunida con deportistas entregando apoyos o apuntalando programas estatales como el de Becas Sonora de Oportunidades.<\/p>\n\n\n\n<p class=\"wp-block-paragraph\">&nbsp;Empresaria, deportista, funcionaria; heredera de una marca (MAVAL, acr\u00f3nimo del nombre de su padre, Marco Antonio Valenzuela) hoy se encuentra preparando una serie de actividades para honrar la memoria de su padre que falleci\u00f3 un 13 de febrero hace 5 a\u00f1os (la fecha coincide con la creaci\u00f3n de la fundaci\u00f3n) de las que pronto les tendremos el programa completo.<\/p>\n\n\n\n<p class=\"wp-block-paragraph\">&nbsp;Por lo pronto, entrevistada en los micr\u00f3fonos de Radio Sol durante el programa Lenguas Vespertinas que se transmite lunes a viernes de 5 a 6 de la tarde por el 104.7 FM de Hermosillo y tambi\u00e9n por Facebook y YouTube, inform\u00f3 de las gestiones que lleva a cabo para la construcci\u00f3n de un mercado municipal para Nogales.<\/p>\n\n\n\n<p class=\"wp-block-paragraph\">&nbsp;Aunque usted no lo crea, Nogales es la \u00fanica ciudad fronteriza que no tiene mercado municipal, lo que es francamente incomprensible considerando la riqu\u00edsima historia de esa ciudad, por lo que la diputada ha puesto manos a la obra, iniciando las gestiones en oficinas gubernamentales y con el sector empresarial nogalense, con el que acaba de tener un encuentro donde este fue el tema central.<\/p>\n\n\n\n<p class=\"wp-block-paragraph\">&nbsp;La idea fue muy bien recibida y no pod\u00eda ser de otra forma, pues los mercados municipales son, el sitio de encuentro de todos los sectores sociales, representan un atractivo tur\u00edstico y un centro de intercambio comercial y de oferta gastron\u00f3mica.<\/p>\n\n\n\n<p class=\"wp-block-paragraph\">&nbsp;Esta es una buena noticia para Nogales y sus habitantes. Las gestiones ya comenzaron; se est\u00e1 buscando el sitio donde pudiera estar ubicado y ya hay conversaciones con el gremio de ingenieros y arquitectos para materializar la idea. Bien ah\u00ed.<\/p>\n\n\n\n<p class=\"wp-block-paragraph\">&nbsp;<strong>IV<\/strong><\/p>\n\n\n\n<p class=\"wp-block-paragraph\">&nbsp;Nos llegan reportes de que \u2018tron\u00f3\u2019 el evento que el PRD Sonora (en azaroso proceso de mutar a MACISO) ten\u00eda programado para el pr\u00f3ximo domingo 5 de septiembre en el hotel Holiday Inn de Hermosillo.<\/p>\n\n\n\n<p class=\"wp-block-paragraph\">&nbsp;En este encuentro rendir\u00edan protesta 25 nuevos dirigentes municipales de ese partido y el encargado de tomarles dicha protesta ser\u00eda nada m\u00e1s y nada menos que el alcalde Antonio Astiazar\u00e1n Guti\u00e9rrez.<\/p>\n\n\n\n<p class=\"wp-block-paragraph\">&nbsp;Pero echaron para atr\u00e1s los \u2018fielders\u2019 porque hubo protestas de algunos consejeros estatales y otros personajes hist\u00f3ricos del PRD; se habla de que Myrna Leyva, la secretaria general en el Comit\u00e9 Estatal que preside Joel Ram\u00edrez ya \u201cle avent\u00f3 con los fierros\u201d y no va a validar el evento del domingo- Desde Etchojoa, otro de los militantes hist\u00f3ricos del PRD, Juan Jos\u00e9 \u201cEl Chino\u201d Lam tampoco estuvo de acuerdo con la organizaci\u00f3n ni la agenda de ese evento.<\/p>\n\n\n\n<p class=\"wp-block-paragraph\">&nbsp;El motivo: argumentan que de los 25 nuevos dirigentes municipales, 15 ser\u00edan cuadros provenientes del PRI y el PAN, impulsados por los operadores de la mutaci\u00f3n del PRD a MACISO, se\u00f1aladamente el priista Jos\u00e9 Encarnaci\u00f3n \u201cPepechon\u201d Alfaro que, nos reportan, ya comenz\u00f3 a tener diferencias con Joel Ram\u00edrez.<\/p>\n\n\n\n<p class=\"wp-block-paragraph\">&nbsp;De hecho, los reportes hechos llegar hasta este escritorio indican que el mism\u00edsimo Ren\u00e9 Noriega, el m\u00e1s fiel escudero de Joel Ram\u00edrez ya rompi\u00f3 con el dirigente estatal, b\u00e1sicamente por el desaseo con el que se est\u00e1 conduciendo.<\/p>\n\n\n\n<p class=\"wp-block-paragraph\">&nbsp;Se sabe que desde principios de a\u00f1o, el ex dirigente estatal perredista, Carlos Navarro L\u00f3pez viene denunciando una serie de irregularidades que no solo tienen que ver con la opacidad en el manejo de las prerrogativas del partido (unos siete millones de pesos), sino con la intromisi\u00f3n de personajes ajenos al perredismo que est\u00e1n operando para cambiar de nombre, logo y documentos b\u00e1sicos del PRD.<\/p>\n\n\n\n<p class=\"wp-block-paragraph\">&nbsp;La intenci\u00f3n, ha posteado en su cuenta de X, es que, una vez transformado en MACISO, el PRD pase a integrarse al bloque opositor que apoya la precandidatura del To\u00f1o Astiazar\u00e1n a la gubernatura, con lo que algunos perredistas no est\u00e1n de acuerdo -particularmente los de la corriente Nueva Izquierda- y han emprendido un litigio para mantener al PRD como tal, desechando la idea de la mutaci\u00f3n.<\/p>\n\n\n\n<p class=\"wp-block-paragraph\">&nbsp;Una mutaci\u00f3n que ha resultado m\u00e1s complicada de lo que pensaban, pues en el proceso se han venido acumulando litigios varios, incluso uno relacionado con la falsificaci\u00f3n de firmas para la validaci\u00f3n de sesiones del Consejo Estatal. El IEE asign\u00f3 un perito para cotejar dichas firmas y confirm\u00f3 que varias fueron falsificadas, incluyendo la de otro hist\u00f3rico perredista como Juan Manuel \u00c1vila F\u00e9lix.<\/p>\n\n\n\n<p class=\"wp-block-paragraph\">&nbsp;Por lo pronto todo parece indicar que a Joel Ram\u00edrez se le est\u00e1 haciendo bolas el engrudo, ha entrado en conflicto con su propia gente y eso ha motivado que el evento del domingo se cancele.<\/p>\n\n\n\n<p class=\"wp-block-paragraph\">&nbsp;Parafraseando el viejo adagio, partido chico, infierno grande.<\/p>\n\n\n\n<p class=\"wp-block-paragraph\"><strong>&nbsp;Tambi\u00e9n me puedes seguir en X: @Chaposoto<\/strong><\/p>\n\n\n\n<p class=\"wp-block-paragraph\"><strong>Visita www.elzancudo.com.mx<\/strong><\/p>\n","protected":false},"excerpt":{"rendered":"<p>Columna El Zancudo Arturo Soto Mungu\u00eda Con mil 800 mdp modernizar\u00e1n la carretera Pe\u00f1asco-Sonoyta Viernes 4 de septiembre de 2026 *El To\u00f1o Astiazar\u00e1n sigue ganando espacios en medios nacionales Como lo hab\u00eda anunciado, el gobernador Alfonso Durazo dio ayer el banderazo de arranque a las obras de modernizaci\u00f3n de la carretera Sonoyta-Puerto Pe\u00f1asco, con una [&hellip;]<\/p>\n","protected":false},"author":1,"featured_media":44751,"comment_status":"open","ping_status":"open","sticky":false,"template":"","format":"standard","meta":{"content-type":"","footnotes":""},"categories":[125],"tags":[],"class_list":["post-44750","post","type-post","status-publish","format-standard","has-post-thumbnail","category-arturo-soto-munguia"],"_links":{"self":[{"href":"https:\/\/www.regioncuatronoticias.com\/index.php\/wp-json\/wp\/v2\/posts\/44750","targetHints":{"allow":["GET"]}}],"collection":[{"href":"https:\/\/www.regioncuatronoticias.com\/index.php\/wp-json\/wp\/v2\/posts"}],"about":[{"href":"https:\/\/www.regioncuatronoticias.com\/index.php\/wp-json\/wp\/v2\/types\/post"}],"author":[{"embeddable":true,"href":"https:\/\/www.regioncuatronoticias.com\/index.php\/wp-json\/wp\/v2\/users\/1"}],"replies":[{"embeddable":true,"href":"https:\/\/www.regioncuatronoticias.com\/index.php\/wp-json\/wp\/v2\/comments?post=44750"}],"version-history":[{"count":1,"href":"https:\/\/www.regioncuatronoticias.com\/index.php\/wp-json\/wp\/v2\/posts\/44750\/revisions"}],"predecessor-version":[{"id":44752,"href":"https:\/\/www.regioncuatronoticias.com\/index.php\/wp-json\/wp\/v2\/posts\/44750\/revisions\/44752"}],"wp:featuredmedia":[{"embeddable":true,"href":"https:\/\/www.regioncuatronoticias.com\/index.php\/wp-json\/wp\/v2\/media\/44751"}],"wp:attachment":[{"href":"https:\/\/www.regioncuatronoticias.com\/index.php\/wp-json\/wp\/v2\/media?parent=44750"}],"wp:term":[{"taxonomy":"category","embeddable":true,"href":"https:\/\/www.regioncuatronoticias.com\/index.php\/wp-json\/wp\/v2\/categories?post=44750"},{"taxonomy":"post_tag","embeddable":true,"href":"https:\/\/www.regioncuatronoticias.com\/index.php\/wp-json\/wp\/v2\/tags?post=44750"}],"curies":[{"name":"wp","href":"https:\/\/api.w.org\/{rel}","templated":true}]}}