{"id":44738,"date":"2026-09-04T23:03:48","date_gmt":"2026-09-05T06:03:48","guid":{"rendered":"https:\/\/www.regioncuatronoticias.com\/?p=44738"},"modified":"2026-09-04T23:03:49","modified_gmt":"2026-09-05T06:03:49","slug":"los-otros-datos-que-duelen","status":"publish","type":"post","link":"https:\/\/www.regioncuatronoticias.com\/index.php\/2026\/09\/04\/los-otros-datos-que-duelen\/","title":{"rendered":"Los otros datos que duelen"},"content":{"rendered":"\n<p class=\"wp-block-paragraph\"><strong>Columna Archivo Confidencial<\/strong><\/p>\n\n\n\n<p class=\"wp-block-paragraph\"><strong>Armando V\u00e1squez Alegr\u00eda<\/strong><\/p>\n\n\n\n<p class=\"wp-block-paragraph\"><strong>Los otros datos que duelen<\/strong><\/p>\n\n\n\n<p class=\"wp-block-paragraph\"><strong>Viernes 4 de septiembre de 2026<\/strong><\/p>\n\n\n\n<p class=\"wp-block-paragraph\"><strong>A\u00daN RECUERDO AQUELLA<\/strong> frase c\u00ednica del ex gobernador sonorense Guillermo Padr\u00e9s cuando se atrevi\u00f3 a se\u00f1alar: &#8220;vamos bien, vamos muy bien&#8221;, palabras que tambi\u00e9n repitieron AMLO y ahora Claudia Sheinbaum. Pero no es cierto, no estamos ni remotamente bien.<\/p>\n\n\n\n<p class=\"wp-block-paragraph\">A\u00fan creen los de la 4T que M\u00e9xico es una isla y que sus \u201cotros datos\u201d son los que valen. Los verdaderos que nos han dibujado una realidad alterna donde la mentira es el ingrediente principal \u201cal cabo que los mexicanos todo se creen o no averiguan nada. Son f\u00e1cil de verles la cara\u201d, han de pensar.<\/p>\n\n\n\n<p class=\"wp-block-paragraph\">A dos a\u00f1os del sexenio de Sheinbaum, los indicadores internacionales destrozan su palabrer\u00eda y credibilidad. Los n\u00fameros no casan como este gobierno pretende hacernos creer y puedo apostar que esa es la raz\u00f3n por la cual realizan tantas acciones de control pues saben que est\u00e1n mal y tarde o temprano el pa\u00eds va a implosionar, primero, y reventar despu\u00e9s.<\/p>\n\n\n\n<p class=\"wp-block-paragraph\">\u00bfC\u00f3mo nos ve el planeta en este corte de caja bienal? La respuesta no habita en la narrativa oficial de las ma\u00f1aneras, sino en una radiograf\u00eda global que desmenuza el comportamiento de nuestras instituciones, econom\u00eda y nuestra convivencia social durante 2025, actualizados, la mayor\u00eda de los indicadores, al segundo informe de gobierno.<\/p>\n\n\n\n<p class=\"wp-block-paragraph\">De un total de 21 indicadores clave evaluados por organismos internacionales en materia de gobernanza, econom\u00eda, competitividad y desarrollo, el M\u00e9xico real se asoma al abismo institucional con un saldo lapidario: \u00fanicamente en seis de ellos nuestro pa\u00eds logra mantenerse a flote en terreno positivo o de fortaleza estructural. El resto \u2014un bloque monol\u00edtico de quince variables cr\u00edticas\u2014 dibuja una naci\u00f3n a la baja, estancada en el rezago o atrapada en un preocupante deterioro de sus instituciones.<\/p>\n\n\n\n<p class=\"wp-block-paragraph\">M\u00e9xico conserva un desempe\u00f1o favorable en el \u00cdndice de Felicidad (puesto 36 en el mundo), el volumen macroecon\u00f3mico de su PIB global (estamos en el top 15), su privilegiada condici\u00f3n de Naci\u00f3n Megadiversa en biodiversidad, un \u00cdndice de Desarrollo Humano sostenido en el lugar 81 a pesar de las disparidades, la inercia masiva del Turismo Internacional (Top 10) y, de manera muy destacada, contamos con un Patrimonio Cultural y una inmensa riqueza hist\u00f3rica, gastron\u00f3mica y la potencia magn\u00e9tica de nuestras tradiciones que brillan en el exterior aun cuando el pa\u00eds se est\u00e9 cayendo en pedazos.<\/p>\n\n\n\n<p class=\"wp-block-paragraph\">\u00bfExagero?, veamos, ojo, es el comportamiento del 2025-2026:<\/p>\n\n\n\n<p class=\"wp-block-paragraph\">En el primero de tres bloques los indicadores internacionales reflejan el desplome institucional y democr\u00e1tico. En estos dos \u00faltimos a\u00f1os el \u00cdndice de Prosperidad de Legatum (la fuente), nos hunde catorce posiciones hasta el lugar 85; The Economist Intelligence Unit degrada a M\u00e9xico al casillero 81, encasill\u00e1ndonos formalmente como un r\u00e9gimen h\u00edbrido; la libertad individual y de prensa se desploma diecisiete pelda\u00f1os (puesto 108); la paz civil cae a tr\u00e1gicos niveles en el lugar 125; y la percepci\u00f3n de corrupci\u00f3n se mantiene estancada en el pantanoso sitio 141 de 182 evaluados por Transparencia Internacional.<\/p>\n\n\n\n<p class=\"wp-block-paragraph\">El segundo flanco muestra el colapso de la competitividad y el engranaje productivo. Lejos del discurso triunfalista del nearshoring y el capital fresco, la Inversi\u00f3n Extranjera Directa &#8220;nueva&#8221; retrocede al lugar 56; el Ranking Mundial de Competitividad nos rebaja al sitio 62; la Productividad Total de los Factores cede terreno hasta el pelda\u00f1o 88; y la trampa laboral se profundiza con una tasa de informalidad que trepa hasta el 54.2% de la poblaci\u00f3n ocupada, consolidando un modelo de precarizaci\u00f3n masiva.<\/p>\n\n\n\n<p class=\"wp-block-paragraph\">Finalmente, el tercer bloque expone la herida abierta en el bienestar social y la seguridad humana. Con un \u00cdndice de Paz Global que nos confina al vergonzoso lugar 135 de 163, un rendimiento educativo estancado cr\u00f3nicamente en el tercio inferior de las evaluaciones de la OCDE, una calidad de vida que cae al sitio 81 seg\u00fan Numbeo, y un sistema de salud donde los mexicanos cargan con el m\u00e1ximo hist\u00f3rico de gasto de bolsillo por la nula cobertura efectiva, el saldo es evidente.<\/p>\n\n\n\n<p class=\"wp-block-paragraph\">En el epicentro de esta crisis se encuentra la inseguridad, que no solo lacera el tejido social, sino que asfixia la econom\u00eda nacional: de acuerdo con las mediciones del Instituto para la Econom\u00eda y la Paz, la violencia le cost\u00f3 a M\u00e9xico la friolera de 4.1 billones de pesos \u00fanicamente durante el 2025 \u2014un impacto brutal equivalente al 11% del PIB nacional y a unos 30 mil pesos de p\u00e9rdida por cada habitante\u2014.<\/p>\n\n\n\n<p class=\"wp-block-paragraph\">Entidades como Colima (consagrado de forma recurrente como el estado menos pac\u00edfico con tasas de homicidio desproporcionadas), Sinaloa (convertido en epicentro de confrontaciones armadas de alto impacto), adem\u00e1s de regiones cr\u00edticas como Guerrero y Morelos, Michoac\u00e1n, Chiapas y otros m\u00e1s, padecen el verdadero rostro del colapso de la seguridad p\u00fablica.<\/p>\n\n\n\n<p class=\"wp-block-paragraph\">Mientras el poder insiste en recetar optimismo artificial, los datos del mundo real dictan una sentencia inapelable. En estos dos a\u00f1os de Sheinbaum hemos pagado y vivido en carne propia las severas consecuencias de las malas decisiones del sexenio pasado, heredando una realidad nacional que pesa, corroe y desgasta todos los d\u00edas.<\/p>\n\n\n\n<p class=\"wp-block-paragraph\">&nbsp;Y claro, pretenden seguir enga\u00f1\u00e1ndonos con saliva, repitiendo el viejo estribillo de que &#8220;vamos bien, vamos muy bien&#8221;, cuando la radiograf\u00eda del mundo nos demuestra, con cifras y datos irrefutables, que no es as\u00ed. En ninguna ma\u00f1anera podr\u00e1n maquillar jam\u00e1s lo que los n\u00fameros, la calle y las ruinas de nuestra seguridad se empe\u00f1an en gritar: M\u00e9xico se desmorona en el terreno institucional mientras el poder aplaude su propia simulaci\u00f3n. Pero no me crea, mejor cheque la tabla de indicadores internacionales: https:\/\/n9.cl\/4j8eg7<\/p>\n\n\n\n<p class=\"wp-block-paragraph\"><strong>EN FIN,<\/strong> por hoy es todo, el lunes le seguimos si Dios quiere.<\/p>\n\n\n\n<p class=\"wp-block-paragraph\"><strong>Armando V\u00e1squez Alegr\u00eda es periodista con m\u00e1s de 35 a\u00f1os de experiencia en medios escritos y de internet, cuenta licenciatura en Administraci\u00f3n de Empresas, Maestr\u00eda en Competitividad Organizacional y Doctorando en Administraci\u00f3n P\u00fablica. Es director de Editorial J. Castillo, S.A. de C.V. y de \u201cCEO\u201d, Consultor\u00eda Especializada en Organizaciones.<\/strong><\/p>\n\n\n\n<p class=\"wp-block-paragraph\"><strong>Correo electr\u00f3nico: archivoconfidencial@hotmail.com<\/strong><\/p>\n\n\n\n<p class=\"wp-block-paragraph\"><strong>https:\/\/www.facebook.com\/armando.vazquez.3304<\/strong><\/p>\n","protected":false},"excerpt":{"rendered":"<p>Columna Archivo Confidencial Armando V\u00e1squez Alegr\u00eda Los otros datos que duelen Viernes 4 de septiembre de 2026 A\u00daN RECUERDO AQUELLA frase c\u00ednica del ex gobernador sonorense Guillermo Padr\u00e9s cuando se atrevi\u00f3 a se\u00f1alar: &#8220;vamos bien, vamos muy bien&#8221;, palabras que tambi\u00e9n repitieron AMLO y ahora Claudia Sheinbaum. Pero no es cierto, no estamos ni remotamente [&hellip;]<\/p>\n","protected":false},"author":1,"featured_media":44739,"comment_status":"open","ping_status":"open","sticky":false,"template":"","format":"standard","meta":{"content-type":"","footnotes":""},"categories":[129],"tags":[],"class_list":["post-44738","post","type-post","status-publish","format-standard","has-post-thumbnail","category-armando-vasquez-a"],"_links":{"self":[{"href":"https:\/\/www.regioncuatronoticias.com\/index.php\/wp-json\/wp\/v2\/posts\/44738","targetHints":{"allow":["GET"]}}],"collection":[{"href":"https:\/\/www.regioncuatronoticias.com\/index.php\/wp-json\/wp\/v2\/posts"}],"about":[{"href":"https:\/\/www.regioncuatronoticias.com\/index.php\/wp-json\/wp\/v2\/types\/post"}],"author":[{"embeddable":true,"href":"https:\/\/www.regioncuatronoticias.com\/index.php\/wp-json\/wp\/v2\/users\/1"}],"replies":[{"embeddable":true,"href":"https:\/\/www.regioncuatronoticias.com\/index.php\/wp-json\/wp\/v2\/comments?post=44738"}],"version-history":[{"count":1,"href":"https:\/\/www.regioncuatronoticias.com\/index.php\/wp-json\/wp\/v2\/posts\/44738\/revisions"}],"predecessor-version":[{"id":44740,"href":"https:\/\/www.regioncuatronoticias.com\/index.php\/wp-json\/wp\/v2\/posts\/44738\/revisions\/44740"}],"wp:featuredmedia":[{"embeddable":true,"href":"https:\/\/www.regioncuatronoticias.com\/index.php\/wp-json\/wp\/v2\/media\/44739"}],"wp:attachment":[{"href":"https:\/\/www.regioncuatronoticias.com\/index.php\/wp-json\/wp\/v2\/media?parent=44738"}],"wp:term":[{"taxonomy":"category","embeddable":true,"href":"https:\/\/www.regioncuatronoticias.com\/index.php\/wp-json\/wp\/v2\/categories?post=44738"},{"taxonomy":"post_tag","embeddable":true,"href":"https:\/\/www.regioncuatronoticias.com\/index.php\/wp-json\/wp\/v2\/tags?post=44738"}],"curies":[{"name":"wp","href":"https:\/\/api.w.org\/{rel}","templated":true}]}}