{"id":44735,"date":"2026-09-04T22:59:58","date_gmt":"2026-09-05T05:59:58","guid":{"rendered":"https:\/\/www.regioncuatronoticias.com\/?p=44735"},"modified":"2026-09-04T23:00:01","modified_gmt":"2026-09-05T06:00:01","slug":"vicente-fox-aparece-en-sede-del-pri-26-anos-despues-de-sacar-al-partido-de-los-pinos","status":"publish","type":"post","link":"https:\/\/www.regioncuatronoticias.com\/index.php\/2026\/09\/04\/vicente-fox-aparece-en-sede-del-pri-26-anos-despues-de-sacar-al-partido-de-los-pinos\/","title":{"rendered":"Vicente Fox aparece en sede del PRI, 26 a\u00f1os despu\u00e9s de sacar al partido de Los Pinos"},"content":{"rendered":"\n<p class=\"wp-block-paragraph\"><strong>El expresidente particip\u00f3 en un encuentro con Alejandro Moreno C\u00e1rdenas, dirigente nacional del PRI; los coordinadores parlamentarios del partido, Manuel A\u00f1orve y Rub\u00e9n Moreira, e integrantes del Comit\u00e9 Ejecutivo Nacional; apenas en junio pasado hab\u00eda celebrado el \u201crenacimiento\u201d de la agrupaci\u00f3n tras su triunfo en Coahuila.<\/strong><\/p>\n\n\n\n<p class=\"wp-block-paragraph\">Tomado de Proceso<\/p>\n\n\n\n<p class=\"wp-block-paragraph\">Rodrigo Hern\u00e1ndez L\u00f3pez<\/p>\n\n\n\n<p class=\"wp-block-paragraph\">Viernes 4 de septiembre de 2026<\/p>\n\n\n\n<p class=\"wp-block-paragraph\">CIUDAD DE M\u00c9XICO (apro).-Veintis\u00e9is a\u00f1os despu\u00e9s de sacar del poder al PRI, Vicente Fox volvi\u00f3 a encontrarse cara a cara con los priistas; pero est\u00e1 vez no hubo desencuentros, hablaron de coincidencias pol\u00edticas y el futuro del pa\u00eds.<\/p>\n\n\n\n<p class=\"wp-block-paragraph\">El hombre que en el a\u00f1o 2000 puso fin a 71 a\u00f1os de gobiernos priistas se sent\u00f3 este viernes con la c\u00fapula del tricolor, en un encuentro en el que participaron su dirigente nacional, Alejandro Moreno C\u00e1rdenas; los coordinadores parlamentarios, Manuel A\u00f1orve y Rub\u00e9n Moreira, as\u00ed como integrantes del Comit\u00e9 Ejecutivo Nacional.<\/p>\n\n\n\n<p class=\"wp-block-paragraph\">Fox acudi\u00f3 acompa\u00f1ado por integrantes de la organizaci\u00f3n Alma de M\u00e9xico, entre ellos Juan Carlos Romero Hicks, Jos\u00e9 Luis Salas Cacho, Rodolfo Elizondo, Jos\u00e9 Espina, V\u00edctor Guerrero Ch\u00e1vez y Juan Hern\u00e1ndez.<\/p>\n\n\n\n<p class=\"wp-block-paragraph\">El encuentro ocurre despu\u00e9s de que el propio Fox dio una se\u00f1al de acercamiento con el PRI. En junio pasado, tras el triunfo del partido en Coahuila, el expresidente panista felicit\u00f3 al tricolor y celebr\u00f3 su \u201crenacimiento\u201d.<\/p>\n\n\n\n<p class=\"wp-block-paragraph\">Ahora, en la sede nacional del partido que derrot\u00f3 hace m\u00e1s de un cuarto de siglo, Fox particip\u00f3 en una conversaci\u00f3n que, de acuerdo con Moreno, tuvo como eje el futuro de M\u00e9xico y la posibilidad de encontrar coincidencias.<\/p>\n\n\n\n<p class=\"wp-block-paragraph\">\u201cHay experiencia, ideas y distintas visiones que pueden aportar mucho al pa\u00eds\u201d, escribi\u00f3 el dirigente priista tras la reuni\u00f3n.<\/p>\n\n\n\n<p class=\"wp-block-paragraph\">Moreno agreg\u00f3 que en el PRI existe la responsabilidad de \u201cescucharnos, encontrar coincidencias y construir soluciones\u201d y afirm\u00f3 que el partido est\u00e1 dispuesto a \u201csumar fuerzas, voluntades y experiencia\u201d con quienes quieran aportar al pa\u00eds.<\/p>\n\n\n\n<p class=\"wp-block-paragraph\">El encuentro no fue presentado como un acuerdo electoral ni como una alianza pol\u00edtica. Sin embargo, ocurre en un momento de reacomodo de la oposici\u00f3n rumbo a las elecciones de 2027 y despu\u00e9s de que el PRI ha perdido buena parte de la presencia territorial que tuvo durante d\u00e9cadas.<\/p>\n\n\n\n<p class=\"wp-block-paragraph\">En 2000, Fox lleg\u00f3 a la Presidencia como candidato del PAN y puso fin a la hegemon\u00eda priista. Aquella noche, cuando el presidente Ernesto Zedillo reconoci\u00f3 que Fox ser\u00eda el pr\u00f3ximo mandatario, la derrota del PRI qued\u00f3 simbolizada en una de las portadas de Proceso con una pregunta: \u201cY ahora qu\u00e9\u201d.<\/p>\n\n\n\n<p class=\"wp-block-paragraph\">Veintis\u00e9is a\u00f1os despu\u00e9s, Fox regres\u00f3 a la sede nacional del partido que derrot\u00f3 para hablar, precisamente, sobre el futuro.<\/p>\n\n\n\n<p class=\"wp-block-paragraph\"><a href=\"https:\/\/www.proceso.com.mx\/nacional\/2026\/9\/4\/vicente-fox-aparece-en-la-sede-del-pri-26-anos-despues-de-sacar-al-partido-de-los-pinos-379391.html\">https:\/\/www.proceso.com.mx\/nacional\/2026\/9\/4\/vicente-fox-aparece-en-la-sede-del-pri-26-anos-despues-de-sacar-al-partido-de-los-pinos-379391.html<\/a><\/p>\n","protected":false},"excerpt":{"rendered":"<p>El expresidente particip\u00f3 en un encuentro con Alejandro Moreno C\u00e1rdenas, dirigente nacional del PRI; los coordinadores parlamentarios del partido, Manuel A\u00f1orve y Rub\u00e9n Moreira, e integrantes del Comit\u00e9 Ejecutivo Nacional; apenas en junio pasado hab\u00eda celebrado el \u201crenacimiento\u201d de la agrupaci\u00f3n tras su triunfo en Coahuila. Tomado de Proceso Rodrigo Hern\u00e1ndez L\u00f3pez Viernes 4 de [&hellip;]<\/p>\n","protected":false},"author":1,"featured_media":44736,"comment_status":"open","ping_status":"open","sticky":false,"template":"","format":"standard","meta":{"content-type":"","footnotes":""},"categories":[3,115,105],"tags":[],"class_list":["post-44735","post","type-post","status-publish","format-standard","has-post-thumbnail","category-mexico","category-politica","category-principal"],"_links":{"self":[{"href":"https:\/\/www.regioncuatronoticias.com\/index.php\/wp-json\/wp\/v2\/posts\/44735","targetHints":{"allow":["GET"]}}],"collection":[{"href":"https:\/\/www.regioncuatronoticias.com\/index.php\/wp-json\/wp\/v2\/posts"}],"about":[{"href":"https:\/\/www.regioncuatronoticias.com\/index.php\/wp-json\/wp\/v2\/types\/post"}],"author":[{"embeddable":true,"href":"https:\/\/www.regioncuatronoticias.com\/index.php\/wp-json\/wp\/v2\/users\/1"}],"replies":[{"embeddable":true,"href":"https:\/\/www.regioncuatronoticias.com\/index.php\/wp-json\/wp\/v2\/comments?post=44735"}],"version-history":[{"count":1,"href":"https:\/\/www.regioncuatronoticias.com\/index.php\/wp-json\/wp\/v2\/posts\/44735\/revisions"}],"predecessor-version":[{"id":44737,"href":"https:\/\/www.regioncuatronoticias.com\/index.php\/wp-json\/wp\/v2\/posts\/44735\/revisions\/44737"}],"wp:featuredmedia":[{"embeddable":true,"href":"https:\/\/www.regioncuatronoticias.com\/index.php\/wp-json\/wp\/v2\/media\/44736"}],"wp:attachment":[{"href":"https:\/\/www.regioncuatronoticias.com\/index.php\/wp-json\/wp\/v2\/media?parent=44735"}],"wp:term":[{"taxonomy":"category","embeddable":true,"href":"https:\/\/www.regioncuatronoticias.com\/index.php\/wp-json\/wp\/v2\/categories?post=44735"},{"taxonomy":"post_tag","embeddable":true,"href":"https:\/\/www.regioncuatronoticias.com\/index.php\/wp-json\/wp\/v2\/tags?post=44735"}],"curies":[{"name":"wp","href":"https:\/\/api.w.org\/{rel}","templated":true}]}}