{"id":44729,"date":"2026-09-04T22:52:24","date_gmt":"2026-09-05T05:52:24","guid":{"rendered":"https:\/\/www.regioncuatronoticias.com\/?p=44729"},"modified":"2026-09-04T22:52:25","modified_gmt":"2026-09-05T05:52:25","slug":"hallan-muerto-al-diputado-morenista-zenyazen-escobar","status":"publish","type":"post","link":"https:\/\/www.regioncuatronoticias.com\/index.php\/2026\/09\/04\/hallan-muerto-al-diputado-morenista-zenyazen-escobar\/","title":{"rendered":"Hallan muerto al diputado morenista Zenyazen Escobar"},"content":{"rendered":"\n<p class=\"wp-block-paragraph\"><strong>La polic\u00eda localiz\u00f3 el cuerpo del legislador con al menos un disparo de arma de fuego.<\/strong><\/p>\n\n\n\n<p class=\"wp-block-paragraph\">Tomado de Aristegui Noticias<\/p>\n\n\n\n<p class=\"wp-block-paragraph\">Redacci\u00f3n AN\/ SBH<\/p>\n\n\n\n<p class=\"wp-block-paragraph\">Viernes 4 de septiembre de 2026<\/p>\n\n\n\n<p class=\"wp-block-paragraph\">Este viernes se registr\u00f3 la muerte del diputado federal de Morena, Zenyazen Escobar Garc\u00eda, en el municipio de Puente Nacional, Veracruz.<\/p>\n\n\n\n<p class=\"wp-block-paragraph\">El hallazgo ocurri\u00f3 la ma\u00f1ana de este viernes en el interior de su veh\u00edculo.<\/p>\n\n\n\n<p class=\"wp-block-paragraph\">La polic\u00eda localiz\u00f3 el cuerpo del legislador con al menos un disparo de arma de fuego.<\/p>\n\n\n\n<p class=\"wp-block-paragraph\">El secretario de Gobierno de Veracruz, Ricardo Ahued Bardahuil, afirm\u00f3 que no fue un atentado, sino un \u201clamentable fallecimiento con arma de fuego\u201d, aunque no quiso aclarar si fue un suicidio. En todo caso, adelant\u00f3 que ser\u00e1 la Fiscal\u00eda General de la Rep\u00fablica la que aclare los hechos.<\/p>\n\n\n\n<p class=\"wp-block-paragraph\">\u201cNo fue un atentado, porque el carro est\u00e1 a un lado, no se ve mayor agresi\u00f3n al veh\u00edculo, fue interno\u2026 fue un lamentable fallecimiento con arma de fuego\u201d.<\/p>\n\n\n\n<p class=\"wp-block-paragraph\">Zenyazen Roberto Escobar Garc\u00eda naci\u00f3 el 4 de junio de 1984 en Nogales, Veracruz. El legislador inici\u00f3 su trayectoria en el sector educativo como docente de telesecundarias estatales en 2009.<\/p>\n\n\n\n<p class=\"wp-block-paragraph\">Escobar Garc\u00eda particip\u00f3 en el grupo Educaci\u00f3n, Resistencia y Dignidad Magisterial en 2015. El pol\u00edtico veracruzano se desempe\u00f1\u00f3 como diputado local en el Congreso del Estado de 2016 a 2018.<\/p>\n\n\n\n<p class=\"wp-block-paragraph\">El morenista fungi\u00f3 como secretario de Educaci\u00f3n de Veracruz entre 2018 y 2021. \u00c9l concluy\u00f3 su maestr\u00eda en Ciencias de la Educaci\u00f3n durante su gesti\u00f3n administrativa.<\/p>\n\n\n\n<p class=\"wp-block-paragraph\">\u00c9l asumi\u00f3 el cargo de diputado federal por el distrito de C\u00f3rdoba en la actual legislatura. Escobar Garc\u00eda trabaj\u00f3 como secretario en las comisiones de Cambio Clim\u00e1tico y de Marina en el Congreso de la Uni\u00f3n.<\/p>\n\n\n\n<p class=\"wp-block-paragraph\">El diputado public\u00f3 su \u00faltimo mensaje en redes sociales el pasado 1 de septiembre. El legislador afirm\u00f3 en su \u00faltima publicaci\u00f3n: \u201cSeguimos legislando con responsabilidad y compromiso por el pueblo de M\u00e9xico\u201d.<\/p>\n\n\n\n<p class=\"wp-block-paragraph\">El coordinador parlamentario de Morena, Ricardo Monreal, lament\u00f3 el deceso de Escobar Garc\u00eda. El l\u00edder de la bancada envi\u00f3 su solidaridad y afecto a la familia y seres queridos del legislador.<\/p>\n\n\n\n<p class=\"wp-block-paragraph\">Monreal destac\u00f3 la labor del docente y funcionario frente a la Secretar\u00eda de Educaci\u00f3n de Veracruz. El legislador federal concluy\u00f3 su p\u00e9same con un deseo de descanso eterno para su compa\u00f1ero de partido.<\/p>\n\n\n\n<p class=\"wp-block-paragraph\"><a href=\"https:\/\/aristeguinoticias.com\/0409\/mexico\/asesinan-al-diputado-morenista-zenyazen-escobar\">https:\/\/aristeguinoticias.com\/0409\/mexico\/asesinan-al-diputado-morenista-zenyazen-escobar<\/a><\/p>\n","protected":false},"excerpt":{"rendered":"<p>La polic\u00eda localiz\u00f3 el cuerpo del legislador con al menos un disparo de arma de fuego. Tomado de Aristegui Noticias Redacci\u00f3n AN\/ SBH Viernes 4 de septiembre de 2026 Este viernes se registr\u00f3 la muerte del diputado federal de Morena, Zenyazen Escobar Garc\u00eda, en el municipio de Puente Nacional, Veracruz. El hallazgo ocurri\u00f3 la ma\u00f1ana [&hellip;]<\/p>\n","protected":false},"author":1,"featured_media":44730,"comment_status":"open","ping_status":"open","sticky":false,"template":"","format":"standard","meta":{"content-type":"","footnotes":""},"categories":[3,115,113],"tags":[],"class_list":["post-44729","post","type-post","status-publish","format-standard","has-post-thumbnail","category-mexico","category-politica","category-seguridad"],"_links":{"self":[{"href":"https:\/\/www.regioncuatronoticias.com\/index.php\/wp-json\/wp\/v2\/posts\/44729","targetHints":{"allow":["GET"]}}],"collection":[{"href":"https:\/\/www.regioncuatronoticias.com\/index.php\/wp-json\/wp\/v2\/posts"}],"about":[{"href":"https:\/\/www.regioncuatronoticias.com\/index.php\/wp-json\/wp\/v2\/types\/post"}],"author":[{"embeddable":true,"href":"https:\/\/www.regioncuatronoticias.com\/index.php\/wp-json\/wp\/v2\/users\/1"}],"replies":[{"embeddable":true,"href":"https:\/\/www.regioncuatronoticias.com\/index.php\/wp-json\/wp\/v2\/comments?post=44729"}],"version-history":[{"count":1,"href":"https:\/\/www.regioncuatronoticias.com\/index.php\/wp-json\/wp\/v2\/posts\/44729\/revisions"}],"predecessor-version":[{"id":44731,"href":"https:\/\/www.regioncuatronoticias.com\/index.php\/wp-json\/wp\/v2\/posts\/44729\/revisions\/44731"}],"wp:featuredmedia":[{"embeddable":true,"href":"https:\/\/www.regioncuatronoticias.com\/index.php\/wp-json\/wp\/v2\/media\/44730"}],"wp:attachment":[{"href":"https:\/\/www.regioncuatronoticias.com\/index.php\/wp-json\/wp\/v2\/media?parent=44729"}],"wp:term":[{"taxonomy":"category","embeddable":true,"href":"https:\/\/www.regioncuatronoticias.com\/index.php\/wp-json\/wp\/v2\/categories?post=44729"},{"taxonomy":"post_tag","embeddable":true,"href":"https:\/\/www.regioncuatronoticias.com\/index.php\/wp-json\/wp\/v2\/tags?post=44729"}],"curies":[{"name":"wp","href":"https:\/\/api.w.org\/{rel}","templated":true}]}}