{"id":44725,"date":"2026-09-04T22:47:39","date_gmt":"2026-09-05T05:47:39","guid":{"rendered":"https:\/\/www.regioncuatronoticias.com\/?p=44725"},"modified":"2026-09-04T22:47:41","modified_gmt":"2026-09-05T05:47:41","slug":"fernando-farias-laguna-desafia-a-la-fiscalia-desde-el-altiplano-no-participe-en-nada-todo-esta-tendenciosamente-armado","status":"publish","type":"post","link":"https:\/\/www.regioncuatronoticias.com\/index.php\/2026\/09\/04\/fernando-farias-laguna-desafia-a-la-fiscalia-desde-el-altiplano-no-participe-en-nada-todo-esta-tendenciosamente-armado\/","title":{"rendered":"Fernando Far\u00edas Laguna desaf\u00eda a la Fiscal\u00eda desde el Altiplano: \u201cNo particip\u00e9 en nada. Todo est\u00e1 tendenciosamente armado\u201d"},"content":{"rendered":"\n<p class=\"wp-block-paragraph\"><strong>El excontralmirante defiende, en una grabaci\u00f3n enviada a las autoridades y a la que ha tenido acceso EL PA\u00cdS, que no hay pruebas en su contra en la trama de huachicol fiscal<\/strong><\/p>\n\n\n\n<p class=\"wp-block-paragraph\">Tomado de El Pa\u00eds<\/p>\n\n\n\n<p class=\"wp-block-paragraph\">Elia Castillo Jim\u00e9nez<\/p>\n\n\n\n<p class=\"wp-block-paragraph\">Viernes 4 de septiembre de 2026<\/p>\n\n\n\n<p class=\"wp-block-paragraph\">Fernando Far\u00edas Laguna \u201cest\u00e1 desesperado porque lo escuchen\u201d, dice su esposa, M\u00f3nica G\u00e1mez. Desde el penal de m\u00e1xima seguridad del Altiplano, donde permanece recluido tras su regreso a M\u00e9xico el 21 de agosto, el excontralmirante est\u00e1 decidido a iniciar una ofensiva para defenderse de las acusaciones que lo colocan como uno de los presuntos cabecillas de la red de contrabando de combustible, conocido como huachicol fiscal, que oper\u00f3 en las aduanas y golpe\u00f3 la reputaci\u00f3n de incorruptible de la Secretar\u00eda de Marina. Su mensaje est\u00e1 dirigido a quienes tienen en sus manos su caso.<\/p>\n\n\n\n<p class=\"wp-block-paragraph\">Far\u00edas llam\u00f3 por tel\u00e9fono a su esposa el domingo 30 de agosto, le pidi\u00f3 que grabara la conversaci\u00f3n y la enviara a las autoridades correspondientes, principalmente al secretario de Seguridad Ciudadana, Omar Garc\u00eda Harfuch; a la presidenta de M\u00e9xico, Claudia Sheinbaum y a la fiscal general de la rep\u00fablica, Ernestina Godoy. EL PA\u00cdS ha tenido acceso a esa grabaci\u00f3n, que la esposa dice que fue enviada, a trav\u00e9s de terceros, a los funcionarios. En ella, Far\u00edas exhibe y cuestiona de manera directa algunos de los elementos que, seg\u00fan explica, fueron utilizados como pruebas durante su audiencia inicial para sostener la acusaci\u00f3n en su contra.<\/p>\n\n\n\n<p class=\"wp-block-paragraph\">\u201cPara informarle de incidentes muy graves en mi audiencia inicial\u201d, comienza el excontralmirante. El primero, dice, es la acusaci\u00f3n de que cre\u00f3 una red para introducir buques con combustible ilegal desde enero de 2023. Far\u00edas responde con un argumento de fecha y ubicaci\u00f3n: en enero de aquel a\u00f1o, sostiene, \u00e9l y su familia se encontraban en Madrid, Espa\u00f1a, donde estaba en calidad de agregado naval. \u201c\u00bfC\u00f3mo es posible que yo haya hecho eso? Grav\u00edsimo y falso\u201d, se escucha en el audio.<\/p>\n\n\n\n<p class=\"wp-block-paragraph\">La acusaci\u00f3n de Far\u00edas tiene relevancia porque la investigaci\u00f3n sit\u00faa el inicio de las operaciones de la red de contrabando mar\u00edtimo desde 2023. La Fiscal\u00eda sostiene que la trama involucr\u00f3 a marinos de alto rango, funcionarios aduaneros y empresarios y que lleg\u00f3 a movilizar cientos de millones de litros de combustible mediante decenas de embarcaciones. Far\u00edas ha confrontado las fechas y las localizaciones de la investigaci\u00f3n con su agenda oficial de la Marina. Adem\u00e1s de negar su participaci\u00f3n, sostiene que cuenta con las pruebas documentales que pueden comprobar los lugares en los que estaba.<\/p>\n\n\n\n<p class=\"wp-block-paragraph\">El segundo punto que cuestiona es que, seg\u00fan relata, durante la audiencia se le atribuyeron reuniones con Miguel \u00c1ngel Solano Ruiz \u2014capit\u00e1n de corbeta retirado, apodado Capit\u00e1n Sol, cuyo paradero es desconocido\u2014 los d\u00edas 29 y 30 de mayo de 2025 para avanzar en la creaci\u00f3n de la supuesta red.<\/p>\n\n\n\n<p class=\"wp-block-paragraph\">Far\u00edas sostiene que esas fechas son incompatibles con su historial m\u00e9dico. \u201cEl 29 de mayo de 2025 ingres\u00e9 al Centro M\u00e9dico Naval para que el d\u00eda 30 me operaran de un hombro. \u00bfC\u00f3mo es posible que me haya reunido [con el Capit\u00e1n Sol]?\u201c, cuestiona. El excontralmirante asegura que cuenta con el expediente m\u00e9dico que acredita su ingreso y la intervenci\u00f3n quir\u00fargica en el hospital militar. Para \u00e9l y para su esposa, la discrepancia es una prueba irrefutable de que las evidencias utilizadas para vincularlo con otros integrantes de la trama deben ser revisadas.<\/p>\n\n\n\n<p class=\"wp-block-paragraph\">El tercer punto es, quiz\u00e1, el que Far\u00edas considera m\u00e1s importante para desmontar la acusaci\u00f3n de que formaba parte de la estructura criminal. Sostiene que no descubri\u00f3 la existencia de la red despu\u00e9s de que las autoridades comenzaran a investigarla, sino que fue \u00e9l quien alert\u00f3 al entonces secretario de Marina, Rafael Ojeda Dur\u00e1n, sobre su existencia. Seg\u00fan su relato, a finales de mayo de 2024 recibi\u00f3 informaci\u00f3n de Fernando Rub\u00e9n Guerrero Alc\u00e1ntar \u2014asesinado meses despu\u00e9s\u2014 sobre una red de corrupci\u00f3n en las aduanas. Far\u00edas asegura que llev\u00f3 esa informaci\u00f3n a la m\u00e1xima autoridad naval, con quien adem\u00e1s ten\u00eda un v\u00ednculo familiar, pues era su t\u00edo pol\u00edtico. \u201cLo que le inform\u00e9 al entonces secretario de Marina, Rafael Ojeda Dur\u00e1n\u201d, dice en el audio.<\/p>\n\n\n\n<p class=\"wp-block-paragraph\">EL PA\u00cdS ha tenido acceso a una serie de mensajes de WhatsApp que, supuestamente, Far\u00edas envi\u00f3 a Ojeda en distintas fechas y que respaldar\u00edan su versi\u00f3n de que fue \u00e9l quien alert\u00f3 sobre la existencia de la red. El excontralmirante sostiene, adem\u00e1s, que de ese aviso surgi\u00f3 la reuni\u00f3n que posteriormente se hizo p\u00fablica a trav\u00e9s de un audio y que se convirti\u00f3 en una de las piezas clave del caso. \u201cEsa reuni\u00f3n yo la gener\u00e9\u201d, afirma.<\/p>\n\n\n\n<p class=\"wp-block-paragraph\">En el fragmento del audio dice tener los mensajes de WhatsApp que demostrar\u00edan que fue \u00e9l quien propici\u00f3 el encuentro y que cumpli\u00f3 con lo que, desde su perspectiva, era una obligaci\u00f3n: informar sobre una posible estructura de corrupci\u00f3n dentro de la instituci\u00f3n. El mensaje de Far\u00edas es m\u00e1s extenso y contiene informaci\u00f3n m\u00e1s delicada que la familia prefiere reservar a la espera de que llegue la respuesta que esperan de las autoridades mexicanas.<\/p>\n\n\n\n<p class=\"wp-block-paragraph\">La existencia de aquella reuni\u00f3n forma parte de la investigaci\u00f3n. El audio de un encuentro entre Ojeda Dur\u00e1n y Guerrero Alc\u00e1ntar, fechado en junio de 2024, fue publicado meses despu\u00e9s y mostr\u00f3 al entonces secretario de Marina hablando sobre la posibilidad de realizar cambios dentro de la instituci\u00f3n ante las denuncias de corrupci\u00f3n.<\/p>\n\n\n\n<p class=\"wp-block-paragraph\">Far\u00edas niega categ\u00f3ricamente que exista una sola prueba que lo vincule directamente con la operaci\u00f3n criminal que lo llev\u00f3 a huir del pa\u00eds, presuntamente empujado por las amenazas de muerte en su contra. \u201cNo existe en los cuatro tomos de la carpeta de investigaci\u00f3n una sola prueba que me haga part\u00edcipe en un solo hecho de este entramado porque simplemente no particip\u00e9 en nada\u201d, sostiene.<\/p>\n\n\n\n<p class=\"wp-block-paragraph\">El excontralmirante acusa que la investigaci\u00f3n fue construida de manera \u201ctendenciosa\u201d y que contiene, seg\u00fan su versi\u00f3n, pruebas fabricadas. Es una acusaci\u00f3n frontal contra la solidez de la investigaci\u00f3n de la Fiscal\u00eda. En ella se sostiene que Far\u00edas y su hermano, el vicealmirante Manuel Roberto Far\u00edas Laguna, ocupaban posiciones de direcci\u00f3n dentro de la estructura criminal investigada.<\/p>\n\n\n\n<p class=\"wp-block-paragraph\">La incipiente defensa que han iniciado Far\u00edas y su esposa llega despu\u00e9s de que su caso adquiriera una nueva dimensi\u00f3n con su regreso a M\u00e9xico. El excontralmirante fue detenido en Argentina en abril y trasladado a M\u00e9xico en agosto; tras su llegada al pa\u00eds, fue llevado al penal de m\u00e1xima seguridad del Altiplano, donde qued\u00f3 a disposici\u00f3n de la autoridad judicial que lo requer\u00eda.<\/p>\n\n\n\n<p class=\"wp-block-paragraph\">La Fiscal\u00eda lo considera una pieza central de una trama de contrabando de combustible que habr\u00eda operado durante a\u00f1os y en la que participaron militares, funcionarios y empresarios. La investigaci\u00f3n tambi\u00e9n ha incorporado testimonios, intervenciones telef\u00f3nicas, georreferencias, an\u00e1lisis patrimoniales y documentaci\u00f3n obtenida durante las pesquisas.<\/p>\n\n\n\n<p class=\"wp-block-paragraph\">Far\u00edas responde ahora desde una celda del Altiplano con una petici\u00f3n sencilla, que se revisen las pruebas. \u201cPor lo anteriormente expuesto, era para que el jueves pasado hubiera salido caminando del Altiplano\u201d, dice en el audio que corta en la frase suspendida: \u201cPero sabemos por qu\u00e9 no\u2026\u201d.<\/p>\n\n\n\n<p class=\"wp-block-paragraph\"><a href=\"https:\/\/elpais.com\/mexico\/2026-09-04\/fernando-farias-laguna-desafia-a-la-fiscalia-desde-el-altiplano-no-participe-en-nada-todo-esta-tendenciosamente-armado.html\">https:\/\/elpais.com\/mexico\/2026-09-04\/fernando-farias-laguna-desafia-a-la-fiscalia-desde-el-altiplano-no-participe-en-nada-todo-esta-tendenciosamente-armado.html<\/a><\/p>\n","protected":false},"excerpt":{"rendered":"<p>El excontralmirante defiende, en una grabaci\u00f3n enviada a las autoridades y a la que ha tenido acceso EL PA\u00cdS, que no hay pruebas en su contra en la trama de huachicol fiscal Tomado de El Pa\u00eds Elia Castillo Jim\u00e9nez Viernes 4 de septiembre de 2026 Fernando Far\u00edas Laguna \u201cest\u00e1 desesperado porque lo escuchen\u201d, dice su [&hellip;]<\/p>\n","protected":false},"author":1,"featured_media":44726,"comment_status":"open","ping_status":"open","sticky":false,"template":"","format":"standard","meta":{"content-type":"","footnotes":""},"categories":[3,105,113],"tags":[],"class_list":["post-44725","post","type-post","status-publish","format-standard","has-post-thumbnail","category-mexico","category-principal","category-seguridad"],"_links":{"self":[{"href":"https:\/\/www.regioncuatronoticias.com\/index.php\/wp-json\/wp\/v2\/posts\/44725","targetHints":{"allow":["GET"]}}],"collection":[{"href":"https:\/\/www.regioncuatronoticias.com\/index.php\/wp-json\/wp\/v2\/posts"}],"about":[{"href":"https:\/\/www.regioncuatronoticias.com\/index.php\/wp-json\/wp\/v2\/types\/post"}],"author":[{"embeddable":true,"href":"https:\/\/www.regioncuatronoticias.com\/index.php\/wp-json\/wp\/v2\/users\/1"}],"replies":[{"embeddable":true,"href":"https:\/\/www.regioncuatronoticias.com\/index.php\/wp-json\/wp\/v2\/comments?post=44725"}],"version-history":[{"count":1,"href":"https:\/\/www.regioncuatronoticias.com\/index.php\/wp-json\/wp\/v2\/posts\/44725\/revisions"}],"predecessor-version":[{"id":44727,"href":"https:\/\/www.regioncuatronoticias.com\/index.php\/wp-json\/wp\/v2\/posts\/44725\/revisions\/44727"}],"wp:featuredmedia":[{"embeddable":true,"href":"https:\/\/www.regioncuatronoticias.com\/index.php\/wp-json\/wp\/v2\/media\/44726"}],"wp:attachment":[{"href":"https:\/\/www.regioncuatronoticias.com\/index.php\/wp-json\/wp\/v2\/media?parent=44725"}],"wp:term":[{"taxonomy":"category","embeddable":true,"href":"https:\/\/www.regioncuatronoticias.com\/index.php\/wp-json\/wp\/v2\/categories?post=44725"},{"taxonomy":"post_tag","embeddable":true,"href":"https:\/\/www.regioncuatronoticias.com\/index.php\/wp-json\/wp\/v2\/tags?post=44725"}],"curies":[{"name":"wp","href":"https:\/\/api.w.org\/{rel}","templated":true}]}}