{"id":44722,"date":"2026-09-04T22:45:35","date_gmt":"2026-09-05T05:45:35","guid":{"rendered":"https:\/\/www.regioncuatronoticias.com\/?p=44722"},"modified":"2026-09-04T22:45:36","modified_gmt":"2026-09-05T05:45:36","slug":"reaparece-norma-pina-se-burla-de-acordeones-critica-reforma-judicial-y-ataques-sin-pruebas","status":"publish","type":"post","link":"https:\/\/www.regioncuatronoticias.com\/index.php\/2026\/09\/04\/reaparece-norma-pina-se-burla-de-acordeones-critica-reforma-judicial-y-ataques-sin-pruebas\/","title":{"rendered":"Reaparece Norma Pi\u00f1a: Se burla de acordeones, critica reforma judicial y ataques sin pruebas"},"content":{"rendered":"\n<p class=\"wp-block-paragraph\"><strong>La ponente denunci\u00f3 que el Poder Judicial enfrent\u00f3 una campa\u00f1a constante de descalificaciones sistem\u00e1ticas durante m\u00e1s de seis a\u00f1os, refiri\u00e9ndose a los se\u00f1alamientos que recibi\u00f3 del entonces presidente, Andr\u00e9s Manuel L\u00f3pez Obrador.<\/strong><\/p>\n\n\n\n<p class=\"wp-block-paragraph\">Tomado de Aristegui Noticias<\/p>\n\n\n\n<p class=\"wp-block-paragraph\">Redacci\u00f3n AN\/ SBH<\/p>\n\n\n\n<p class=\"wp-block-paragraph\">Jueves 3 de septiembre de 2026<\/p>\n\n\n\n<p class=\"wp-block-paragraph\">La ministra en retiro, Norma Pi\u00f1a Hern\u00e1ndez, reapareci\u00f3 en un foro p\u00fablico, a un a\u00f1o de que abandon\u00f3 sus funciones por la entrada en operaci\u00f3n de la nueva integraci\u00f3n del m\u00e1ximo tribunal.<\/p>\n\n\n\n<p class=\"wp-block-paragraph\">Durante una conferencia de la Escuela Libre de Derecho la exfuncionaria ironiz\u00f3 sobre el uso de acordeones (se\u00f1alados como el principal apoyo para elegir a los integrantes de la actual Suprema Corte), critic\u00f3 la falta de diagn\u00f3stico de la reforma judicial y denunci\u00f3 que las acusaciones contra los juzgadores carecieron de pruebas.<\/p>\n\n\n\n<p class=\"wp-block-paragraph\">Al inicio de su participaci\u00f3n, Pi\u00f1a brome\u00f3 con los asistentes sobre las hojas de apuntes que llevaba en las manos. La ponente justific\u00f3 la ayuda de memoria con la explicaci\u00f3n de que deb\u00eda adaptarse a las modas de la sociedad actual.<\/p>\n\n\n\n<p class=\"wp-block-paragraph\">\u201cHay que irnos adaptando a la sociedad en la que estamos, y m\u00e1s los abogados, siempre guardando ciertos principios y valores que cada uno de nosotros tenemos. Pero bueno, como estoy a la moda, pues traigo mi acorde\u00f3n, \u00bfverdad?\u2026 Entonces hay que adaptarse, ya vengo con acorde\u00f3n\u201d.<\/p>\n\n\n\n<p class=\"wp-block-paragraph\">La jurista advirti\u00f3 que la reforma al Poder Judicial de la Federaci\u00f3n se aprob\u00f3 sin un an\u00e1lisis previo del sistema de impartici\u00f3n de justicia. Se\u00f1al\u00f3 que la modificaci\u00f3n a la norma constitucional demostr\u00f3 su propia deficiencia con la posterior aprobaci\u00f3n de cambios secundarios antes de cumplir su primer a\u00f1o.<\/p>\n\n\n\n<p class=\"wp-block-paragraph\">Pi\u00f1a argument\u00f3 que la carrera judicial y la meritocracia no constituyen privilegios para los jueces, sino que representan garant\u00edas directas para la ciudadan\u00eda. La ministra en retiro sostuvo que estas medidas aseguran la existencia de juzgadores imparciales e independientes que no deben su puesto a ninguna fuerza pol\u00edtica.<\/p>\n\n\n\n<p class=\"wp-block-paragraph\">La ponente denunci\u00f3 que el Poder Judicial enfrent\u00f3 una campa\u00f1a constante de descalificaciones sistem\u00e1ticas durante m\u00e1s de seis a\u00f1os, refiri\u00e9ndose a los se\u00f1alamientos que recibi\u00f3 del entonces presidente, Andr\u00e9s Manuel L\u00f3pez Obrador. Pi\u00f1a asegur\u00f3 que la narrativa oficial posicion\u00f3 acusaciones de nepotismo y corrupci\u00f3n generalizada sin presentar evidencias jur\u00eddicas sobre las irregularidades atribuidas a los tribunales.<\/p>\n\n\n\n<p class=\"wp-block-paragraph\">Finalmente, la ministra en retiro record\u00f3 como focos rojos la incautaci\u00f3n de los fideicomisos judiciales y la ampliaci\u00f3n de la prisi\u00f3n preventiva oficiosa.<\/p>\n\n\n\n<p class=\"wp-block-paragraph\">Apunt\u00f3 que estas decisiones demeritan el juicio de amparo como mecanismo de defensa ciudadana y afectan la certidumbre necesaria para las inversiones.<\/p>\n\n\n\n<p class=\"wp-block-paragraph\"><a href=\"https:\/\/aristeguinoticias.com\/0309\/mexico\/reaparece-norma-pina-se-burla-de-acordeones-critica-reforma-judicial-y-ataques-sin-pruebas\">https:\/\/aristeguinoticias.com\/0309\/mexico\/reaparece-norma-pina-se-burla-de-acordeones-critica-reforma-judicial-y-ataques-sin-pruebas<\/a><\/p>\n","protected":false},"excerpt":{"rendered":"<p>La ponente denunci\u00f3 que el Poder Judicial enfrent\u00f3 una campa\u00f1a constante de descalificaciones sistem\u00e1ticas durante m\u00e1s de seis a\u00f1os, refiri\u00e9ndose a los se\u00f1alamientos que recibi\u00f3 del entonces presidente, Andr\u00e9s Manuel L\u00f3pez Obrador. Tomado de Aristegui Noticias Redacci\u00f3n AN\/ SBH Jueves 3 de septiembre de 2026 La ministra en retiro, Norma Pi\u00f1a Hern\u00e1ndez, reapareci\u00f3 en un [&hellip;]<\/p>\n","protected":false},"author":1,"featured_media":44723,"comment_status":"open","ping_status":"open","sticky":false,"template":"","format":"standard","meta":{"content-type":"","footnotes":""},"categories":[3,115,105],"tags":[],"class_list":["post-44722","post","type-post","status-publish","format-standard","has-post-thumbnail","category-mexico","category-politica","category-principal"],"_links":{"self":[{"href":"https:\/\/www.regioncuatronoticias.com\/index.php\/wp-json\/wp\/v2\/posts\/44722","targetHints":{"allow":["GET"]}}],"collection":[{"href":"https:\/\/www.regioncuatronoticias.com\/index.php\/wp-json\/wp\/v2\/posts"}],"about":[{"href":"https:\/\/www.regioncuatronoticias.com\/index.php\/wp-json\/wp\/v2\/types\/post"}],"author":[{"embeddable":true,"href":"https:\/\/www.regioncuatronoticias.com\/index.php\/wp-json\/wp\/v2\/users\/1"}],"replies":[{"embeddable":true,"href":"https:\/\/www.regioncuatronoticias.com\/index.php\/wp-json\/wp\/v2\/comments?post=44722"}],"version-history":[{"count":1,"href":"https:\/\/www.regioncuatronoticias.com\/index.php\/wp-json\/wp\/v2\/posts\/44722\/revisions"}],"predecessor-version":[{"id":44724,"href":"https:\/\/www.regioncuatronoticias.com\/index.php\/wp-json\/wp\/v2\/posts\/44722\/revisions\/44724"}],"wp:featuredmedia":[{"embeddable":true,"href":"https:\/\/www.regioncuatronoticias.com\/index.php\/wp-json\/wp\/v2\/media\/44723"}],"wp:attachment":[{"href":"https:\/\/www.regioncuatronoticias.com\/index.php\/wp-json\/wp\/v2\/media?parent=44722"}],"wp:term":[{"taxonomy":"category","embeddable":true,"href":"https:\/\/www.regioncuatronoticias.com\/index.php\/wp-json\/wp\/v2\/categories?post=44722"},{"taxonomy":"post_tag","embeddable":true,"href":"https:\/\/www.regioncuatronoticias.com\/index.php\/wp-json\/wp\/v2\/tags?post=44722"}],"curies":[{"name":"wp","href":"https:\/\/api.w.org\/{rel}","templated":true}]}}