{"id":44716,"date":"2026-09-03T23:21:27","date_gmt":"2026-09-04T06:21:27","guid":{"rendered":"https:\/\/www.regioncuatronoticias.com\/?p=44716"},"modified":"2026-09-03T23:21:28","modified_gmt":"2026-09-04T06:21:28","slug":"garcia-harfuch-el-cartel-de-sinaloa-esta-afectado-pero-aun-tiene-un-poder-economico-y-de-fuego-que-necesitamos-mermar","status":"publish","type":"post","link":"https:\/\/www.regioncuatronoticias.com\/index.php\/2026\/09\/03\/garcia-harfuch-el-cartel-de-sinaloa-esta-afectado-pero-aun-tiene-un-poder-economico-y-de-fuego-que-necesitamos-mermar\/","title":{"rendered":"Garc\u00eda Harfuch: \u201cEl Cartel de Sinaloa est\u00e1 afectado, pero a\u00fan tiene un poder econ\u00f3mico y de fuego que necesitamos mermar\u201d"},"content":{"rendered":"\n<p class=\"wp-block-paragraph\"><strong>El secretario de Seguridad defiende los resultados de la estrategia del Gobierno contra los carteles, y destaca la detenci\u00f3n de 66.000 personas por delitos de alto impacto<\/strong><\/p>\n\n\n\n<p class=\"wp-block-paragraph\">Tomado de El Pa\u00eds<\/p>\n\n\n\n<p class=\"wp-block-paragraph\">S\u00e1shenka Guti\u00e9rrez (EFE)<\/p>\n\n\n\n<p class=\"wp-block-paragraph\">Jueves 3 de septiembre de 2026<\/p>\n\n\n\n<p class=\"wp-block-paragraph\">El secretario de Seguridad federal, Omar Garc\u00eda Harfuch, ha defendido la estrategia del Gobierno de Claudia Sheinbaum para hacer frente a los carteles de la droga. Nada m\u00e1s arrancar la Administraci\u00f3n, octubre de 2024, Harfuch recibi\u00f3 la encomienda dirigir toda la atenci\u00f3n del Gabinete de Seguridad a Sinaloa, donde ya hab\u00eda iniciado la sangrienta guerra de facciones entre Los Chapitos y La Mayiza, las dos columnas del Cartel de Sinaloa. A dos a\u00f1os de los operativos federales contra uno y otro grupo, que han resultado en detenciones de jefes, decomiso de armas y drogas y la destrucci\u00f3n de narcolaboratorios, el funcionario destaca que el cartel se encuentra en horas bajas, aunque no subestima el poder\u00edo que a\u00fan conserva. \u201cCuando llegamos al Gobierno, en Culiac\u00e1n se ven\u00edan convoyes de camionetas. Hoy eso ya no se ve. Sin embargo, no podemos decir que el Cartel de Sinaloa est\u00e9 disminuido. Est\u00e1 afectado, s\u00ed\u201d, ha dicho en entrevista con W Radio. \u201cHa habido una cantidad de detenciones impresionantes, s\u00ed. Pero, definitivamente, tiene un poder econ\u00f3mico importante, y un poder de fuego que necesitamos continuar mermando\u201d.<\/p>\n\n\n\n<p class=\"wp-block-paragraph\">Garc\u00eda Harfuch ha remitido tambi\u00e9n al d\u00eda en que Nemesio Oseguera, El Mencho, m\u00e1ximo l\u00edder del Cartel Jalisco Nueva Generaci\u00f3n (CJNG), fue abatido en una operaci\u00f3n encabezada por el Ej\u00e9rcito y en la que M\u00e9xico recibi\u00f3 apoyo de inteligencia de Estados Unidos. El operativo, una madrugada de febrero de este a\u00f1o, implic\u00f3 un duro enfrentamiento con los pistoleros del capo. Horas despu\u00e9s, el cartel coordin\u00f3 bloqueos en varias autopistas del Estado. \u201cLamentablemente, tenemos organizaciones criminales con mucho poder de fuego y con mucho poder econ\u00f3mico. Se vio en el operativo del 22 de febrero, con la muerte de Nemesio Oseguera. Se vio el poder de fuego y reacci\u00f3n de estos grupos criminales. O con otras detenciones que hemos tenido\u201d, ha indicado Garc\u00eda Harfuch.<\/p>\n\n\n\n<p class=\"wp-block-paragraph\">El funcionario ha se\u00f1alado que los operativos de las fuerzas de Seguridad en todo el pa\u00eds han representado duros golpes a las estructuras de los carteles: 32.000 armas de fuego aseguradas \u2014el 20% solo en Sinaloa\u2014 y 2.700 laboratorios clandestinos destruidos y asegurados. \u201cEso verdaderamente les afecta su cadena log\u00edstica de producci\u00f3n y de ingreso de dinero, porque son millones de dosis que se dejan de comercializar, que son millones de d\u00f3lares\u201d, ha explicado. Garc\u00eda Harfuch tambi\u00e9n ha destacado la detenci\u00f3n de 66.000 personas vinculadas a delitos de alto impacto, cifra que, precis\u00f3, representa un 14% de poblaci\u00f3n penitenciaria m\u00e1s en estos dos a\u00f1os de Gobierno.<\/p>\n\n\n\n<p class=\"wp-block-paragraph\">Garc\u00eda Harfuch ha destacado en la entrevista la disminuci\u00f3n del 51% en homicidios alcanzada en la gesti\u00f3n de Sheinbaum, al pasar de un promedio de 86 asesinatos diarios a 42. \u201cEsto nunca hab\u00eda ocurrido en nuestro pa\u00eds. Y esto es una buena noticia para M\u00e9xico\u201d, ha apuntado. Los resultados de la estrategia de Seguridad, que \u00e9l coordina por mandato de la presidenta, le han dado a Garc\u00eda Harfuch una inevitable proyecci\u00f3n pol\u00edtica. Recientemente, el titular de la DEA, la agencia antinarc\u00f3ticos de EE UU, Terry Cole, hizo un reconocimiento p\u00fablico al funcionario mexicano, al que llam\u00f3 \u201csocio de confianza\u201d y \u201camigo de Estados Unidos\u201d. El mensaje de Cole fue le\u00eddo en clave pol\u00edtica en M\u00e9xico.<\/p>\n\n\n\n<p class=\"wp-block-paragraph\">Con las elecciones intermedias en puerta, las aguas de la pol\u00edtica mexicana se est\u00e1n moviendo. Una nueva C\u00e1mara de Diputados se configurar\u00e1 en 2027, lo mismo que los gobiernos de m\u00e1s de la mitad de los Estados. Se trata de la plataforma natural hacia las presidenciales de 2030. Sheinbaum ha advertido que Washington pretende convertirse en un nuevo elector, y ha enviado al Congreso iniciativas para blindar los comicios de una eventual injerencia extranjera. Preguntada esta semana por el aparente espaldarazo a Garc\u00eda Harfuch desde EE UU, la presidenta dijo que se trata de una \u201cestrategia\u201d para dividir a gobiernos independientes. \u201cEs una de sus estrategias, no de ahora, de siempre: generar divisiones al interior del Gabinete de Seguridad. Son t\u00e1cticas que usan ellos de injerencia\u201d, afirm\u00f3. Garc\u00eda Harfuch ha comentado que coincide con la lectura de Sheinbaum, pero descart\u00f3 un impulso pol\u00edtico de parte de Estados Unidos hacia \u00e9l. \u201cCuando hay declaraciones hacia m\u00ed, es porque yo soy la cara visible del Gabinete de Seguridad\u201d, ha resumido.<\/p>\n\n\n\n<p class=\"wp-block-paragraph\"><a href=\"https:\/\/elpais.com\/mexico\/2026-09-03\/omar-harfuch-el-cartel-de-sinaloa-esta-afectado-pero-aun-tiene-un-poder-economico-y-de-fuego-que-necesitamos-mermar.html\">https:\/\/elpais.com\/mexico\/2026-09-03\/omar-harfuch-el-cartel-de-sinaloa-esta-afectado-pero-aun-tiene-un-poder-economico-y-de-fuego-que-necesitamos-mermar.html<\/a><\/p>\n","protected":false},"excerpt":{"rendered":"<p>El secretario de Seguridad defiende los resultados de la estrategia del Gobierno contra los carteles, y destaca la detenci\u00f3n de 66.000 personas por delitos de alto impacto Tomado de El Pa\u00eds S\u00e1shenka Guti\u00e9rrez (EFE) Jueves 3 de septiembre de 2026 El secretario de Seguridad federal, Omar Garc\u00eda Harfuch, ha defendido la estrategia del Gobierno de [&hellip;]<\/p>\n","protected":false},"author":1,"featured_media":44717,"comment_status":"open","ping_status":"open","sticky":false,"template":"","format":"standard","meta":{"content-type":"","footnotes":""},"categories":[3,105,113],"tags":[],"class_list":["post-44716","post","type-post","status-publish","format-standard","has-post-thumbnail","category-mexico","category-principal","category-seguridad"],"_links":{"self":[{"href":"https:\/\/www.regioncuatronoticias.com\/index.php\/wp-json\/wp\/v2\/posts\/44716","targetHints":{"allow":["GET"]}}],"collection":[{"href":"https:\/\/www.regioncuatronoticias.com\/index.php\/wp-json\/wp\/v2\/posts"}],"about":[{"href":"https:\/\/www.regioncuatronoticias.com\/index.php\/wp-json\/wp\/v2\/types\/post"}],"author":[{"embeddable":true,"href":"https:\/\/www.regioncuatronoticias.com\/index.php\/wp-json\/wp\/v2\/users\/1"}],"replies":[{"embeddable":true,"href":"https:\/\/www.regioncuatronoticias.com\/index.php\/wp-json\/wp\/v2\/comments?post=44716"}],"version-history":[{"count":1,"href":"https:\/\/www.regioncuatronoticias.com\/index.php\/wp-json\/wp\/v2\/posts\/44716\/revisions"}],"predecessor-version":[{"id":44718,"href":"https:\/\/www.regioncuatronoticias.com\/index.php\/wp-json\/wp\/v2\/posts\/44716\/revisions\/44718"}],"wp:featuredmedia":[{"embeddable":true,"href":"https:\/\/www.regioncuatronoticias.com\/index.php\/wp-json\/wp\/v2\/media\/44717"}],"wp:attachment":[{"href":"https:\/\/www.regioncuatronoticias.com\/index.php\/wp-json\/wp\/v2\/media?parent=44716"}],"wp:term":[{"taxonomy":"category","embeddable":true,"href":"https:\/\/www.regioncuatronoticias.com\/index.php\/wp-json\/wp\/v2\/categories?post=44716"},{"taxonomy":"post_tag","embeddable":true,"href":"https:\/\/www.regioncuatronoticias.com\/index.php\/wp-json\/wp\/v2\/tags?post=44716"}],"curies":[{"name":"wp","href":"https:\/\/api.w.org\/{rel}","templated":true}]}}