{"id":44702,"date":"2026-09-03T19:49:37","date_gmt":"2026-09-04T02:49:37","guid":{"rendered":"https:\/\/www.regioncuatronoticias.com\/?p=44702"},"modified":"2026-09-03T19:49:40","modified_gmt":"2026-09-04T02:49:40","slug":"coordinador-de-mc-hermosillo-rogelio-cota-tambien-deja-las-filas-de-movimiento-ciudadano","status":"publish","type":"post","link":"https:\/\/www.regioncuatronoticias.com\/index.php\/2026\/09\/03\/coordinador-de-mc-hermosillo-rogelio-cota-tambien-deja-las-filas-de-movimiento-ciudadano\/","title":{"rendered":"Coordinador de MC Hermosillo, Rogelio Cota, tambi\u00e9n deja las filas de Movimiento Ciudadano"},"content":{"rendered":"\n<p class=\"wp-block-paragraph\">Rogelio Cota, coordinador en Hermosillo del llamado partido \u201cnaranja\u201d, renunci\u00f3 a su militancia y adhesi\u00f3n a esta organizaci\u00f3n pol\u00edtica a la cual tambi\u00e9n abandon\u00f3 Natalia Rivera Grijalva, dirigente a nivel estatal.<\/p>\n\n\n\n<p class=\"wp-block-paragraph\">Su salida, seg\u00fan explic\u00f3, se debi\u00f3 a la inconformidad que ha generado la dirigencia nacional con sus decisiones a nivel local con miras a conseguir la gubernatura en 2027.<\/p>\n\n\n\n<p class=\"wp-block-paragraph\">En el caso de Natalia Rivera en fue en protesta porque la dirigencia nacional le abri\u00f3 las puertas al grupo pol\u00edtico de Alejandro L\u00f3pez Caballero, exalcalde panista de Hermosillo y cercano al ex gobernador Guillermo Padr\u00e9s.<\/p>\n\n\n\n<p class=\"wp-block-paragraph\">\u201cS\u00ed, me voy de Movimiento Ciudadano, despu\u00e9s de una reflexi\u00f3n con mi equipo de trabajo, de una reflexi\u00f3n con mi familia; de una reflexi\u00f3n con amigos que han construido conmigo estos 6 a\u00f1os. He tomado la decisi\u00f3n de irme de Movimiento Ciudadano\u201d, declar\u00f3 Cota en una entrevista con Proyecto Puente.<\/p>\n\n\n\n<p class=\"wp-block-paragraph\">Asegur\u00f3 que seguir en MC ya no respond\u00eda a sus principios y valores.<\/p>\n\n\n\n<p class=\"wp-block-paragraph\">\u201cNos cierra las puertas de una manera indirecta, nos cierra las puertas fuera de la construcci\u00f3n social que se pod\u00eda hacer, y yo no voy a permitir, yo no voy a permitir, en lo que a m\u00ed me toca; ser parte de una situaci\u00f3n que no acompa\u00f1e mis valores y mis principios\u201d, afirm\u00f3.<\/p>\n\n\n\n<p class=\"wp-block-paragraph\">Reconoci\u00f3 que s\u00f3lo gente del senador Luis Donaldo Colosio, quien ser\u00e1 la propuesta de MC para la Gubernatura, le pidi\u00f3 que valorara su decisi\u00f3n.<\/p>\n\n\n\n<p class=\"wp-block-paragraph\">Sin se\u00f1alar que la causa sea la llegada de L\u00f3pez Caballero a MC, Rogelio Cota dijo que estuvo en el partido naranja para construir y para dignificar la pol\u00edtica, pero se han dado otras condiciones por la adhesi\u00f3n de otros perfiles.<\/p>\n\n\n\n<p class=\"wp-block-paragraph\">\u201cPero, realmente las cosas se han desviado. Se han desviado al grado de que se empiezan a tomar decisiones cupulares, se han desviado al grado de que no hay una valoraci\u00f3n real del trabajo.<\/p>\n\n\n\n<p class=\"wp-block-paragraph\">\u201cY uno no puede estar donde no lo valoran, uno no puede estar donde no est\u00e1 a gusto, porque somos hombres y mujeres libres que queremos hacer pol\u00edtica de pie\u201d, dijo al expresar su desacuerdo por decisiones que toma la dirigencia de Jorge \u00c1lvarez M\u00e1ynez.<\/p>\n\n\n\n<p class=\"wp-block-paragraph\">Agreg\u00f3 que se sum\u00f3 a MC como ciudadano, a fin de construir un proyecto pol\u00edtico para Hermosillo y para Sonora.<\/p>\n\n\n\n<p class=\"wp-block-paragraph\">\u201cY si no valoran lo que uno hace, pues que les vaya muy bien, nosotros seguimos haciendo pol\u00edtica\u201d, expres\u00f3 Cota.<\/p>\n\n\n\n<p class=\"wp-block-paragraph\">Afirm\u00f3 que se han desviado de lo \u201cmarca el libro\u201d, respecto a que MC hace pol\u00edtica a trav\u00e9s de causas de la sociedad civil y de las personas, quienes le dan valor a Movimiento Ciudadano y han contribuido al crecimiento del partido.<\/p>\n\n\n\n<p class=\"wp-block-paragraph\">\u201cSon esas personas quienes han construido desde lo local, que es otra parte del precepto. Son esas personas quienes dan la cara todos los d\u00edas con la ciudadan\u00eda.<\/p>\n\n\n\n<p class=\"wp-block-paragraph\">\u201cY s\u00ed es cierto, la puerta est\u00e1 muy grande para entrar o para salir del Movimiento Ciudadano, pero siempre se tienen que hacer juicios de valor, no s\u00f3lo cuantitativos, sino cualitativos, porque eso es lo que exige la sociedad: personas comprometidas, con ganas de hacer las cosas bien, con un proyecto real, con un proyecto tangible, y no nada m\u00e1s gente que se cuelgue, no solos de los que llegan a nivel nacional y a nivel local\u201d, sostuvo.<\/p>\n\n\n\n<p class=\"wp-block-paragraph\">Se\u00f1al\u00f3 que tiene un proyecto pol\u00edtico para Hermosillo y Sonora, para que las mejores personas lleguen a los puestos de elecci\u00f3n popular.<\/p>\n\n\n\n<p class=\"wp-block-paragraph\">Aunque coment\u00f3 que con Jorge \u00c1lvarez M\u00e1ynez tiene una \u201cgran amistad\u201d, consider\u00f3 que el coordinador nacional de MC hizo valoraciones sobre c\u00f3mo fortalecer al partido sin considerar a la gente que ha trabajado por el partido en Sonora.<\/p>\n\n\n\n<p class=\"wp-block-paragraph\">\u201cCreo que en ocasiones es complicado, dar equilibrio o entendimiento de lo que realmente est\u00e1 pasando en piso. Ya veremos qui\u00e9n realmente est\u00e1 trabajando\u201d, se\u00f1al\u00f3 sobre la falta de reconocimiento a su trabajo como dirigente en Hermosillo.<\/p>\n\n\n\n<p class=\"wp-block-paragraph\">Sobre Colosio Riojas, agreg\u00f3 que el senador, como \u00e9l, tienen un apellido que no les pertenece, que es de sus hijos.<\/p>\n\n\n\n<p class=\"wp-block-paragraph\">\u201cYo espero de Luis Donaldo que, en esa valoraci\u00f3n que \u00e9l hace de venir a Sonora a construir, tenga presente tambi\u00e9n el tema de su apellido para sus hijos, porque tambi\u00e9n ser\u00e1 importante con qui\u00e9n ese apellido termina por juntarse.<\/p>\n\n\n\n<p class=\"wp-block-paragraph\">\u201cMe refiero por la llegada del grupo que est\u00e1 en pol\u00e9mica o cualquier grupo, porque hay muchos grupos aqu\u00ed, algunos de alto valor, alto respeto, y otros que realmente, pues, le fallaron a Hermosillo y a Sonora\u201d, dijo en referencia L\u00f3pez Caballero.<\/p>\n","protected":false},"excerpt":{"rendered":"<p>Rogelio Cota, coordinador en Hermosillo del llamado partido \u201cnaranja\u201d, renunci\u00f3 a su militancia y adhesi\u00f3n a esta organizaci\u00f3n pol\u00edtica a la cual tambi\u00e9n abandon\u00f3 Natalia Rivera Grijalva, dirigente a nivel estatal. Su salida, seg\u00fan explic\u00f3, se debi\u00f3 a la inconformidad que ha generado la dirigencia nacional con sus decisiones a nivel local con miras a [&hellip;]<\/p>\n","protected":false},"author":1,"featured_media":44703,"comment_status":"open","ping_status":"open","sticky":false,"template":"","format":"standard","meta":{"content-type":"","footnotes":""},"categories":[8,115],"tags":[],"class_list":["post-44702","post","type-post","status-publish","format-standard","has-post-thumbnail","category-hermosillo","category-politica"],"_links":{"self":[{"href":"https:\/\/www.regioncuatronoticias.com\/index.php\/wp-json\/wp\/v2\/posts\/44702","targetHints":{"allow":["GET"]}}],"collection":[{"href":"https:\/\/www.regioncuatronoticias.com\/index.php\/wp-json\/wp\/v2\/posts"}],"about":[{"href":"https:\/\/www.regioncuatronoticias.com\/index.php\/wp-json\/wp\/v2\/types\/post"}],"author":[{"embeddable":true,"href":"https:\/\/www.regioncuatronoticias.com\/index.php\/wp-json\/wp\/v2\/users\/1"}],"replies":[{"embeddable":true,"href":"https:\/\/www.regioncuatronoticias.com\/index.php\/wp-json\/wp\/v2\/comments?post=44702"}],"version-history":[{"count":1,"href":"https:\/\/www.regioncuatronoticias.com\/index.php\/wp-json\/wp\/v2\/posts\/44702\/revisions"}],"predecessor-version":[{"id":44704,"href":"https:\/\/www.regioncuatronoticias.com\/index.php\/wp-json\/wp\/v2\/posts\/44702\/revisions\/44704"}],"wp:featuredmedia":[{"embeddable":true,"href":"https:\/\/www.regioncuatronoticias.com\/index.php\/wp-json\/wp\/v2\/media\/44703"}],"wp:attachment":[{"href":"https:\/\/www.regioncuatronoticias.com\/index.php\/wp-json\/wp\/v2\/media?parent=44702"}],"wp:term":[{"taxonomy":"category","embeddable":true,"href":"https:\/\/www.regioncuatronoticias.com\/index.php\/wp-json\/wp\/v2\/categories?post=44702"},{"taxonomy":"post_tag","embeddable":true,"href":"https:\/\/www.regioncuatronoticias.com\/index.php\/wp-json\/wp\/v2\/tags?post=44702"}],"curies":[{"name":"wp","href":"https:\/\/api.w.org\/{rel}","templated":true}]}}