{"id":44699,"date":"2026-09-03T18:26:51","date_gmt":"2026-09-04T01:26:51","guid":{"rendered":"https:\/\/www.regioncuatronoticias.com\/?p=44699"},"modified":"2026-09-03T18:26:52","modified_gmt":"2026-09-04T01:26:52","slug":"detienen-a-tres-sujetos-por-ataque-al-cum-hermosillo-y-a-un-influencer-vinculado-a-promocion-y-venta-de-drogas","status":"publish","type":"post","link":"https:\/\/www.regioncuatronoticias.com\/index.php\/2026\/09\/03\/detienen-a-tres-sujetos-por-ataque-al-cum-hermosillo-y-a-un-influencer-vinculado-a-promocion-y-venta-de-drogas\/","title":{"rendered":"Detienen a tres sujetos por ataque al CUM Hermosillo y a un \u2018influencer\u2019 vinculado a promoci\u00f3n y venta de drogas"},"content":{"rendered":"\n<p class=\"wp-block-paragraph\">Tomado de Proyecto Puente<\/p>\n\n\n\n<p class=\"wp-block-paragraph\">Redacci\u00f3n<\/p>\n\n\n\n<p class=\"wp-block-paragraph\">Jueves 3 de septiembre de 2026<\/p>\n\n\n\n<p class=\"wp-block-paragraph\">Hermosillo, Sonora.- Tres personas fueron detenidas por su presunta relaci\u00f3n con los hechos ocurridos en el CUM de Hermosillo, adem\u00e1s de un hombre que se autodenominaba influencer y que presuntamente se dedicaba a promocionar la venta de drogas en diversos eventos, inform\u00f3 Gustavo R\u00f3mulo Salas Ch\u00e1vez, titular de la Fiscal\u00eda General de Justicia del Estado de Sonora (FGJE).<\/p>\n\n\n\n<p class=\"wp-block-paragraph\">\u201cEstas tres personas se encuentran declarando, est\u00e1n identificados y adem\u00e1s est\u00e1n relacionados con diversos homicidios que se han venido cometiendo en la capital del estado\u201d, se\u00f1al\u00f3 Salas Ch\u00e1vez.<\/p>\n\n\n\n<p class=\"wp-block-paragraph\">El fiscal indic\u00f3 que los tres detenidos ser\u00e1n puestos a disposici\u00f3n del juez correspondiente en las pr\u00f3ximas horas, una vez que concluyan las diligencias respectivas.<\/p>\n\n\n\n<p class=\"wp-block-paragraph\">Adem\u00e1s, inform\u00f3 sobre la captura de un hombre que se autodenominaba influencer y que presuntamente se dedicaba a promocionar la venta de drogas durante diversos eventos. El sujeto contaba, adem\u00e1s, con una orden de aprehensi\u00f3n por violaci\u00f3n.<\/p>\n\n\n\n<p class=\"wp-block-paragraph\">Las autoridades del Ministerio P\u00fablico contin\u00faan con las investigaciones en las que estar\u00edan involucradas otras personas que formaron parte del elenco programado y que cuentan con carpetas de investigaci\u00f3n abiertas. Estas indagatorias, indic\u00f3 el fiscal, podr\u00edan ser judicializadas en las pr\u00f3ximas horas o d\u00edas.<\/p>\n\n\n\n<p class=\"wp-block-paragraph\">\u201cTenemos tres detenidos con los hechos y un cuarto sujeto vinculado con esta promoci\u00f3n o apolog\u00eda de delito que ven\u00eda realizando este individuo y que cada vez que llegaba a un lugar donde promocionaba este sitio sobreven\u00eda una agresi\u00f3n del grupo rival a cometer homicidios en agravio de las personas que manejaban estos sitios\u201d, indic\u00f3.<\/p>\n\n\n\n<p class=\"wp-block-paragraph\">Finalmente, el titular de la FGJE Sonora se\u00f1al\u00f3 que las autoridades continuar\u00e1n trabajando en las investigaciones y que los avances se informan a la poblaci\u00f3n en cumplimiento del derecho de acceso a la informaci\u00f3n.<\/p>\n\n\n\n<p class=\"wp-block-paragraph\"><a href=\"https:\/\/proyectopuente.com.mx\/2026\/09\/03\/detienen-a-tres-por-ataque-al-cum-hermosillo-y-a-un-influencer-vinculado-a-promocion-y-venta-de-drogas\/\">https:\/\/proyectopuente.com.mx\/2026\/09\/03\/detienen-a-tres-por-ataque-al-cum-hermosillo-y-a-un-influencer-vinculado-a-promocion-y-venta-de-drogas\/<\/a><\/p>\n","protected":false},"excerpt":{"rendered":"<p>Tomado de Proyecto Puente Redacci\u00f3n Jueves 3 de septiembre de 2026 Hermosillo, Sonora.- Tres personas fueron detenidas por su presunta relaci\u00f3n con los hechos ocurridos en el CUM de Hermosillo, adem\u00e1s de un hombre que se autodenominaba influencer y que presuntamente se dedicaba a promocionar la venta de drogas en diversos eventos, inform\u00f3 Gustavo R\u00f3mulo [&hellip;]<\/p>\n","protected":false},"author":1,"featured_media":44700,"comment_status":"open","ping_status":"open","sticky":false,"template":"","format":"standard","meta":{"content-type":"","footnotes":""},"categories":[8,113],"tags":[],"class_list":["post-44699","post","type-post","status-publish","format-standard","has-post-thumbnail","category-hermosillo","category-seguridad"],"_links":{"self":[{"href":"https:\/\/www.regioncuatronoticias.com\/index.php\/wp-json\/wp\/v2\/posts\/44699","targetHints":{"allow":["GET"]}}],"collection":[{"href":"https:\/\/www.regioncuatronoticias.com\/index.php\/wp-json\/wp\/v2\/posts"}],"about":[{"href":"https:\/\/www.regioncuatronoticias.com\/index.php\/wp-json\/wp\/v2\/types\/post"}],"author":[{"embeddable":true,"href":"https:\/\/www.regioncuatronoticias.com\/index.php\/wp-json\/wp\/v2\/users\/1"}],"replies":[{"embeddable":true,"href":"https:\/\/www.regioncuatronoticias.com\/index.php\/wp-json\/wp\/v2\/comments?post=44699"}],"version-history":[{"count":1,"href":"https:\/\/www.regioncuatronoticias.com\/index.php\/wp-json\/wp\/v2\/posts\/44699\/revisions"}],"predecessor-version":[{"id":44701,"href":"https:\/\/www.regioncuatronoticias.com\/index.php\/wp-json\/wp\/v2\/posts\/44699\/revisions\/44701"}],"wp:featuredmedia":[{"embeddable":true,"href":"https:\/\/www.regioncuatronoticias.com\/index.php\/wp-json\/wp\/v2\/media\/44700"}],"wp:attachment":[{"href":"https:\/\/www.regioncuatronoticias.com\/index.php\/wp-json\/wp\/v2\/media?parent=44699"}],"wp:term":[{"taxonomy":"category","embeddable":true,"href":"https:\/\/www.regioncuatronoticias.com\/index.php\/wp-json\/wp\/v2\/categories?post=44699"},{"taxonomy":"post_tag","embeddable":true,"href":"https:\/\/www.regioncuatronoticias.com\/index.php\/wp-json\/wp\/v2\/tags?post=44699"}],"curies":[{"name":"wp","href":"https:\/\/api.w.org\/{rel}","templated":true}]}}