{"id":44696,"date":"2026-09-03T18:10:41","date_gmt":"2026-09-04T01:10:41","guid":{"rendered":"https:\/\/www.regioncuatronoticias.com\/?p=44696"},"modified":"2026-09-03T18:11:55","modified_gmt":"2026-09-04T01:11:55","slug":"ine-envia-a-ople-de-sonora-queja-de-mc-contra-el-gobernador-alfonso-durazo-lo-acusa-de-uso-indebido-de-recursos-publicos","status":"publish","type":"post","link":"https:\/\/www.regioncuatronoticias.com\/index.php\/2026\/09\/03\/ine-envia-a-ople-de-sonora-queja-de-mc-contra-el-gobernador-alfonso-durazo-lo-acusa-de-uso-indebido-de-recursos-publicos\/","title":{"rendered":"INE env\u00eda a Ople de Sonora queja de MC contra el gobernador Alfonso Durazo; lo acusa de uso indebido de recursos p\u00fablicos"},"content":{"rendered":"\n<p class=\"wp-block-paragraph\">Tomado de La Jornada<\/p>\n\n\n\n<p class=\"wp-block-paragraph\">Fabiola Mart\u00ednez<\/p>\n\n\n\n<p class=\"wp-block-paragraph\">Jueves 3 de septiembre de 2026<\/p>\n\n\n\n<p class=\"wp-block-paragraph\">Ciudad de M\u00e9xico. El Instituto Nacional Electoral (INE) envi\u00f3 al Organismo P\u00fablico Local Electoral (Ople) de Sonora la queja de Movimiento Ciudadano (MC) en contra del gobernador de la entidad Alfonso Durazo.<\/p>\n\n\n\n<p class=\"wp-block-paragraph\">En la v\u00edspera, MC present\u00f3 la queja ante el INE por presunto uso indebido de recursos p\u00fablicos, y vulneraci\u00f3n a los principios de imparcialidad y Neutralidad por parte de Durazo, debido a sus expresiones relativas a Luis Donaldo Colosio Riojas, actual senador por MC.<\/p>\n\n\n\n<p class=\"wp-block-paragraph\">La Unidad T\u00e9cnica de lo Contencioso Electoral del INE consider\u00f3 que se trata de un asunto local &#8211; por la calidad de gobernador de la persona denunciada- que debe atender y resolver el Ople.<\/p>\n\n\n\n<p class=\"wp-block-paragraph\">El caso surgi\u00f3 cuando el gobernador de Sonora respondi\u00f3 a los se\u00f1alamientos que hizo Colosio con motivo del segundo Informe de la presidenta Claudia Sheinbaum.<\/p>\n\n\n\n<p class=\"wp-block-paragraph\">En su cuenta de X, el mandatario morenista public\u00f3 un posicionamiento dirigido al legislador, a quien dijo tener afecto, pero cuya intervenci\u00f3n en la C\u00e1mara alta consider\u00f3 necesario se\u00f1alar. \u201cLuis Donaldo &#8211; dijo el gobernador- tiene mucho futuro, pero \u00e9ste no le ha llegado todav\u00eda. Tiene mucho a\u00fan por aprender y mucho m\u00e1s a\u00fan por madurar. La ret\u00f3rica, por buena y efectista que sea, no puede superar jam\u00e1s a la experiencia.<\/p>\n\n\n\n<p class=\"wp-block-paragraph\"><a href=\"https:\/\/www.jornada.com.mx\/noticia\/2026\/09\/03\/politica\/mc-presento-queja-contra-el-gobernador-de-sonora-alfonso-durazo-lo-acusa-de-uso-indebido-de-recursos-publicos\">https:\/\/www.jornada.com.mx\/noticia\/2026\/09\/03\/politica\/mc-presento-queja-contra-el-gobernador-de-sonora-alfonso-durazo-lo-acusa-de-uso-indebido-de-recursos-publicos<\/a><\/p>\n","protected":false},"excerpt":{"rendered":"<p>Tomado de La Jornada Fabiola Mart\u00ednez Jueves 3 de septiembre de 2026 Ciudad de M\u00e9xico. El Instituto Nacional Electoral (INE) envi\u00f3 al Organismo P\u00fablico Local Electoral (Ople) de Sonora la queja de Movimiento Ciudadano (MC) en contra del gobernador de la entidad Alfonso Durazo. En la v\u00edspera, MC present\u00f3 la queja ante el INE por [&hellip;]<\/p>\n","protected":false},"author":1,"featured_media":44697,"comment_status":"open","ping_status":"open","sticky":false,"template":"","format":"standard","meta":{"content-type":"","footnotes":""},"categories":[115,9],"tags":[],"class_list":["post-44696","post","type-post","status-publish","format-standard","has-post-thumbnail","category-politica","category-sonora"],"_links":{"self":[{"href":"https:\/\/www.regioncuatronoticias.com\/index.php\/wp-json\/wp\/v2\/posts\/44696","targetHints":{"allow":["GET"]}}],"collection":[{"href":"https:\/\/www.regioncuatronoticias.com\/index.php\/wp-json\/wp\/v2\/posts"}],"about":[{"href":"https:\/\/www.regioncuatronoticias.com\/index.php\/wp-json\/wp\/v2\/types\/post"}],"author":[{"embeddable":true,"href":"https:\/\/www.regioncuatronoticias.com\/index.php\/wp-json\/wp\/v2\/users\/1"}],"replies":[{"embeddable":true,"href":"https:\/\/www.regioncuatronoticias.com\/index.php\/wp-json\/wp\/v2\/comments?post=44696"}],"version-history":[{"count":1,"href":"https:\/\/www.regioncuatronoticias.com\/index.php\/wp-json\/wp\/v2\/posts\/44696\/revisions"}],"predecessor-version":[{"id":44698,"href":"https:\/\/www.regioncuatronoticias.com\/index.php\/wp-json\/wp\/v2\/posts\/44696\/revisions\/44698"}],"wp:featuredmedia":[{"embeddable":true,"href":"https:\/\/www.regioncuatronoticias.com\/index.php\/wp-json\/wp\/v2\/media\/44697"}],"wp:attachment":[{"href":"https:\/\/www.regioncuatronoticias.com\/index.php\/wp-json\/wp\/v2\/media?parent=44696"}],"wp:term":[{"taxonomy":"category","embeddable":true,"href":"https:\/\/www.regioncuatronoticias.com\/index.php\/wp-json\/wp\/v2\/categories?post=44696"},{"taxonomy":"post_tag","embeddable":true,"href":"https:\/\/www.regioncuatronoticias.com\/index.php\/wp-json\/wp\/v2\/tags?post=44696"}],"curies":[{"name":"wp","href":"https:\/\/api.w.org\/{rel}","templated":true}]}}