{"id":44693,"date":"2026-09-03T18:07:44","date_gmt":"2026-09-04T01:07:44","guid":{"rendered":"https:\/\/www.regioncuatronoticias.com\/?p=44693"},"modified":"2026-09-03T18:08:39","modified_gmt":"2026-09-04T01:08:39","slug":"de-mi-futuro-me-encargo-yo-luis-donaldo-colosio-riojas-responde-a-alfonso-durazo-por-su-postura-frente-a-la-4t","status":"publish","type":"post","link":"https:\/\/www.regioncuatronoticias.com\/index.php\/2026\/09\/03\/de-mi-futuro-me-encargo-yo-luis-donaldo-colosio-riojas-responde-a-alfonso-durazo-por-su-postura-frente-a-la-4t\/","title":{"rendered":"\u201cDe mi futuro me encargo yo\u201d: Luis Donaldo Colosio Riojas responde a Alfonso Durazo por su postura frente a la 4T"},"content":{"rendered":"\n<p class=\"wp-block-paragraph\"><strong>El emecista Luis Donaldo Colosio Riojas respondi\u00f3 a Alfonso Durazo, quien cuestion\u00f3 su experiencia pol\u00edtica tras criticas hacia la 4T<\/strong><\/p>\n\n\n\n<p class=\"wp-block-paragraph\">Tomado de L\u00f3pez-D\u00f3riga Digital<\/p>\n\n\n\n<p class=\"wp-block-paragraph\">Redacci\u00f3n<\/p>\n\n\n\n<p class=\"wp-block-paragraph\">Mi\u00e9rcoles 2 de septiembre de 2026<\/p>\n\n\n\n<p class=\"wp-block-paragraph\">Luis Donaldo Colosio Riojas, senador por Movimiento Ciudadano, respondi\u00f3 al mensaje emitido en redes sociales por el gobernador de Sonora, Alfonso Durazo, quien cuestion\u00f3 su experiencia en la pol\u00edtica tras su discurso en la apertura del primer periodo de sesiones ordinarias del tercer a\u00f1o de ejercicio de la LXVI Legislatura, en donde hizo una fuerte cr\u00edtica a la Cuarta Transformaci\u00f3n (4T).<\/p>\n\n\n\n<p class=\"wp-block-paragraph\">En entrevista con Joaqu\u00edn L\u00f3pez-D\u00f3riga para su espacio en Radio F\u00f3rmula, Colosio Riojas sugiri\u00f3 a Durazo Monta\u00f1o enfocarse en atender los problemas de Sonora.<\/p>\n\n\n\n<p class=\"wp-block-paragraph\">\u201cHay que tener la madurez emocional para poder ver esas cosas y no inmutarse (\u2026) Entiendo que el mensaje que expres\u00e9 el d\u00eda de ayer cal\u00f3 tanto al grado que pues desde el nacional mandaron a un gobernador a responderme. Sin embargo, yo no voy a caer en sus provocaciones ni sus descalificativos\u201d, dijo.<\/p>\n\n\n\n<figure class=\"wp-block-embed is-type-video is-provider-youtube wp-block-embed-youtube wp-embed-aspect-16-9 wp-has-aspect-ratio\"><div class=\"wp-block-embed__wrapper\">\n<iframe loading=\"lazy\" title=\"En la defensa de la patria, la unidad est\u00e1 por encima de toda diferencia: Sen. Colosio (GPMC)\" width=\"1170\" height=\"658\" src=\"https:\/\/www.youtube.com\/embed\/LNpn6tXAJS4?feature=oembed\" frameborder=\"0\" allow=\"accelerometer; autoplay; clipboard-write; encrypted-media; gyroscope; picture-in-picture; web-share\" referrerpolicy=\"strict-origin-when-cross-origin\" allowfullscreen><\/iframe>\n<\/div><\/figure>\n\n\n\n<p class=\"wp-block-paragraph\">\u201cYo le deseo el mayor de los \u00e9xitos y de nuevo le insto a que le ponga toda la atenci\u00f3n al proyecto de Sonora y no a mi persona, porque el Estado necesita de toda su atenci\u00f3n\u201d, asever\u00f3.<\/p>\n\n\n\n<p class=\"wp-block-paragraph\">El legislador emecista reiter\u00f3 el afecto personal que le guarda a Durazo Monta\u00f1o debido a la relaci\u00f3n hist\u00f3rica con su entorno familiar, pero dej\u00f3 en claro la separaci\u00f3n entre lo personal y la labor pol\u00edtica.<\/p>\n\n\n\n<p class=\"wp-block-paragraph\">\u201cEn la comunicaci\u00f3n que le\u00ed de parte del gobernador pues hablaba mucho de mi futuro, y yo el d\u00eda de ayer no hablaba de mi futuro, hablaba del futuro de M\u00e9xico. Yo le tengo mucho aprecio al gobernador, no voy a caer en provocaciones\u201d, refiri\u00f3.<\/p>\n\n\n\n<p class=\"wp-block-paragraph\">\u201cYo en lo personal le tengo mucho afecto. Le deseo lo mejor de los resultados porque ahorita el estado de Sonora requiere de su atenci\u00f3n y pues mi futuro de mi futuro que no se preocupe, de mi futuro me encargo yo\u201d, lanz\u00f3.<\/p>\n\n\n\n<p class=\"wp-block-paragraph\">Sobre las especulaciones sobre si buscar\u00e1 competir por la gubernatura de Sonora, el senador de Movimiento Ciudadano adelant\u00f3 que su decisi\u00f3n ya est\u00e1 tomada, pero declin\u00f3 hacer un anuncio formal por el momento.<\/p>\n\n\n\n<p class=\"wp-block-paragraph\">Colosio Riojas enfatiz\u00f3 que se apegar\u00e1 estrictamente a los plazos marcados por la ley electoral evitar incurrir en actos anticipados de campa\u00f1a.<\/p>\n\n\n\n<p class=\"wp-block-paragraph\">\u201cA finales de a\u00f1o voy a anunciar mi decisi\u00f3n (\u2026) Por ah\u00ed del mes de noviembre, que ya los tiempos legales lo permitan, porque no vamos a caer tampoco en esos ejercicios groseros de actos anticipados meses antes de la contienda a plena luz del d\u00eda y con un absoluto silencio desde el poder\u201d, concluy\u00f3.<\/p>\n\n\n\n<p class=\"wp-block-paragraph\">Con informaci\u00f3n de L\u00f3pez-D\u00f3riga Digital<\/p>\n\n\n\n<p class=\"wp-block-paragraph\"><a href=\"https:\/\/lopezdoriga.com\/nacional\/de-mi-futuro-me-encargo-yo-luis-donaldo-colosio-riojas-responde-alfonso-durazo-criticas-postura-frente-4t\/\">https:\/\/lopezdoriga.com\/nacional\/de-mi-futuro-me-encargo-yo-luis-donaldo-colosio-riojas-responde-alfonso-durazo-criticas-postura-frente-4t\/<\/a><\/p>\n","protected":false},"excerpt":{"rendered":"<p>El emecista Luis Donaldo Colosio Riojas respondi\u00f3 a Alfonso Durazo, quien cuestion\u00f3 su experiencia pol\u00edtica tras criticas hacia la 4T Tomado de L\u00f3pez-D\u00f3riga Digital Redacci\u00f3n Mi\u00e9rcoles 2 de septiembre de 2026 Luis Donaldo Colosio Riojas, senador por Movimiento Ciudadano, respondi\u00f3 al mensaje emitido en redes sociales por el gobernador de Sonora, Alfonso Durazo, quien cuestion\u00f3 [&hellip;]<\/p>\n","protected":false},"author":1,"featured_media":44694,"comment_status":"open","ping_status":"open","sticky":false,"template":"","format":"standard","meta":{"content-type":"","footnotes":""},"categories":[3,115,105],"tags":[],"class_list":["post-44693","post","type-post","status-publish","format-standard","has-post-thumbnail","category-mexico","category-politica","category-principal"],"_links":{"self":[{"href":"https:\/\/www.regioncuatronoticias.com\/index.php\/wp-json\/wp\/v2\/posts\/44693","targetHints":{"allow":["GET"]}}],"collection":[{"href":"https:\/\/www.regioncuatronoticias.com\/index.php\/wp-json\/wp\/v2\/posts"}],"about":[{"href":"https:\/\/www.regioncuatronoticias.com\/index.php\/wp-json\/wp\/v2\/types\/post"}],"author":[{"embeddable":true,"href":"https:\/\/www.regioncuatronoticias.com\/index.php\/wp-json\/wp\/v2\/users\/1"}],"replies":[{"embeddable":true,"href":"https:\/\/www.regioncuatronoticias.com\/index.php\/wp-json\/wp\/v2\/comments?post=44693"}],"version-history":[{"count":1,"href":"https:\/\/www.regioncuatronoticias.com\/index.php\/wp-json\/wp\/v2\/posts\/44693\/revisions"}],"predecessor-version":[{"id":44695,"href":"https:\/\/www.regioncuatronoticias.com\/index.php\/wp-json\/wp\/v2\/posts\/44693\/revisions\/44695"}],"wp:featuredmedia":[{"embeddable":true,"href":"https:\/\/www.regioncuatronoticias.com\/index.php\/wp-json\/wp\/v2\/media\/44694"}],"wp:attachment":[{"href":"https:\/\/www.regioncuatronoticias.com\/index.php\/wp-json\/wp\/v2\/media?parent=44693"}],"wp:term":[{"taxonomy":"category","embeddable":true,"href":"https:\/\/www.regioncuatronoticias.com\/index.php\/wp-json\/wp\/v2\/categories?post=44693"},{"taxonomy":"post_tag","embeddable":true,"href":"https:\/\/www.regioncuatronoticias.com\/index.php\/wp-json\/wp\/v2\/tags?post=44693"}],"curies":[{"name":"wp","href":"https:\/\/api.w.org\/{rel}","templated":true}]}}