{"id":44668,"date":"2026-09-03T15:31:08","date_gmt":"2026-09-03T22:31:08","guid":{"rendered":"https:\/\/www.regioncuatronoticias.com\/?p=44668"},"modified":"2026-09-03T15:31:09","modified_gmt":"2026-09-03T22:31:09","slug":"concreta-imss-en-sonora-donacion-de-organos-en-hgz-no-2-de-hermosillo","status":"publish","type":"post","link":"https:\/\/www.regioncuatronoticias.com\/index.php\/2026\/09\/03\/concreta-imss-en-sonora-donacion-de-organos-en-hgz-no-2-de-hermosillo\/","title":{"rendered":"Concreta IMSS en Sonora donaci\u00f3n de \u00f3rganos en HGZ No. 2 de Hermosillo"},"content":{"rendered":"\n<p class=\"wp-block-paragraph\">Hermosillo, Sonora; septiembre 3 de 2026.- El Instituto Mexicano del Seguro Social (IMSS) en Sonora concret\u00f3 su primera donaci\u00f3n multiorg\u00e1nica del a\u00f1o dentro del Hospital General de Zona (HGZ) No. 2 en Hermosillo, gracias a que la familia de Benito \u201cN\u201d, de 48 a\u00f1os, tom\u00f3 esta importante decisi\u00f3n tras recibir el diagn\u00f3stico de muerte cerebral, como consecuencia de una enfermedad cerebrovascular.<\/p>\n\n\n\n<p class=\"wp-block-paragraph\">El coordinador de donaci\u00f3n de \u00f3rganos, doctor Rey David God\u00ednez Leyva del HGZ No. 2, inform\u00f3 que el paciente sufri\u00f3 una emergencia hipertensiva con hemorragia intracraneal, la cual le gener\u00f3 un da\u00f1o severo que procedi\u00f3 a un derrame y su posterior muerte cerebral.<\/p>\n\n\n\n<figure class=\"wp-block-image size-large\"><img loading=\"lazy\" loading=\"lazy\" decoding=\"async\" width=\"1279\" height=\"852\" src=\"https:\/\/www.regioncuatronoticias.com\/wp-content\/uploads\/2026\/09\/image-1279x852.png\" alt=\"\" class=\"wp-image-44670\" srcset=\"https:\/\/www.regioncuatronoticias.com\/wp-content\/uploads\/2026\/09\/image-1279x852.png 1279w, https:\/\/www.regioncuatronoticias.com\/wp-content\/uploads\/2026\/09\/image-639x426.png 639w, https:\/\/www.regioncuatronoticias.com\/wp-content\/uploads\/2026\/09\/image-767x511.png 767w, https:\/\/www.regioncuatronoticias.com\/wp-content\/uploads\/2026\/09\/image-330x220.png 330w, https:\/\/www.regioncuatronoticias.com\/wp-content\/uploads\/2026\/09\/image-615x410.png 615w, https:\/\/www.regioncuatronoticias.com\/wp-content\/uploads\/2026\/09\/image-420x280.png 420w, https:\/\/www.regioncuatronoticias.com\/wp-content\/uploads\/2026\/09\/image-859x572.png 859w, https:\/\/www.regioncuatronoticias.com\/wp-content\/uploads\/2026\/09\/image-1535x1023.png 1535w, https:\/\/www.regioncuatronoticias.com\/wp-content\/uploads\/2026\/09\/image-1536x1023.png 1536w, https:\/\/www.regioncuatronoticias.com\/wp-content\/uploads\/2026\/09\/image.png 1600w\" sizes=\"auto, (max-width: 1279px) 100vw, 1279px\" \/><\/figure>\n\n\n\n<p class=\"wp-block-paragraph\">\u201cDespu\u00e9s de informar a la familia la situaci\u00f3n, platicamos con ellos sobre la opci\u00f3n de donar \u00f3rganos y tejidos como una opci\u00f3n de dar vida despu\u00e9s de la vida y afortunadamente mostraron apertura y nos dijeron que s\u00ed, con esta decisi\u00f3n de empat\u00eda hacia el pr\u00f3jimo, este acto beneficiar\u00e1 a m\u00e1s de 30 personas\u201d, expuso.<\/p>\n\n\n\n<p class=\"wp-block-paragraph\">Previo a la cirug\u00eda de la donaci\u00f3n de \u00f3rganos, indic\u00f3, se entabl\u00f3 di\u00e1logo con otros nosocomios y lograron que los ri\u00f1ones fueran enviados al Hospital General Regional (HGR) de Culiac\u00e1n, Sinaloa, donde ser\u00e1n trasplantados a pacientes con enfermedades renales, quienes gracias a este acto de bondad tendr\u00e1n una nueva oportunidad de vida.<\/p>\n\n\n\n<p class=\"wp-block-paragraph\">\u201cEl tejido corneal se va a poner a disposici\u00f3n con un alta posibilidad de ser aceptado en el Centro M\u00e9dico Nacional de Occidente en Guadalajara, Jalisco, mientras que el tejido m\u00fasculo esquel\u00e9tico lo acept\u00f3 el Hospital Universitario de Nuevo Le\u00f3n\u201d, se\u00f1al\u00f3.<\/p>\n\n\n\n<figure class=\"wp-block-image size-large\"><img loading=\"lazy\" loading=\"lazy\" decoding=\"async\" width=\"1279\" height=\"852\" src=\"https:\/\/www.regioncuatronoticias.com\/wp-content\/uploads\/2026\/09\/image-1-1279x852.png\" alt=\"\" class=\"wp-image-44671\" srcset=\"https:\/\/www.regioncuatronoticias.com\/wp-content\/uploads\/2026\/09\/image-1-1279x852.png 1279w, https:\/\/www.regioncuatronoticias.com\/wp-content\/uploads\/2026\/09\/image-1-639x426.png 639w, https:\/\/www.regioncuatronoticias.com\/wp-content\/uploads\/2026\/09\/image-1-767x511.png 767w, https:\/\/www.regioncuatronoticias.com\/wp-content\/uploads\/2026\/09\/image-1-1536x1023.png 1536w, https:\/\/www.regioncuatronoticias.com\/wp-content\/uploads\/2026\/09\/image-1-420x280.png 420w, https:\/\/www.regioncuatronoticias.com\/wp-content\/uploads\/2026\/09\/image-1-615x410.png 615w, https:\/\/www.regioncuatronoticias.com\/wp-content\/uploads\/2026\/09\/image-1-859x572.png 859w, https:\/\/www.regioncuatronoticias.com\/wp-content\/uploads\/2026\/09\/image-1-330x220.png 330w, https:\/\/www.regioncuatronoticias.com\/wp-content\/uploads\/2026\/09\/image-1-1535x1023.png 1535w, https:\/\/www.regioncuatronoticias.com\/wp-content\/uploads\/2026\/09\/image-1.png 1600w\" sizes=\"auto, (max-width: 1279px) 100vw, 1279px\" \/><\/figure>\n\n\n\n<p class=\"wp-block-paragraph\">Previo a la intervenci\u00f3n quir\u00fargica, personal del hospital y familiares le rindieron un homenaje al donador a trav\u00e9s del \u201cPasillo de la vida\u201d, donde los presentes lo despidieron con aplausos camino al quir\u00f3fano.<\/p>\n\n\n\n<p class=\"wp-block-paragraph\">Para ser donador voluntario, cualquier persona interesada puede registrarse en la p\u00e1gina del Centro Nacional de Trasplantes (Cenatra) www.gob.mx\/cenatra o en el portal del IMSS www.imss.gob.mx\/salud-en-linea\/donacion-organos.<\/p>\n","protected":false},"excerpt":{"rendered":"<p>Hermosillo, Sonora; septiembre 3 de 2026.- El Instituto Mexicano del Seguro Social (IMSS) en Sonora concret\u00f3 su primera donaci\u00f3n multiorg\u00e1nica del a\u00f1o dentro del Hospital General de Zona (HGZ) No. 2 en Hermosillo, gracias a que la familia de Benito \u201cN\u201d, de 48 a\u00f1os, tom\u00f3 esta importante decisi\u00f3n tras recibir el diagn\u00f3stico de muerte cerebral, [&hellip;]<\/p>\n","protected":false},"author":1,"featured_media":44669,"comment_status":"open","ping_status":"open","sticky":false,"template":"","format":"standard","meta":{"content-type":"","footnotes":""},"categories":[105,6,9],"tags":[],"class_list":["post-44668","post","type-post","status-publish","format-standard","has-post-thumbnail","category-principal","category-salud","category-sonora"],"_links":{"self":[{"href":"https:\/\/www.regioncuatronoticias.com\/index.php\/wp-json\/wp\/v2\/posts\/44668","targetHints":{"allow":["GET"]}}],"collection":[{"href":"https:\/\/www.regioncuatronoticias.com\/index.php\/wp-json\/wp\/v2\/posts"}],"about":[{"href":"https:\/\/www.regioncuatronoticias.com\/index.php\/wp-json\/wp\/v2\/types\/post"}],"author":[{"embeddable":true,"href":"https:\/\/www.regioncuatronoticias.com\/index.php\/wp-json\/wp\/v2\/users\/1"}],"replies":[{"embeddable":true,"href":"https:\/\/www.regioncuatronoticias.com\/index.php\/wp-json\/wp\/v2\/comments?post=44668"}],"version-history":[{"count":1,"href":"https:\/\/www.regioncuatronoticias.com\/index.php\/wp-json\/wp\/v2\/posts\/44668\/revisions"}],"predecessor-version":[{"id":44672,"href":"https:\/\/www.regioncuatronoticias.com\/index.php\/wp-json\/wp\/v2\/posts\/44668\/revisions\/44672"}],"wp:featuredmedia":[{"embeddable":true,"href":"https:\/\/www.regioncuatronoticias.com\/index.php\/wp-json\/wp\/v2\/media\/44669"}],"wp:attachment":[{"href":"https:\/\/www.regioncuatronoticias.com\/index.php\/wp-json\/wp\/v2\/media?parent=44668"}],"wp:term":[{"taxonomy":"category","embeddable":true,"href":"https:\/\/www.regioncuatronoticias.com\/index.php\/wp-json\/wp\/v2\/categories?post=44668"},{"taxonomy":"post_tag","embeddable":true,"href":"https:\/\/www.regioncuatronoticias.com\/index.php\/wp-json\/wp\/v2\/tags?post=44668"}],"curies":[{"name":"wp","href":"https:\/\/api.w.org\/{rel}","templated":true}]}}