{"id":44661,"date":"2026-09-03T07:24:46","date_gmt":"2026-09-03T14:24:46","guid":{"rendered":"https:\/\/www.regioncuatronoticias.com\/?p=44661"},"modified":"2026-09-03T07:24:46","modified_gmt":"2026-09-03T14:24:46","slug":"se-acabo-el-carino-del-gobernador-durazo-a-colosio-riojas","status":"publish","type":"post","link":"https:\/\/www.regioncuatronoticias.com\/index.php\/2026\/09\/03\/se-acabo-el-carino-del-gobernador-durazo-a-colosio-riojas\/","title":{"rendered":"\u00bfSe acab\u00f3 el cari\u00f1o del gobernador Durazo a Colosio Riojas?"},"content":{"rendered":"\n<p class=\"wp-block-paragraph\"><strong>Columna De Primera Mano<\/strong><\/p>\n\n\n\n<p class=\"wp-block-paragraph\"><strong>Francisco Javier Ruiz Quirr\u00edn<\/strong><\/p>\n\n\n\n<p class=\"wp-block-paragraph\"><strong>\u00bfSe acab\u00f3 el cari\u00f1o del gobernador Durazo a Colosio Riojas?<\/strong><\/p>\n\n\n\n<p class=\"wp-block-paragraph\"><strong>Jueves 3 de septiembre de 2026<\/strong><\/p>\n\n\n\n<p class=\"wp-block-paragraph\"><strong>DICEN QUE<\/strong> las ofensas entre familiares o muy amigos siempre dejan una herida en el coraz\u00f3n que no se borra, aunque se perdone con el tiempo.<\/p>\n\n\n\n<p class=\"wp-block-paragraph\">Siempre se ha sabido el gran afecto de Luis Donaldo Colosio Riojas por Alfonso Durazo y c\u00f3mo \u00e9ste \u00faltimo ha estado siempre al lado del hijo de Luis Donaldo Colosio Murrieta cuando lo ha necesitado.<\/p>\n\n\n\n<p class=\"wp-block-paragraph\">Tambi\u00e9n se sabe que la pol\u00edtica divide a los m\u00e1s unidos. No solo no pensamos igual, sino que tenemos nuestro car\u00e1cter y nuestro temperamento. Por eso, cuando se presenta algo que nos indigna, sacamos a relucir nuestros mejores argumentos para defender nuestro punto de vista. Unos de manera airada, agresiva. Otros, sin perder la cordura.<\/p>\n\n\n\n<p class=\"wp-block-paragraph\">En la m\u00e1s alta tribuna de la naci\u00f3n y horas despu\u00e9s de la lectura del segundo informe de la presidenta Claudia Sheinbaum, Luis Donaldo Colosio Riojas ofreci\u00f3 el discurso m\u00e1s agresivo de su carrera en contra de la \u201ccuarta transformaci\u00f3n\u201d, acusando a este gobierno de llevar a cabo acciones imperdonables en ocho a\u00f1os de estar en la presidencia de M\u00e9xico, a pesar \u2013dijo- de tener en sus manos un poder absoluto como no lo ha habido en otros presidentes. A la presidenta Sheinbaum le dijo:<\/p>\n\n\n\n<p class=\"wp-block-paragraph\">\u201cHasta ahora ha elegido administrar la herencia en lugar de corregirla, proteger a sus aliados en lugar de exigirles cuentas, poner la lealtad a su partido por encima de la justicia. Ha elegido darle m\u00e1s valor a la protecci\u00f3n de un movimiento pol\u00edtico, hoy ampliamente cuestionado, que a los intereses de la rep\u00fablica\u201d.<\/p>\n\n\n\n<p class=\"wp-block-paragraph\">Y precis\u00f3: \u201cEs curioso que un gobierno que se autodetermina de la transformaci\u00f3n, conserve intacto el sistema de privilegios que prometi\u00f3 demoler; es curioso que se predique la austeridad mientras mantienen lujos que tanto criticaron; es curioso que se reduzca el presupuesto a insumos esenciales en escuelas, en hospitales, mientras se levantan obras fara\u00f3nicas que sirven al ego de unos cuantos y a nadie m\u00e1s. Es curioso que la Fiscal\u00eda, ciega y lent\u00edsima para atender las denuncias de las y los ciudadanos, recupere de pronto la prisa y la vista cuando se trata de perseguir un adversario\u201d.<\/p>\n\n\n\n<p class=\"wp-block-paragraph\">Y s\u00ed, estar\u00e1 usted de acuerdo conmigo que es el discurso m\u00e1s agresivo de Colosio Riojas en contra del r\u00e9gimen. Hasta parece que se inspir\u00f3 en el discurso de su padre aquel 4 de marzo de 1994, ante el monumento a la Revoluci\u00f3n.<\/p>\n\n\n\n<p class=\"wp-block-paragraph\">Y como lo admiti\u00f3, contrario a su estilo, el gobernador Alfonso Durazo escribi\u00f3 un post en su cuenta personal de X para responderle y de una forma cr\u00edtica y muy agresiva. Entre otros se\u00f1alamientos, escribi\u00f3 el mandatario:<\/p>\n\n\n\n<p class=\"wp-block-paragraph\">\u201cLuis Donaldo tiene futuro, pero este no le ha llegado todav\u00eda. Tiene mucho a\u00fan por aprender y mucho m\u00e1s a\u00fan por madurar. La ret\u00f3rica, por buena y efectista que sea, no puede superar jam\u00e1s a la experiencia. Entender la complejidad de un gobierno estatal, no digamos ya de la presidencia de la rep\u00fablica, es ajena a la capacidad de un principiante; dicho sea de paso, a esas responsabilidades no se puede llegar a aprender. Por eso no entiende la dimensi\u00f3n de la transformaci\u00f3n<\/p>\n\n\n\n<p class=\"wp-block-paragraph\">social conseguida por la 4-T, particularmente por el gobierno de la Dra. Claudia Sheinbaum\u201d.<\/p>\n\n\n\n<p class=\"wp-block-paragraph\">Pero el Gobernador va m\u00e1s all\u00e1: \u201cCarece de la calidad moral imprescindible para criticar eventuales deficiencias del gobierno de la doctora Sheinbaum, sobre todo porque dej\u00f3 una estela de rezagos y desaciertos en su gesti\u00f3n como presidente municipal de Monterrey. Consecuencia de ello fue haber sido derrotado por la 4-T en la senadur\u00eda por Nuevo Le\u00f3n. Ciertamente lleg\u00f3 al Senado, pero por v\u00eda de la primera minor\u00eda. No le alcanzaron su excelente oratoria, su fama ni su merecidamente reconocido apellido\u201d.<\/p>\n\n\n\n<p class=\"wp-block-paragraph\">Si podemos observarlo, el gobernador Durazo descalific\u00f3 totalmente al joven Colosio en sus pretensiones de buscar el Gobierno de Sonora.<\/p>\n\n\n\n<p class=\"wp-block-paragraph\">Si estas intervenciones hunden o catapultan a Colosio Riojas, el tiempo lo dir\u00e1. \u00c9ste \u00faltimo asume una actitud cr\u00edtica al gobierno, como oposicionista que es, pero en su mensaje de este lunes dej\u00f3 huella por sus precisiones.<\/p>\n\n\n\n<p class=\"wp-block-paragraph\">El gobernador Durazo, como paisano y mentor del hijo de su amigo y jefe Luis Donaldo Colosio Murrieta, con este \u201cpost\u201d logr\u00f3 dos cosas: Sac\u00f3 a flote su congruencia en la defensa de la presidenta de la rep\u00fablica y dej\u00f3 la percepci\u00f3n de que no est\u00e1 detr\u00e1s de la aspiraci\u00f3n del joven Colosio para buscar sucederlo en palacio de gobierno.<\/p>\n\n\n\n<p class=\"wp-block-paragraph\">\u201cDe mi futuro me encargo yo\u201d, estableci\u00f3 ayer Donaldito en conversaci\u00f3n con L\u00f3pez D\u00f3riga.<\/p>\n\n\n\n<p class=\"wp-block-paragraph\">Es probable que ambos personajes hayan cumplido una misi\u00f3n. Otra vez, el tiempo lo dir\u00e1.<\/p>\n","protected":false},"excerpt":{"rendered":"<p>Columna De Primera Mano Francisco Javier Ruiz Quirr\u00edn \u00bfSe acab\u00f3 el cari\u00f1o del gobernador Durazo a Colosio Riojas? Jueves 3 de septiembre de 2026 DICEN QUE las ofensas entre familiares o muy amigos siempre dejan una herida en el coraz\u00f3n que no se borra, aunque se perdone con el tiempo. Siempre se ha sabido el [&hellip;]<\/p>\n","protected":false},"author":1,"featured_media":44662,"comment_status":"open","ping_status":"open","sticky":false,"template":"","format":"standard","meta":{"content-type":"","footnotes":""},"categories":[124],"tags":[],"class_list":["post-44661","post","type-post","status-publish","format-standard","has-post-thumbnail","category-francisco-javier-ruiz-quirrin"],"_links":{"self":[{"href":"https:\/\/www.regioncuatronoticias.com\/index.php\/wp-json\/wp\/v2\/posts\/44661","targetHints":{"allow":["GET"]}}],"collection":[{"href":"https:\/\/www.regioncuatronoticias.com\/index.php\/wp-json\/wp\/v2\/posts"}],"about":[{"href":"https:\/\/www.regioncuatronoticias.com\/index.php\/wp-json\/wp\/v2\/types\/post"}],"author":[{"embeddable":true,"href":"https:\/\/www.regioncuatronoticias.com\/index.php\/wp-json\/wp\/v2\/users\/1"}],"replies":[{"embeddable":true,"href":"https:\/\/www.regioncuatronoticias.com\/index.php\/wp-json\/wp\/v2\/comments?post=44661"}],"version-history":[{"count":1,"href":"https:\/\/www.regioncuatronoticias.com\/index.php\/wp-json\/wp\/v2\/posts\/44661\/revisions"}],"predecessor-version":[{"id":44663,"href":"https:\/\/www.regioncuatronoticias.com\/index.php\/wp-json\/wp\/v2\/posts\/44661\/revisions\/44663"}],"wp:featuredmedia":[{"embeddable":true,"href":"https:\/\/www.regioncuatronoticias.com\/index.php\/wp-json\/wp\/v2\/media\/44662"}],"wp:attachment":[{"href":"https:\/\/www.regioncuatronoticias.com\/index.php\/wp-json\/wp\/v2\/media?parent=44661"}],"wp:term":[{"taxonomy":"category","embeddable":true,"href":"https:\/\/www.regioncuatronoticias.com\/index.php\/wp-json\/wp\/v2\/categories?post=44661"},{"taxonomy":"post_tag","embeddable":true,"href":"https:\/\/www.regioncuatronoticias.com\/index.php\/wp-json\/wp\/v2\/tags?post=44661"}],"curies":[{"name":"wp","href":"https:\/\/api.w.org\/{rel}","templated":true}]}}