{"id":44652,"date":"2026-09-03T07:11:30","date_gmt":"2026-09-03T14:11:30","guid":{"rendered":"https:\/\/www.regioncuatronoticias.com\/?p=44652"},"modified":"2026-09-03T07:11:31","modified_gmt":"2026-09-03T14:11:31","slug":"round-de-sombra","status":"publish","type":"post","link":"https:\/\/www.regioncuatronoticias.com\/index.php\/2026\/09\/03\/round-de-sombra\/","title":{"rendered":"Round de Sombra"},"content":{"rendered":"\n<p class=\"wp-block-paragraph\"><strong>Columna Encuadre<\/strong><\/p>\n\n\n\n<p class=\"wp-block-paragraph\"><strong>Jos\u00e9 F. Medina<\/strong><\/p>\n\n\n\n<p class=\"wp-block-paragraph\"><strong>&nbsp;Round de Sombra<\/strong><\/p>\n\n\n\n<p class=\"wp-block-paragraph\"><strong>Jueves 3 de septiembre de 2026<\/strong><\/p>\n\n\n\n<p class=\"wp-block-paragraph\">El desencuentro verbal entre el t\u00edo Poncho y su sobrino Donaldo, me hizo recordar el dicho aqu\u00e9l de que est\u00e1n m\u00e1s cerca los dientes que los parientes.<\/p>\n\n\n\n<p class=\"wp-block-paragraph\">Qu\u00e9 manera de levantarse las faldillas, en algo m\u00e1s parecido a un show pol\u00edtico-medi\u00e1tico. Hasta pensar\u00eda que se trata de un pleito arreglado.<\/p>\n\n\n\n<p class=\"wp-block-paragraph\">Los cuestionamientos que hiciera el senador emecista Luis Donaldo Colosio desde la tribuna legislativa al contenido del II Informe de la presidenta Sheinbaum, son de librito.<\/p>\n\n\n\n<p class=\"wp-block-paragraph\">Desde la oposici\u00f3n, no aprovechar ese espacio para lanzar cr\u00edticas al trabajo realizado por el gobierno morenista, se ver\u00eda como una especie de sumisi\u00f3n e importamadrismo. Por eso, creo, el Colosito jug\u00f3 bien su papel de opositor.<\/p>\n\n\n\n<p class=\"wp-block-paragraph\">De ah\u00ed que la sobrerreacci\u00f3n del doctor Durazo resulte extra\u00f1a.<\/p>\n\n\n\n<p class=\"wp-block-paragraph\">Quiz\u00e1 un tanto obligado para evitar habladur\u00edas de que los afectos personales pueden m\u00e1s que los pol\u00edticos, y a\u00fan m\u00e1s por su cargo de presidente del Consejo Nacional de Morena, pudo sentirse impulsado a lanzar un reclamo al senador por Nuevo Le\u00f3n y sonorense por adopci\u00f3n.<\/p>\n\n\n\n<p class=\"wp-block-paragraph\">\u201cCarece de la autoridad moral imprescindible para criticar eventuales deficiencias del gobierno de la doctora Claudia Sheinbaum, sobre todo porque dej\u00f3 una estela de rezagos y desaciertos en su gesti\u00f3n como presidente municipal de Monterrey.<\/p>\n\n\n\n<p class=\"wp-block-paragraph\">No puede hablar como si estuviera exento de rendir cuentas\u201d, espet\u00f3 Durazo al joven Colosio.<\/p>\n\n\n\n<p class=\"wp-block-paragraph\">Ni tardo ni perezoso, este devolvi\u00f3 la pedrada lanzada, haciendo buena la Tercera Ley de Newton.<\/p>\n\n\n\n<p class=\"wp-block-paragraph\">\u201cAlfonso Durazo hablaba de mi futuro. Yo (ayer) no hablaba de mi futuro, sino del futuro de M\u00e9xico. De mi futuro que no se preocupe, de mi futuro me encargo yo. Que le ponga su total atenci\u00f3n a Sonora, no a m\u00ed\u201d.<\/p>\n\n\n\n<p class=\"wp-block-paragraph\">Gulp. Qu\u00e9 llevaditos los parientes de cari\u00f1o.<\/p>\n\n\n\n<p class=\"wp-block-paragraph\">Sin embargo, y como seguramente se arregla cualquier desencuentro entre pol\u00edticos, una llamada telef\u00f3nica debi\u00f3 bastar para que ambos se rieran del momento, con la promesa de reunirse pronto para refrendar afectos.<\/p>\n\n\n\n<p class=\"wp-block-paragraph\">Y es que muy pocos dudan de la cercan\u00eda de Durazo con el Colosito, fortalecida a ra\u00edz del asesinato de Luis Donaldo Colosio, convirti\u00e9ndose en el t\u00edo atento y protector.<\/p>\n\n\n\n<p class=\"wp-block-paragraph\">Es m\u00e1s: esto que les voy a contar que quede entre nos, t\u00f3melo con las reservas del caso, y solo para ilustrar esa cercan\u00eda.<\/p>\n\n\n\n<p class=\"wp-block-paragraph\">Un amigo que en todo est\u00e1 menos en misa, me asegur\u00f3 que el pasado s\u00e1bado poco despu\u00e9s de mediod\u00eda, el Colosito y C\u00e9lida L\u00f3pez fueron vistos entrando juntos a la casa del gobernador Durazo, y de lo que ah\u00ed hablaron, solo ellos lo saben.<\/p>\n\n\n\n<p class=\"wp-block-paragraph\">Pero entrando en el terreno de las especulaciones pol\u00edticas, ahora podr\u00eda entenderse el descort\u00e9s mensaje lanzado el pasado domingo por la expanista y hoy petista, aspirante a coordinar el comit\u00e9 estatal de defensa de la 4T en Sonora, durante un evento de \u201ccierre de campa\u00f1a\u201d.<\/p>\n\n\n\n<p class=\"wp-block-paragraph\">Quiz\u00e1 ya le dijeron que no es ella la elegida, por eso el pataleo\u2026y que MC tendr\u00eda las puertas abiertas.<\/p>\n\n\n\n<p class=\"wp-block-paragraph\">Total: el cotarro se anima y los piquetes de ojo a la orden del d\u00eda.<\/p>\n\n\n\n<p class=\"wp-block-paragraph\"><strong>&nbsp;ENCUADRE PUNZANTE<\/strong><\/p>\n\n\n\n<p class=\"wp-block-paragraph\">1). Como se lo adelant\u00e9 en los garabatos de ayer, Rogelio Cota oficializ\u00f3 su renuncia a Movimiento Ciudadano. \u201cVine a hacer pol\u00edtica de pie, no de rodillas\u201d, justific\u00f3.<\/p>\n\n\n\n<p class=\"wp-block-paragraph\">Apelando a sus valores y dignidad, a Rogelio no le gust\u00f3 la presunta llegada a MC de panistas identificados con el ala del exgobernador Guillermo Padr\u00e9s, haciendo eco a la actitud tomada por la hoy excoordinadora estatal emecista, Natalia Rivera, quien tambi\u00e9n abandon\u00f3 las filas naranjas por ese mismo motivo.<\/p>\n\n\n\n<p class=\"wp-block-paragraph\">Conociendo su capacidad, creo que a Rogelio le va ir bien, pol\u00edticamente hablando.<\/p>\n\n\n\n<p class=\"wp-block-paragraph\">No lo pierdan de vista. S\u00e9 lo que les digo.<\/p>\n\n\n\n<p class=\"wp-block-paragraph\">2). Fiel a su estilo claridoso, el dirigente de la CTM en Sonora, Javier Villarreal G\u00e1mez, estuvo en la mesa de periodistas \u201cLibre Expresi\u00f3n\u201d para hablar de dos temas que no suelta de su agenda: el IMSS y el Infonavit.<\/p>\n\n\n\n<p class=\"wp-block-paragraph\">Del primero, dijo que a pesar de la contrataci\u00f3n de m\u00e9dicos especialistas, su rotaci\u00f3n es alta, y el rezago en su n\u00famero es importante. Adem\u00e1s, manifest\u00f3 la urgente necesidad, de iniciar con la construcci\u00f3n de dos Unidades de Medicina Familiar, una en Cajeme y la otra en Hermosillo. Aparentemente el presupuesto ya lo tienen, solo faltan los terrenos.<\/p>\n\n\n\n<p class=\"wp-block-paragraph\">En el caso del Infonavit, se quej\u00f3 amargamente que ni una sola vivienda ha sido puesta a disposici\u00f3n de los trabajadores, a pesar de que ya tiene poco m\u00e1s del a\u00f1o que inici\u00f3 su construcci\u00f3n. Algo no termina de cuadrar, dijo.<\/p>\n\n\n\n<p class=\"wp-block-paragraph\">En el tema pol\u00edtico, dej\u00f3 en claro que la CTM no tiene favorito\/favorita en la elecci\u00f3n interna morenista y aliados rumbo a la gubernatura en el 2027.<\/p>\n\n\n\n<p class=\"wp-block-paragraph\">Conociendo a Javier, esa actitud de neutralidad siempre le ha dado dividendos. Y en esta ocasi\u00f3n no ser\u00e1 la excepci\u00f3n.<\/p>\n\n\n\n<p class=\"wp-block-paragraph\">IN PROXIMUM<\/p>\n\n\n\n<p class=\"wp-block-paragraph\">CARPE DIEM<\/p>\n\n\n\n<p class=\"wp-block-paragraph\"><strong>&nbsp;Me puedes seguir en FB: Jos\u00e9 Felipe Medina<\/strong><\/p>\n\n\n\n<p class=\"wp-block-paragraph\"><strong>Tambi\u00e9n en X: @josefe31, @fm_informativo<\/strong><\/p>\n\n\n\n<p class=\"wp-block-paragraph\"><strong>Correo electr\u00f3nico: josefe31@gmail.com<\/strong><\/p>\n\n\n\n<p class=\"wp-block-paragraph\"><strong>FMINFORMATIVO.COM<\/strong><\/p>\n","protected":false},"excerpt":{"rendered":"<p>Columna Encuadre Jos\u00e9 F. Medina &nbsp;Round de Sombra Jueves 3 de septiembre de 2026 El desencuentro verbal entre el t\u00edo Poncho y su sobrino Donaldo, me hizo recordar el dicho aqu\u00e9l de que est\u00e1n m\u00e1s cerca los dientes que los parientes. Qu\u00e9 manera de levantarse las faldillas, en algo m\u00e1s parecido a un show pol\u00edtico-medi\u00e1tico. [&hellip;]<\/p>\n","protected":false},"author":1,"featured_media":44653,"comment_status":"open","ping_status":"open","sticky":false,"template":"","format":"standard","meta":{"content-type":"","footnotes":""},"categories":[122],"tags":[],"class_list":["post-44652","post","type-post","status-publish","format-standard","has-post-thumbnail","category-jose-felipe-medina"],"_links":{"self":[{"href":"https:\/\/www.regioncuatronoticias.com\/index.php\/wp-json\/wp\/v2\/posts\/44652","targetHints":{"allow":["GET"]}}],"collection":[{"href":"https:\/\/www.regioncuatronoticias.com\/index.php\/wp-json\/wp\/v2\/posts"}],"about":[{"href":"https:\/\/www.regioncuatronoticias.com\/index.php\/wp-json\/wp\/v2\/types\/post"}],"author":[{"embeddable":true,"href":"https:\/\/www.regioncuatronoticias.com\/index.php\/wp-json\/wp\/v2\/users\/1"}],"replies":[{"embeddable":true,"href":"https:\/\/www.regioncuatronoticias.com\/index.php\/wp-json\/wp\/v2\/comments?post=44652"}],"version-history":[{"count":1,"href":"https:\/\/www.regioncuatronoticias.com\/index.php\/wp-json\/wp\/v2\/posts\/44652\/revisions"}],"predecessor-version":[{"id":44654,"href":"https:\/\/www.regioncuatronoticias.com\/index.php\/wp-json\/wp\/v2\/posts\/44652\/revisions\/44654"}],"wp:featuredmedia":[{"embeddable":true,"href":"https:\/\/www.regioncuatronoticias.com\/index.php\/wp-json\/wp\/v2\/media\/44653"}],"wp:attachment":[{"href":"https:\/\/www.regioncuatronoticias.com\/index.php\/wp-json\/wp\/v2\/media?parent=44652"}],"wp:term":[{"taxonomy":"category","embeddable":true,"href":"https:\/\/www.regioncuatronoticias.com\/index.php\/wp-json\/wp\/v2\/categories?post=44652"},{"taxonomy":"post_tag","embeddable":true,"href":"https:\/\/www.regioncuatronoticias.com\/index.php\/wp-json\/wp\/v2\/tags?post=44652"}],"curies":[{"name":"wp","href":"https:\/\/api.w.org\/{rel}","templated":true}]}}