{"id":44646,"date":"2026-09-03T07:00:54","date_gmt":"2026-09-03T14:00:54","guid":{"rendered":"https:\/\/www.regioncuatronoticias.com\/?p=44646"},"modified":"2026-09-03T07:00:55","modified_gmt":"2026-09-03T14:00:55","slug":"un-tip-para-que-ernestina-godoy-encuentre-al-almirante-ojeda","status":"publish","type":"post","link":"https:\/\/www.regioncuatronoticias.com\/index.php\/2026\/09\/03\/un-tip-para-que-ernestina-godoy-encuentre-al-almirante-ojeda\/","title":{"rendered":"Un tip para que Ernestina Godoy encuentre al almirante Ojeda"},"content":{"rendered":"\n<p class=\"wp-block-paragraph\"><strong>Columna El Zancudo<\/strong><\/p>\n\n\n\n<p class=\"wp-block-paragraph\"><strong>Arturo Soto Mungu\u00eda<\/strong><\/p>\n\n\n\n<p class=\"wp-block-paragraph\"><strong>Un tip para que Ernestina Godoy encuentre al almirante Ojeda<\/strong><\/p>\n\n\n\n<p class=\"wp-block-paragraph\"><strong>Mi\u00e9rcoles 2 de septiembre de 2026<\/strong><\/p>\n\n\n\n<p class=\"wp-block-paragraph\">En d\u00edas pasados asistimos, no sin azoro, a uno m\u00e1s de los episodios bizarros que suele recetarnos el sistema de justicia mexicano. El abogado de los hermanos Far\u00edas Laguna, detenidos por el famoso caso del huachicol fiscal, solicit\u00f3 que fuera llamado a comparecer el ex secretario de Marina cuando se dieron los hechos, Almirante Rafael Ojeda, que adem\u00e1s de superior jer\u00e1rquico de los marinos presos, es su t\u00edo.<\/p>\n\n\n\n<p class=\"wp-block-paragraph\">&nbsp;La Fiscal\u00eda General de la Rep\u00fablica a cargo de Ernestina Godoy, la fiscal de hierro (es un decir) no pudo entregarle el citatorio al ex secretario, lo que explic\u00f3 con un argumento contundente: no sabe d\u00f3nde vive.<\/p>\n\n\n\n<p class=\"wp-block-paragraph\">&nbsp;A manera de servicio social, y oficiosa como suele ser esta columna, El Zancudo se permite sugerir un tip a la Fiscal, que pudiera ayudarle a resolver casos dif\u00edciles como este, de localizar el domicilio del Almirante Rafael Ojeda, que seguramente vive en alguna casa del bienestar de esas que se est\u00e1n construyendo por montones en colonias y barrios de todo el pa\u00eds, y en algunas zonas despobladas de dif\u00edcil acceso y m\u00e1s dif\u00edcil localizaci\u00f3n porque supongo que todav\u00eda no tienen ni nomenclatura en sus calles, lo cual hace que sea como hallar una aguja en alg\u00fan proverbial pajar.<\/p>\n\n\n\n<p class=\"wp-block-paragraph\">&nbsp;La soluci\u00f3n propuesta por este modesto espacio es sencilla. A la se\u00f1ora Ernestina Godoy le bastar\u00eda con hacer una llamada al se\u00f1or Nery Ruiz, consejero presidente del Instituto Estatal Electoral y de Participaci\u00f3n Ciudadana de Sonora y solicitarle una asesor\u00eda sobre este tema.<\/p>\n\n\n\n<p class=\"wp-block-paragraph\">&nbsp;Me explico. El pasado jueves, un notificador del IEE lleg\u00f3 a mi casa para dejar pegado con cinta scotch un citatorio en uno de los muros de acceso a mi casa, justamente el que da a la alberca ol\u00edmpica y muy cerca del otro pasillo que conduce a las caballerizas. Como no me encontraba en ese momento en el lugar, el citatorio conminaba a estar presente al siguiente d\u00eda, a las diez de la ma\u00f1ana, para ser notificado.<\/p>\n\n\n\n<p class=\"wp-block-paragraph\">&nbsp;As\u00ed lo hice, y as\u00ed pude enterarme que se me estaba requiriendo para ofrecer informaci\u00f3n sobre un par de publicaciones -una en mi cuenta de X y otra en un portal de los diez o doce que reproducen mi columna-, para lo cual ofrec\u00edan los dos links que llevan a las notas respectivas.<\/p>\n\n\n\n<p class=\"wp-block-paragraph\">&nbsp;Con el farragoso y circunstanciado estilo que suelen contener los documentos jur\u00eddicos, el citatorio explica que \u201ccon fundamento en los dispuesto en nel art\u00edculo 296, p\u00e1rrafos primero, segundo, quinto, sexto y s\u00e9ptimo de la Ley de Instituciones y Procedimientos Electorales para el Estado de Sonora y con el objeto de contar con mayores elementos que permitan a esta autoridad&nbsp; sustanciadora esclarecer los hechos en materia de investigaci\u00f3n, as\u00ed como salvaguardar el inter\u00e9s superior de las ni\u00f1as, ni\u00f1os y adolescentes, se estima hacer del conocimiento del C. Arturo Soto Mungu\u00eda que, dentro de la investigaci\u00f3n que se lleva a cabo en el presente Cuaderno de Antecedentes, se identificaron publicaciones en las que se advierte la presencia de ni\u00f1as, ni\u00f1as y adolescentes, lo cual pudiera vulnerar indebidamente el uso de su imagen y, por ende su derecho a la intimidad y, con lo cual, se le solicita respetuosamente su colaboraci\u00f3n para que de contar con los formatos previstos en los art\u00edculos 8 y 9 de los Lineamientos para la protecci\u00f3n de los derechos de ni\u00f1as, ni\u00f1os y adolescentes en materia pol\u00edtico-electoral, emitidos por el Instituto Nacional Electoral, tenga a bien informar a esta autoridad sobre su existencia y, en su caso, proporcionar copia de los mismos, respecto de las personas menores de edad que se encuentran visibles en las siguientes ligas electr\u00f3nicas\u201d (adjuntan ligas).<\/p>\n\n\n\n<p class=\"wp-block-paragraph\">&nbsp;Por supuesto que, a como est\u00e1n las cosas en materia de intenciones institucionales para acotar la libertad de expresi\u00f3n, cuando no de endurecer medidas de censura y sus correspondientes sanciones, este modesto tundeteclas estuvo a punto de entrar en p\u00e1nico, as\u00ed que r\u00e1pidamente me fui a revisar el contenido de las tales ligas y lo que encontr\u00e9 fue lo siguiente:<\/p>\n\n\n\n<p class=\"wp-block-paragraph\">&nbsp;Una de ellas corresponde a una columna publicada en marzo pasado, alusiva al informe legislativo de una diputada nogalense, ilustrada con la fotograf\u00eda que envi\u00f3 el equipo de comunicaci\u00f3n de la propia diputada para complementar el bolet\u00edn que dio cuenta del evento. En la imagen aparecen, obviamente la diputada, acompa\u00f1ada de un centenar de asistentes, entre los que destaca su esposo y su hija, ciertamente menor de edad.<\/p>\n\n\n\n<p class=\"wp-block-paragraph\">&nbsp;La otra liga me lleva a un tuit que contiene un video de la propia diputada, conteniendo el resumen semanal de sus actividades. Ciertamente, all\u00ed tambi\u00e9n aparecen un par de menores recibiendo sendas bicicletas de manos de la legisladora. Obviamente no tengo la m\u00e1s remota idea de qui\u00e9nes son los menores, mucho menos tengo el permiso de padres o tutores para publicar las im\u00e1genes, pero en descargo tengo que decir que el video no fue producido por m\u00ed, solo replicado en mis redes sociales, como suelo hacerlo con algunos productos de comunicaci\u00f3n que env\u00edan personajes de la vida p\u00fablica a manera de boletines informativos.<\/p>\n\n\n\n<p class=\"wp-block-paragraph\">&nbsp;De todo esto inform\u00e9 al Secretario T\u00e9cnico de la Direcci\u00f3n de Asuntos Jur\u00eddicos del IEE, Rogelio Long que, debo decirlo, atendi\u00f3 mi comparecencia diligentemente y con sobrada amabilidad, explicando que el caso en comento no ten\u00eda fines sancionatorios, sino simplemente era una solicitud de informaci\u00f3n que fue cubierta por escrito ese mismo d\u00eda.<\/p>\n\n\n\n<p class=\"wp-block-paragraph\">&nbsp;El punto es que alguien, cuya identidad no me fue revelada present\u00f3 una denuncia contra la diputada, y para documentar sus razones le gust\u00f3 nada m\u00e1s El Zancudo y sus publicaciones que, sobra decirlo en este caso no fueron exclusivas, sino difundidas por cualquier cantidad de medios impresos y electr\u00f3nicos. Pero bueno, son gajes del oficio en un medio de amplia cobertura, largo alcance y de lectura obligada, modestia aparte.<\/p>\n\n\n\n<p class=\"wp-block-paragraph\">&nbsp;\u00bfPero d\u00f3nde, se preguntar\u00e1 la intrigada lectora, el escamado lector, entra el tip que quieres darle a la Fiscal General, cuasi indiciado columnista?<\/p>\n\n\n\n<p class=\"wp-block-paragraph\">&nbsp;Bueno, pues ah\u00ed les va. Resulta que para encontrar mi domicilio, que seguramente debe aparecer en la base de datos del organismo encargado del padr\u00f3n electoral en Sonora, se giraron una serie de oficios:<\/p>\n\n\n\n<p class=\"wp-block-paragraph\">&nbsp;Uno del secretario Ejecutivo del IEE a la oficial electoral, Jes\u00fas Arlen Monta\u00f1o para que haga constar el estado actual de las im\u00e1genes contenidas en las ligas citadas.<\/p>\n\n\n\n<p class=\"wp-block-paragraph\">&nbsp;Otro oficio a la directora General del Registro Civil, para que proporcione mi acta de nacimiento.<\/p>\n\n\n\n<p class=\"wp-block-paragraph\">&nbsp;Otro a Ana Mar\u00eda Erikson Pi\u00f1a, administradora desconcentrada de servicios al contribuyente en Sonora, que por cierto aleg\u00f3 imposibilidad para proporcionar los datos solicitados.<\/p>\n\n\n\n<p class=\"wp-block-paragraph\">&nbsp;Otro a Manuel de Jes\u00fas Villa Minjarez, responsable de \u00e1rea de servicios y atenci\u00f3n a clientes de la CFE, para que proporcione, supongo, un recibo de la luz en el que aparezca mi domicilio.<\/p>\n\n\n\n<p class=\"wp-block-paragraph\">&nbsp;Otro al Secretario del Ayuntamiento, Eduardo Alejo Acu\u00f1a, que por cierto no encontr\u00f3 la informaci\u00f3n solicitada.<\/p>\n\n\n\n<p class=\"wp-block-paragraph\">&nbsp;Otro a H\u00e9ctor Arturo Careaga, Jefe del Departamento de Asuntos Jur\u00eddicos de Agua de Hermosillo, y este s\u00ed localiz\u00f3 mi domicilio.<\/p>\n\n\n\n<p class=\"wp-block-paragraph\">&nbsp;Huelga decir que todos los oficios girados fueron respondidos con otros oficios por parte de las personas requeridas.<\/p>\n\n\n\n<p class=\"wp-block-paragraph\">&nbsp;Despu\u00e9s de todo este proceso, concluyeron que el C. Arturo Soto Mungu\u00eda s\u00ed existe, que s\u00ed hizo las publicaciones citadas y que s\u00ed vive en el domicilio proporcionado por dependencias diversas.<\/p>\n\n\n\n<p class=\"wp-block-paragraph\">&nbsp;El tip entonces, para do\u00f1a Ernestina Godoy, es que contrate a estos sabuesos. Se tardan, pero de que encuentran al Almirante Ojeda, lo encuentran y le entregan el citatorio.<\/p>\n\n\n\n<p class=\"wp-block-paragraph\">&nbsp;Lo que me sorprende es que en el caso que nos involucra no va a pasar nada, y sin embargo sorprende la cantidad de personal, la elaboraci\u00f3n de oficios, la recepci\u00f3n de las respuestas, los mensajeros y notificadores que tuvieron que moverse para encontrar mi humilde casa.<\/p>\n\n\n\n<p class=\"wp-block-paragraph\">&nbsp;Entiendo que as\u00ed son los procesos legales, pero con una llamada que me hubieran hecho (hay amig@s en el IEE que tienen mi n\u00famero), hubiera acudido sin problema a proporcionarles la informaci\u00f3n requerida.<\/p>\n\n\n\n<p class=\"wp-block-paragraph\">&nbsp;Supondr\u00eda, eso s\u00ed, que no hay mucho qu\u00e9 hacer en el IEE por esos d\u00edas, como para dedicar tanto tiempo y recursos en este tema (que tiene su relevancia, claro, en tano involucra los derechos de las infancias) pero que evidentemente est\u00e1 p\u00e9simamente planteado.<\/p>\n\n\n\n<p class=\"wp-block-paragraph\">&nbsp;Con el 1 por ciento de todo este aparato movilizado, que le dedicaran a atender denuncias, o a seguirlas por oficio sobre presuntas violaciones a la ley electoral en materia de campa\u00f1as, precampa\u00f1as y propaganda electoral fuera de tiempo, otro gallo nos cantara.<\/p>\n\n\n\n<p class=\"wp-block-paragraph\">&nbsp;En fin.<\/p>\n\n\n\n<p class=\"wp-block-paragraph\"><strong>&nbsp;Tambi\u00e9n me puedes seguir en X: @Chaposoto<\/strong><\/p>\n\n\n\n<p class=\"wp-block-paragraph\"><strong>Visita www.elzancudo.com.mx<\/strong><\/p>\n","protected":false},"excerpt":{"rendered":"<p>Columna El Zancudo Arturo Soto Mungu\u00eda Un tip para que Ernestina Godoy encuentre al almirante Ojeda Mi\u00e9rcoles 2 de septiembre de 2026 En d\u00edas pasados asistimos, no sin azoro, a uno m\u00e1s de los episodios bizarros que suele recetarnos el sistema de justicia mexicano. El abogado de los hermanos Far\u00edas Laguna, detenidos por el famoso [&hellip;]<\/p>\n","protected":false},"author":1,"featured_media":44647,"comment_status":"open","ping_status":"open","sticky":false,"template":"","format":"standard","meta":{"content-type":"","footnotes":""},"categories":[125],"tags":[],"class_list":["post-44646","post","type-post","status-publish","format-standard","has-post-thumbnail","category-arturo-soto-munguia"],"_links":{"self":[{"href":"https:\/\/www.regioncuatronoticias.com\/index.php\/wp-json\/wp\/v2\/posts\/44646","targetHints":{"allow":["GET"]}}],"collection":[{"href":"https:\/\/www.regioncuatronoticias.com\/index.php\/wp-json\/wp\/v2\/posts"}],"about":[{"href":"https:\/\/www.regioncuatronoticias.com\/index.php\/wp-json\/wp\/v2\/types\/post"}],"author":[{"embeddable":true,"href":"https:\/\/www.regioncuatronoticias.com\/index.php\/wp-json\/wp\/v2\/users\/1"}],"replies":[{"embeddable":true,"href":"https:\/\/www.regioncuatronoticias.com\/index.php\/wp-json\/wp\/v2\/comments?post=44646"}],"version-history":[{"count":1,"href":"https:\/\/www.regioncuatronoticias.com\/index.php\/wp-json\/wp\/v2\/posts\/44646\/revisions"}],"predecessor-version":[{"id":44648,"href":"https:\/\/www.regioncuatronoticias.com\/index.php\/wp-json\/wp\/v2\/posts\/44646\/revisions\/44648"}],"wp:featuredmedia":[{"embeddable":true,"href":"https:\/\/www.regioncuatronoticias.com\/index.php\/wp-json\/wp\/v2\/media\/44647"}],"wp:attachment":[{"href":"https:\/\/www.regioncuatronoticias.com\/index.php\/wp-json\/wp\/v2\/media?parent=44646"}],"wp:term":[{"taxonomy":"category","embeddable":true,"href":"https:\/\/www.regioncuatronoticias.com\/index.php\/wp-json\/wp\/v2\/categories?post=44646"},{"taxonomy":"post_tag","embeddable":true,"href":"https:\/\/www.regioncuatronoticias.com\/index.php\/wp-json\/wp\/v2\/tags?post=44646"}],"curies":[{"name":"wp","href":"https:\/\/api.w.org\/{rel}","templated":true}]}}