{"id":44640,"date":"2026-09-02T17:30:01","date_gmt":"2026-09-03T00:30:01","guid":{"rendered":"https:\/\/www.regioncuatronoticias.com\/?p=44640"},"modified":"2026-09-02T17:30:02","modified_gmt":"2026-09-03T00:30:02","slug":"hay-desprecios-que-se-agradecen-o-no-fueron-invitados","status":"publish","type":"post","link":"https:\/\/www.regioncuatronoticias.com\/index.php\/2026\/09\/02\/hay-desprecios-que-se-agradecen-o-no-fueron-invitados\/","title":{"rendered":"Hay desprecios que se agradecen\u2026 \u00bfO no fueron invitados?"},"content":{"rendered":"\n<p class=\"wp-block-paragraph\"><strong>Columna Encuadre<\/strong><\/p>\n\n\n\n<p class=\"wp-block-paragraph\"><strong>Hay desprecios que se agradecen\u2026 \u00bfO no fueron invitados?<\/strong><\/p>\n\n\n\n<p class=\"wp-block-paragraph\"><strong>Jos\u00e9 F. Medina<\/strong><\/p>\n\n\n\n<p class=\"wp-block-paragraph\"><strong>Mi\u00e9rcoles 2 de septiembre 2026<\/strong><\/p>\n\n\n\n<p class=\"wp-block-paragraph\">Los informes presidenciales siempre causan expectativas. Este no fue la excepci\u00f3n.<\/p>\n\n\n\n<p class=\"wp-block-paragraph\">De los dichos y hechos expuestos en el documento, pero sobre todo de las menciones y de los personajes asistentes o no al evento, e incluso, hasta del lugar d\u00f3nde fueron sentados, podemos darnos una idea muy cercana de c\u00f3mo andan las cosas en el primer c\u00edrculo del poder, y someramente del estado que guarda el pa\u00eds, porque en un informe se dice todo menos la realidad.<\/p>\n\n\n\n<p class=\"wp-block-paragraph\">Y si algo puede significar, la presidenta Sheinbaum no dedic\u00f3 extra\u00f1amente una sola menci\u00f3n durante la lectura de su II Informe de Gobierno dirigida a su antecesor, Andr\u00e9s Manuel L\u00f3pez Obrador. \u00bfSe\u00f1ales de establecer desde ya una narrativa propia? Muy probable.<\/p>\n\n\n\n<p class=\"wp-block-paragraph\">Luego, la inasistencia de los L\u00f3pez Beltr\u00e1n a la presentaci\u00f3n del Informe tambi\u00e9n es de llamar la atenci\u00f3n, quiz\u00e1 por decisi\u00f3n propia debido a su negativa exposici\u00f3n medi\u00e1tica de los \u00faltimos d\u00edas, por el tema de la visa cancelada de Andy y sus relaciones poco clara en entramados de negocios, o porque no fueron incluidos. Qui\u00e9n sabe.<\/p>\n\n\n\n<p class=\"wp-block-paragraph\">Es m\u00e1s: ni el senador Ad\u00e1n Augusto L\u00f3pez, considerado como un \u201chermano\u201d por L\u00f3pez Obrador, hizo su aparici\u00f3n en el patio central de Palacio Nacional. \u00bfSe\u00f1ales de desencuentros pol\u00edticos? Altamente probable.<\/p>\n\n\n\n<p class=\"wp-block-paragraph\">Y es que estos primeros dos a\u00f1os de nuestra mandataria, las cosas no han sido f\u00e1ciles; como quien dice, le ha tocado bailar con el m\u00e1s feo.<\/p>\n\n\n\n<p class=\"wp-block-paragraph\">Pol\u00edticamente hablando, el pa\u00eds no atraviesa por su mejor momento: gobernadores, funcionarios y exfuncionarios acusados de narcos; familiares cercanos a pol\u00edticos del partido oficial se\u00f1alados por hacer negocios millonarios al amparo del poder; una relaci\u00f3n bilateral compleja con el vecino pa\u00eds del norte; y un huachicoleo fiscal que parece no tener fin, con presuntas implicaciones de personajes cercanos a L\u00f3pez Obrador como su hijo Andy y al menos un secretario de Marina, a quien por cierto, las autoridades no han localizado, porque dicen desconocer su domicilio.<\/p>\n\n\n\n<p class=\"wp-block-paragraph\">Como se puede notar, muchas heridas abiertas, muchos temas pendientes por resolver.<\/p>\n\n\n\n<p class=\"wp-block-paragraph\">Y para evitar malentendidos o suspicacias, el mensaje de la Presidenta a la militancia:<\/p>\n\n\n\n<p class=\"wp-block-paragraph\">\u201cQue nadie se equivoque, aqu\u00ed no ha divisiones, aqu\u00ed no hay rompimientos, lo \u00fanico que hay es la defensa del pueblo de M\u00e9xico y su dignidad\u201d \u2026 en tanto, Rocha Moya, Enrique Inzunza y algunos otros m\u00e1s se pasean libremente al amparo de la soberan\u00eda nacional y de la protecci\u00f3n institucional.<\/p>\n\n\n\n<p class=\"wp-block-paragraph\">En mi pueblo dicen que a explicaciones no pedidas\u2026<\/p>\n\n\n\n<p class=\"wp-block-paragraph\"><strong>ENCUADRE KIOSQUE\u00d1O<\/strong><\/p>\n\n\n\n<p class=\"wp-block-paragraph\">Con pleno conocimiento de los retos que enfrenta el Estado, el diputado Omar del Valle Colosio, aspirante a coordinar el Comit\u00e9 de Defensa de la 4T en Sonora, estuvo la ma\u00f1ana de este pasado lunes en la mesa de periodistas \u201cKiosco Mayor\u201d.<\/p>\n\n\n\n<p class=\"wp-block-paragraph\">Personalmente me caus\u00f3 buena impresi\u00f3n. Lo not\u00e9 m\u00e1s hecho y maduro, producto quiz\u00e1 del contacto con la gente durante las \u00faltimas semanas de recorrer territorio.<\/p>\n\n\n\n<p class=\"wp-block-paragraph\">Para sorpresa de nadie, mostr\u00f3 destreza al hablar del tema econ\u00f3mico y financiero del Estado, de las oportunidades que tiene, de c\u00f3mo entrarle a la soluci\u00f3n del abasto de agua, de la preparaci\u00f3n de mano de obra calificada para la llegada de nuevas empresas tecnol\u00f3gicas, de educaci\u00f3n, salud, seguridad, y la siempre preocupante econom\u00eda familiar.<\/p>\n\n\n\n<p class=\"wp-block-paragraph\">Y contrario a lo que pudiera pensarse por la formaci\u00f3n tecn\u00f3crata de Omar, mostr\u00f3 manejo pol\u00edtico, en contraste a aquellas voces que le endilgan su falta de oficio. Seg\u00fan pude percibir, tiene infinitamente mejor mano izquierda que algunos pol\u00edticos \u201cprofesionales\u201d. Esto s\u00ed, para sorpresa de muchos.<\/p>\n\n\n\n<p class=\"wp-block-paragraph\">Una muestra de ello nos la dio en d\u00edas pasados cuando se reuni\u00f3 en una mesa de caf\u00e9 con el oriundo de Atil, el pri\u00edsta V\u00edctor Hugo Celaya, nombrado defensor de M\u00e9xico y Sonora por el partido tricolor de Alito Moreno, rival ac\u00e9rrimo de Morena y aliados. Eso es hacer pol\u00edtica, sin duda.<\/p>\n\n\n\n<p class=\"wp-block-paragraph\">Ahora solo faltar\u00eda esperar el resultado de la encuesta, y que el dinero derrochado por Lamarque, Lorenia y C\u00e9lida -los tres presuntos punteros- en esta campa\u00f1a interna, no sea un factor decisivo que juegue en contra de su objetivo.<\/p>\n\n\n\n<p class=\"wp-block-paragraph\">De las mamadas y aspiraciones pol\u00edticas en Sonora de su primo hermano Luis Donaldo Colosio, el diputado del Verde lac\u00f3nicamente dijo: \u201cque cada quien juzgue\u201d.<\/p>\n\n\n\n<p class=\"wp-block-paragraph\"><strong>ENCUADRE PUNZANTE<\/strong><\/p>\n\n\n\n<p class=\"wp-block-paragraph\">No s\u00e9 bien a bien si Rogelio Cota siga siendo el coordinador de Movimiento Ciudadano en Hermosillo, pero lo que s\u00ed s\u00e9 es que este mi\u00e9rcoles ofrecer\u00e1 una conferencia de prensa, para anunciar su retiro de las filas emecistas.<\/p>\n\n\n\n<p class=\"wp-block-paragraph\">Rogelio es un personaje cercano a Natalia Rivera, quien renunciara recientemente a la militancia y a la coordinaci\u00f3n estatal de Movimiento Ciudadano, ocasionando un verdadero revuelo en su interior.<\/p>\n\n\n\n<p class=\"wp-block-paragraph\">Creo que la naranja seguir\u00e1 desgaj\u00e1ndose por buen rato.<\/p>\n\n\n\n<p class=\"wp-block-paragraph\">En tanto, ya preparan sus maletas para regresar a MC con todo el power, la diputada Gaby F\u00e9lix, Rosa Elena Trujillo y Carlos Le\u00f3n, personajes en receso partidista por descontento tras la llegada de Natalia a la dirigencia estatal.<\/p>\n\n\n\n<p class=\"wp-block-paragraph\">PD: este mi\u00e9rcoles toca mesa de periodistas \u201cLibre Expresi\u00f3n\u201d, con la asistencia del dirigente de la CTM en Sonora, Javier Villarreal G\u00e1mez, y su cruzada a favor de alcanzar mejores condiciones de servicio m\u00e9dico en el IMSS y de la construcci\u00f3n de vivienda de inter\u00e9s social para los trabajadores por parte del Infonavit. Claro, el tema de la c\u00e1lida polaca no puede dejarse de lado, ante lo que se avecina. La CTM siempre agarra barco.<\/p>\n\n\n\n<p class=\"wp-block-paragraph\">CARPE DIEM<\/p>\n\n\n\n<p class=\"wp-block-paragraph\"><strong>Me puedes seguir en FB: Jos\u00e9 Felipe Medina<\/strong><\/p>\n\n\n\n<p class=\"wp-block-paragraph\"><strong>Tambi\u00e9n en X: @josefe31, @fm_informativo<\/strong><\/p>\n\n\n\n<p class=\"wp-block-paragraph\"><strong>Correo electr\u00f3nico: josefe31@gmail.com<\/strong><\/p>\n\n\n\n<p class=\"wp-block-paragraph\"><strong>FMINFORMATIVO.COM<\/strong><\/p>\n","protected":false},"excerpt":{"rendered":"<p>Columna Encuadre Hay desprecios que se agradecen\u2026 \u00bfO no fueron invitados? Jos\u00e9 F. Medina Mi\u00e9rcoles 2 de septiembre 2026 Los informes presidenciales siempre causan expectativas. Este no fue la excepci\u00f3n. De los dichos y hechos expuestos en el documento, pero sobre todo de las menciones y de los personajes asistentes o no al evento, e [&hellip;]<\/p>\n","protected":false},"author":1,"featured_media":44592,"comment_status":"open","ping_status":"open","sticky":false,"template":"","format":"standard","meta":{"content-type":"","footnotes":""},"categories":[122],"tags":[],"class_list":["post-44640","post","type-post","status-publish","format-standard","has-post-thumbnail","category-jose-felipe-medina"],"_links":{"self":[{"href":"https:\/\/www.regioncuatronoticias.com\/index.php\/wp-json\/wp\/v2\/posts\/44640","targetHints":{"allow":["GET"]}}],"collection":[{"href":"https:\/\/www.regioncuatronoticias.com\/index.php\/wp-json\/wp\/v2\/posts"}],"about":[{"href":"https:\/\/www.regioncuatronoticias.com\/index.php\/wp-json\/wp\/v2\/types\/post"}],"author":[{"embeddable":true,"href":"https:\/\/www.regioncuatronoticias.com\/index.php\/wp-json\/wp\/v2\/users\/1"}],"replies":[{"embeddable":true,"href":"https:\/\/www.regioncuatronoticias.com\/index.php\/wp-json\/wp\/v2\/comments?post=44640"}],"version-history":[{"count":2,"href":"https:\/\/www.regioncuatronoticias.com\/index.php\/wp-json\/wp\/v2\/posts\/44640\/revisions"}],"predecessor-version":[{"id":44645,"href":"https:\/\/www.regioncuatronoticias.com\/index.php\/wp-json\/wp\/v2\/posts\/44640\/revisions\/44645"}],"wp:featuredmedia":[{"embeddable":true,"href":"https:\/\/www.regioncuatronoticias.com\/index.php\/wp-json\/wp\/v2\/media\/44592"}],"wp:attachment":[{"href":"https:\/\/www.regioncuatronoticias.com\/index.php\/wp-json\/wp\/v2\/media?parent=44640"}],"wp:term":[{"taxonomy":"category","embeddable":true,"href":"https:\/\/www.regioncuatronoticias.com\/index.php\/wp-json\/wp\/v2\/categories?post=44640"},{"taxonomy":"post_tag","embeddable":true,"href":"https:\/\/www.regioncuatronoticias.com\/index.php\/wp-json\/wp\/v2\/tags?post=44640"}],"curies":[{"name":"wp","href":"https:\/\/api.w.org\/{rel}","templated":true}]}}