{"id":44633,"date":"2026-09-02T14:01:08","date_gmt":"2026-09-02T21:01:08","guid":{"rendered":"https:\/\/www.regioncuatronoticias.com\/?p=44633"},"modified":"2026-09-02T14:01:09","modified_gmt":"2026-09-02T21:01:09","slug":"derrame-de-12-mil-litros-de-acido-sulfurico-activa-emergencia-ambiental-en-cananea-sonora","status":"publish","type":"post","link":"https:\/\/www.regioncuatronoticias.com\/index.php\/2026\/09\/02\/derrame-de-12-mil-litros-de-acido-sulfurico-activa-emergencia-ambiental-en-cananea-sonora\/","title":{"rendered":"Derrame de 12 mil litros de \u00e1cido sulf\u00farico activa emergencia ambiental en Cananea, Sonora"},"content":{"rendered":"\n<p class=\"wp-block-paragraph\"><strong>La Procuradur\u00eda Federal de Protecci\u00f3n al Medio Ambiente se encuentra en el sitio donde una cisterna se volc\u00f3 la tarde del martes.<\/strong><\/p>\n\n\n\n<p class=\"wp-block-paragraph\">Tomado de La Jornada<\/p>\n\n\n\n<p class=\"wp-block-paragraph\">Cristina G\u00f3mez Lima<\/p>\n\n\n\n<p class=\"wp-block-paragraph\">Mi\u00e9rcoles 2 de septiembre de 2026<\/p>\n\n\n\n<p class=\"wp-block-paragraph\">Cananea.- Un derrame de aproximadamente 12 mil litros de \u00e1cido sulf\u00farico oblig\u00f3 al cierre preventivo de la carretera \u00cdmuris-Cananea, luego de que un tractocami\u00f3n con dos cisternas volcara en el kil\u00f3metro 97.5, a unos 15 kil\u00f3metros de Cananea, Sonora. La unidad pertenece a Express Milac (Movimientos Industriales Log\u00edsticos de Alta Calidad, S.A. de C.V.) y transportaba el \u00e1cido sulf\u00farico desde la planta de Fundici\u00f3n, en Nacozari, hacia la mina Cobre del Mayo, en \u00c1lamos.<\/p>\n\n\n\n<p class=\"wp-block-paragraph\">El accidente ocurri\u00f3 alrededor de las 16 horas del martes. De acuerdo con la Procuradur\u00eda Federal de Protecci\u00f3n al Ambiente (Profepa), adem\u00e1s de la cinta asf\u00e1ltica, el material alcanz\u00f3 aproximadamente 200 metros lineales de suelo natural, mientras que parte de la sustancia se desplaz\u00f3 hacia zonas de dif\u00edcil acceso debido a las condiciones del terreno.<\/p>\n\n\n\n<p class=\"wp-block-paragraph\">La emergencia moviliz\u00f3 a elementos de Protecci\u00f3n Civil, corporaciones policiacas estatales y federales y personal especializado para contener el derrame. Como parte de las primeras acciones, se realizaron maniobras de trasvase y recuperaci\u00f3n del producto, as\u00ed como la neutralizaci\u00f3n del \u00e1cido mediante cal apagada.<\/p>\n\n\n\n<p class=\"wp-block-paragraph\">La Profepa inform\u00f3 que realiz\u00f3 un recorrido t\u00e9cnico en las inmediaciones del sitio afectado y levant\u00f3 un acta circunstanciada. La inspecci\u00f3n formal se efectuar\u00e1 una vez que las autoridades de emergencia liberen completamente el \u00e1rea, con el objetivo de determinar la magnitud de la afectaci\u00f3n y establecer, en su caso, las medidas de limpieza y remediaci\u00f3n que deber\u00e1 cumplir el responsable.<\/p>\n\n\n\n<p class=\"wp-block-paragraph\">Despu\u00e9s de m\u00e1s de 15 horas de trabajos, la Coordinaci\u00f3n Estatal de Protecci\u00f3n Civil inform\u00f3 este mi\u00e9rcoles que el tramo \u00cdmuris-Cananea fue abierto nuevamente a la circulaci\u00f3n, una vez concluidas las labores derivadas de la volcadura y verificadas las condiciones para restablecer el tr\u00e1nsito.<\/p>\n\n\n\n<p class=\"wp-block-paragraph\">La reapertura ocurri\u00f3 despu\u00e9s de que el material involucrado fuera neutralizado y se realizaran trabajos de limpieza y retiro de residuos y de la unidad accidentada. Las autoridades recomendaron a los conductores transitar con precauci\u00f3n, respetar los l\u00edmites de velocidad y atender las indicaciones oficiales.<\/p>\n\n\n\n<p class=\"wp-block-paragraph\">Aunque de manera preliminar no se reportaron personas lesionadas por el accidente, la atenci\u00f3n ambiental continuar\u00e1. La Profepa se\u00f1al\u00f3 que dar\u00e1 seguimiento a las labores de contenci\u00f3n, limpieza y evaluaci\u00f3n del sitio para determinar las condiciones del suelo afectado y, con base en los resultados de la inspecci\u00f3n, establecer las acciones de remediaci\u00f3n y las responsabilidades administrativas que correspondan.<\/p>\n\n\n\n<p class=\"wp-block-paragraph\"><a href=\"https:\/\/www.jornada.com.mx\/noticia\/2026\/09\/02\/estados\/derrame-de-12-mil-litros-de-acido-sulfurico-activa-emergencia-ambiental-en-cananea-sonora\">https:\/\/www.jornada.com.mx\/noticia\/2026\/09\/02\/estados\/derrame-de-12-mil-litros-de-acido-sulfurico-activa-emergencia-ambiental-en-cananea-sonora<\/a><\/p>\n","protected":false},"excerpt":{"rendered":"<p>La Procuradur\u00eda Federal de Protecci\u00f3n al Medio Ambiente se encuentra en el sitio donde una cisterna se volc\u00f3 la tarde del martes. Tomado de La Jornada Cristina G\u00f3mez Lima Mi\u00e9rcoles 2 de septiembre de 2026 Cananea.- Un derrame de aproximadamente 12 mil litros de \u00e1cido sulf\u00farico oblig\u00f3 al cierre preventivo de la carretera \u00cdmuris-Cananea, luego [&hellip;]<\/p>\n","protected":false},"author":1,"featured_media":44634,"comment_status":"open","ping_status":"open","sticky":false,"template":"","format":"standard","meta":{"content-type":"","footnotes":""},"categories":[105,113,9],"tags":[],"class_list":["post-44633","post","type-post","status-publish","format-standard","has-post-thumbnail","category-principal","category-seguridad","category-sonora"],"_links":{"self":[{"href":"https:\/\/www.regioncuatronoticias.com\/index.php\/wp-json\/wp\/v2\/posts\/44633","targetHints":{"allow":["GET"]}}],"collection":[{"href":"https:\/\/www.regioncuatronoticias.com\/index.php\/wp-json\/wp\/v2\/posts"}],"about":[{"href":"https:\/\/www.regioncuatronoticias.com\/index.php\/wp-json\/wp\/v2\/types\/post"}],"author":[{"embeddable":true,"href":"https:\/\/www.regioncuatronoticias.com\/index.php\/wp-json\/wp\/v2\/users\/1"}],"replies":[{"embeddable":true,"href":"https:\/\/www.regioncuatronoticias.com\/index.php\/wp-json\/wp\/v2\/comments?post=44633"}],"version-history":[{"count":1,"href":"https:\/\/www.regioncuatronoticias.com\/index.php\/wp-json\/wp\/v2\/posts\/44633\/revisions"}],"predecessor-version":[{"id":44635,"href":"https:\/\/www.regioncuatronoticias.com\/index.php\/wp-json\/wp\/v2\/posts\/44633\/revisions\/44635"}],"wp:featuredmedia":[{"embeddable":true,"href":"https:\/\/www.regioncuatronoticias.com\/index.php\/wp-json\/wp\/v2\/media\/44634"}],"wp:attachment":[{"href":"https:\/\/www.regioncuatronoticias.com\/index.php\/wp-json\/wp\/v2\/media?parent=44633"}],"wp:term":[{"taxonomy":"category","embeddable":true,"href":"https:\/\/www.regioncuatronoticias.com\/index.php\/wp-json\/wp\/v2\/categories?post=44633"},{"taxonomy":"post_tag","embeddable":true,"href":"https:\/\/www.regioncuatronoticias.com\/index.php\/wp-json\/wp\/v2\/tags?post=44633"}],"curies":[{"name":"wp","href":"https:\/\/api.w.org\/{rel}","templated":true}]}}