{"id":44630,"date":"2026-09-02T13:47:02","date_gmt":"2026-09-02T20:47:02","guid":{"rendered":"https:\/\/www.regioncuatronoticias.com\/?p=44630"},"modified":"2026-09-02T13:47:03","modified_gmt":"2026-09-02T20:47:03","slug":"sheinbaum-aclara-que-eeuu-no-ha-entregado-pruebas-contra-rocha-moya","status":"publish","type":"post","link":"https:\/\/www.regioncuatronoticias.com\/index.php\/2026\/09\/02\/sheinbaum-aclara-que-eeuu-no-ha-entregado-pruebas-contra-rocha-moya\/","title":{"rendered":"Sheinbaum aclara que EEUU no ha entregado pruebas contra Rocha Moya"},"content":{"rendered":"\n<p class=\"wp-block-paragraph\"><strong>La presidenta Claudia Sheinbaum se\u00f1al\u00f3 que M\u00e9xico pidi\u00f3 a Estados Unidos los elementos que sustentan las acusaciones contra el gobernador de Sinaloa y otros funcionarios; el canciller Roberto Velasco confirm\u00f3 que hasta el 12 de mayo no hab\u00eda recibido respuesta<\/strong><\/p>\n\n\n\n<p class=\"wp-block-paragraph\">Tomado de El Imparcial<\/p>\n\n\n\n<p class=\"wp-block-paragraph\">Por Xairo Vazquez&nbsp;<\/p>\n\n\n\n<p class=\"wp-block-paragraph\">Mi\u00e9rcoles 2 de septiembre de 2026<\/p>\n\n\n\n<p class=\"wp-block-paragraph\">Ciudad de M\u00e9xico.- El Gobierno de M\u00e9xico solicit\u00f3 a Estados Unidos las pruebas que sustentan las acusaciones contra el gobernador de Sinaloa, Rub\u00e9n Rocha Moya, y otros funcionarios y exfuncionarios se\u00f1alados por presuntos v\u00ednculos con el C\u00e1rtel de Sinaloa, pero hasta el 12 de mayo no hab\u00eda recibido esos elementos, de acuerdo con declaraciones de la presidenta Claudia Sheinbaum Pardo y del entonces secretario de Relaciones Exteriores, Roberto Velasco \u00c1lvarez.<\/p>\n\n\n\n<p class=\"wp-block-paragraph\">De acuerdo con la informaci\u00f3n del Gobierno de M\u00e9xico, Estados Unidos present\u00f3 una acusaci\u00f3n ante una corte federal de Nueva York, mientras que M\u00e9xico pidi\u00f3 conocer las pruebas que sustentan las imputaciones antes de determinar si existen elementos para proceder conforme a la legislaci\u00f3n mexicana.<\/p>\n\n\n\n<p class=\"wp-block-paragraph\">La acusaci\u00f3n fue presentada el 29 de abril por la Fiscal\u00eda del Distrito Sur de Nueva York. El Departamento de Justicia estadounidense se\u00f1al\u00f3 a Rocha Moya y a otros nueve actuales y antiguos funcionarios mexicanos por presuntos delitos relacionados con narcotr\u00e1fico y armas, y afirm\u00f3 que habr\u00edan colaborado con integrantes del C\u00e1rtel de Sinaloa a cambio de apoyo pol\u00edtico y sobornos.<\/p>\n\n\n\n<p class=\"wp-block-paragraph\"><strong>\u00bfEstados Unidos ya entreg\u00f3 las pruebas a M\u00e9xico?<\/strong><\/p>\n\n\n\n<p class=\"wp-block-paragraph\">La respuesta conocida oficialmente hasta el 12 de mayo es no.<\/p>\n\n\n\n<p class=\"wp-block-paragraph\">Durante la conferencia presidencial de ese d\u00eda, una reportera pregunt\u00f3 directamente si las autoridades estadounidenses hab\u00edan enviado las pruebas solicitadas por M\u00e9xico.<\/p>\n\n\n\n<p class=\"wp-block-paragraph\">El secretario de Relaciones Exteriores respondi\u00f3:<\/p>\n\n\n\n<p class=\"wp-block-paragraph\">No, hasta este momento, no tenemos respuesta.\u201d<\/p>\n\n\n\n<p class=\"wp-block-paragraph\">La declaraci\u00f3n fue emitida durante una conferencia de prensa de la Presidencia y constituye uno de los principales elementos para entender la postura mexicana frente al caso.<\/p>\n\n\n\n<p class=\"wp-block-paragraph\">Esto no significa que Estados Unidos no tenga una investigaci\u00f3n o que no haya presentado documentos ante una corte.<\/p>\n\n\n\n<p class=\"wp-block-paragraph\">Lo que significa es que, de acuerdo con la informaci\u00f3n proporcionada p\u00fablicamente por el Gobierno mexicano, los elementos solicitados para sustentar las peticiones de detenci\u00f3n con fines de extradici\u00f3n todav\u00eda no hab\u00edan sido entregados a las autoridades mexicanas en ese momento.<\/p>\n\n\n\n<p class=\"wp-block-paragraph\"><strong>\u00bfDe qu\u00e9 acusa Estados Unidos a Rocha Moya?<\/strong><\/p>\n\n\n\n<p class=\"wp-block-paragraph\">El Departamento de Justicia de Estados Unidos inform\u00f3 el 29 de abril que una acusaci\u00f3n federal incluye a Rub\u00e9n Rocha Moya, gobernador de Sinaloa; al senador Enrique Inzunza C\u00e1zarez; y a otros ocho funcionarios y exfuncionarios.<\/p>\n\n\n\n<p class=\"wp-block-paragraph\">Seg\u00fan la acusaci\u00f3n, los involucrados habr\u00edan conspirado con dirigentes del C\u00e1rtel de Sinaloa para facilitar el ingreso de grandes cantidades de narc\u00f3ticos a Estados Unidos a cambio de apoyo pol\u00edtico y sobornos.<\/p>\n\n\n\n<p class=\"wp-block-paragraph\">En el caso espec\u00edfico de Rocha Moya, la Fiscal\u00eda estadounidense sostiene que recibi\u00f3 apoyo de Los Chapitos durante las elecciones de 2021 y que, a cambio, habr\u00eda permitido que integrantes de esa facci\u00f3n operaran con protecci\u00f3n.<\/p>\n\n\n\n<p class=\"wp-block-paragraph\">El documento estadounidense tambi\u00e9n lo se\u00f1ala por delitos relacionados con la importaci\u00f3n de narc\u00f3ticos y posesi\u00f3n y conspiraci\u00f3n para poseer ametralladoras y dispositivos destructivos.<\/p>\n\n\n\n<p class=\"wp-block-paragraph\">Es importante precisar que se trata de acusaciones y no de una sentencia. El propio Departamento de Justicia establece que los cargos contenidos en la acusaci\u00f3n son imputaciones y que los acusados son considerados inocentes hasta que se demuestre su culpabilidad.<\/p>\n\n\n\n<p class=\"wp-block-paragraph\"><strong>\u00bfM\u00e9xico investiga a Rocha Moya?<\/strong><\/p>\n\n\n\n<p class=\"wp-block-paragraph\">S\u00ed. El Gobierno mexicano inform\u00f3 que la FGR abri\u00f3 su propia investigaci\u00f3n despu\u00e9s de recibir la solicitud relacionada con los diez mexicanos se\u00f1alados por Estados Unidos.<\/p>\n\n\n\n<p class=\"wp-block-paragraph\">En una conferencia posterior, el 28 de mayo, Sheinbaum explic\u00f3 que Estados Unidos envi\u00f3 una solicitud urgente de detenci\u00f3n con fines de extradici\u00f3n y que M\u00e9xico pregunt\u00f3 a la Fiscal\u00eda si exist\u00edan suficientes pruebas para sustentarla.<\/p>\n\n\n\n<p class=\"wp-block-paragraph\">De acuerdo con la presidenta, la respuesta recibida fue que no hab\u00eda pruebas suficientes.<\/p>\n\n\n\n<p class=\"wp-block-paragraph\">A partir de ello, la FGR inici\u00f3 su propia investigaci\u00f3n.<\/p>\n\n\n\n<p class=\"wp-block-paragraph\">Por separado, el secretario de Seguridad y Protecci\u00f3n Ciudadana, Omar Garc\u00eda Harfuch, declar\u00f3 el 12 de mayo que el Gabinete de Seguridad no hab\u00eda detectado conductas il\u00edcitas de Rocha Moya durante la administraci\u00f3n de Sheinbaum y que tampoco ten\u00eda una investigaci\u00f3n propia contra el gobernador.<\/p>\n\n\n\n<p class=\"wp-block-paragraph\"><strong>\u00bfPor qu\u00e9 M\u00e9xico pide las pruebas antes de actuar?<\/strong><\/p>\n\n\n\n<p class=\"wp-block-paragraph\">La discusi\u00f3n tiene que ver con el procedimiento legal de una eventual extradici\u00f3n.<\/p>\n\n\n\n<p class=\"wp-block-paragraph\">M\u00e9xico recibi\u00f3 las solicitudes de detenci\u00f3n provisional con fines de extradici\u00f3n y las canaliz\u00f3 a las autoridades correspondientes. La FGR debe analizar los elementos disponibles y determinar si existen bases jur\u00eddicas para continuar con el procedimiento.<\/p>\n\n\n\n<p class=\"wp-block-paragraph\">Sheinbaum ha insistido en que una acusaci\u00f3n por s\u00ed sola no sustituye las pruebas que deben ser valoradas por las autoridades mexicanas.<\/p>\n\n\n\n<p class=\"wp-block-paragraph\">La presidenta incluso record\u00f3 el caso del general Salvador Cienfuegos, quien fue detenido en Estados Unidos en 2020 y posteriormente regres\u00f3 a M\u00e9xico despu\u00e9s de que las autoridades estadounidenses entregaran informaci\u00f3n solicitada por el Gobierno mexicano.<\/p>\n\n\n\n<p class=\"wp-block-paragraph\"><a href=\"https:\/\/www.elimparcial.com\/mexico\/2026\/09\/02\/sheinbaum-aclara-que-eu-no-ha-entregado-pruebas-contra-rocha-moya\">https:\/\/www.elimparcial.com\/mexico\/2026\/09\/02\/sheinbaum-aclara-que-eu-no-ha-entregado-pruebas-contra-rocha-moya<\/a><\/p>\n","protected":false},"excerpt":{"rendered":"<p>La presidenta Claudia Sheinbaum se\u00f1al\u00f3 que M\u00e9xico pidi\u00f3 a Estados Unidos los elementos que sustentan las acusaciones contra el gobernador de Sinaloa y otros funcionarios; el canciller Roberto Velasco confirm\u00f3 que hasta el 12 de mayo no hab\u00eda recibido respuesta Tomado de El Imparcial Por Xairo Vazquez&nbsp; Mi\u00e9rcoles 2 de septiembre de 2026 Ciudad de [&hellip;]<\/p>\n","protected":false},"author":1,"featured_media":44631,"comment_status":"open","ping_status":"open","sticky":false,"template":"","format":"standard","meta":{"content-type":"","footnotes":""},"categories":[3,115,105],"tags":[],"class_list":["post-44630","post","type-post","status-publish","format-standard","has-post-thumbnail","category-mexico","category-politica","category-principal"],"_links":{"self":[{"href":"https:\/\/www.regioncuatronoticias.com\/index.php\/wp-json\/wp\/v2\/posts\/44630","targetHints":{"allow":["GET"]}}],"collection":[{"href":"https:\/\/www.regioncuatronoticias.com\/index.php\/wp-json\/wp\/v2\/posts"}],"about":[{"href":"https:\/\/www.regioncuatronoticias.com\/index.php\/wp-json\/wp\/v2\/types\/post"}],"author":[{"embeddable":true,"href":"https:\/\/www.regioncuatronoticias.com\/index.php\/wp-json\/wp\/v2\/users\/1"}],"replies":[{"embeddable":true,"href":"https:\/\/www.regioncuatronoticias.com\/index.php\/wp-json\/wp\/v2\/comments?post=44630"}],"version-history":[{"count":1,"href":"https:\/\/www.regioncuatronoticias.com\/index.php\/wp-json\/wp\/v2\/posts\/44630\/revisions"}],"predecessor-version":[{"id":44632,"href":"https:\/\/www.regioncuatronoticias.com\/index.php\/wp-json\/wp\/v2\/posts\/44630\/revisions\/44632"}],"wp:featuredmedia":[{"embeddable":true,"href":"https:\/\/www.regioncuatronoticias.com\/index.php\/wp-json\/wp\/v2\/media\/44631"}],"wp:attachment":[{"href":"https:\/\/www.regioncuatronoticias.com\/index.php\/wp-json\/wp\/v2\/media?parent=44630"}],"wp:term":[{"taxonomy":"category","embeddable":true,"href":"https:\/\/www.regioncuatronoticias.com\/index.php\/wp-json\/wp\/v2\/categories?post=44630"},{"taxonomy":"post_tag","embeddable":true,"href":"https:\/\/www.regioncuatronoticias.com\/index.php\/wp-json\/wp\/v2\/tags?post=44630"}],"curies":[{"name":"wp","href":"https:\/\/api.w.org\/{rel}","templated":true}]}}