{"id":44626,"date":"2026-09-02T13:28:04","date_gmt":"2026-09-02T20:28:04","guid":{"rendered":"https:\/\/www.regioncuatronoticias.com\/?p=44626"},"modified":"2026-09-02T13:30:32","modified_gmt":"2026-09-02T20:30:32","slug":"francisco-garduno-ex-comisionado-del-inm-no-asistio-a-audiencia-sobre-reparacion-a-victimas-de-incendio-en-estacion-migratoria-de-ciudad-juarez","status":"publish","type":"post","link":"https:\/\/www.regioncuatronoticias.com\/index.php\/2026\/09\/02\/francisco-garduno-ex-comisionado-del-inm-no-asistio-a-audiencia-sobre-reparacion-a-victimas-de-incendio-en-estacion-migratoria-de-ciudad-juarez\/","title":{"rendered":"Francisco Gardu\u00f1o, ex comisionado del INM, no asisti\u00f3 a audiencia sobre reparaci\u00f3n a v\u00edctimas de incendio en estaci\u00f3n migratoria de Ciudad Ju\u00e1rez"},"content":{"rendered":"\n<p class=\"wp-block-paragraph\">Tomado de La Jornada<\/p>\n\n\n\n<p class=\"wp-block-paragraph\">Jes\u00fas Estrada, Corresponsal<\/p>\n\n\n\n<p class=\"wp-block-paragraph\">Martes 1 de septiembre de 2026<\/p>\n\n\n\n<p class=\"wp-block-paragraph\">Chihuahua, Chih., El ex comisionado del Instituto Nacional de Migraci\u00f3n (INM), Francisco Gardu\u00f1o Y\u00e1\u00f1ez, falt\u00f3 a la audiencia de suspensi\u00f3n del proceso penal en su contra, la ma\u00f1ana de hoy martes en el Centro de Justicia Penal Federal, en Ciudad Ju\u00e1rez, donde deb\u00eda responder sobre las medidas de reparaci\u00f3n para las v\u00edctimas del incendio de la estancia migratoria del puente internacional Lerdo, ocurrido el 27 de marzo de 2023.<\/p>\n\n\n\n<p class=\"wp-block-paragraph\">Gardu\u00f1o rechaz\u00f3 comparecer presencialmente, ante el juez federal V\u00edctor Manlio Hern\u00e1ndez Calder\u00f3n, luego de que el a\u00f1o pasado se le concedi\u00f3 la suspensi\u00f3n provisional de la causa 237\/2023, por el delito de ejercicio il\u00edcito del servicio p\u00fablico, oblig\u00e1ndolo al pago de indemnizaciones, emitir una disculpa p\u00fablica, as\u00ed como cursar capacitaciones en derechos humanos y protecci\u00f3n civil.<\/p>\n\n\n\n<p class=\"wp-block-paragraph\">La audiencia estaba programada para realizarse a las 9:15 de la ma\u00f1ana en el Centro de Justicia Penal Federal, ubicado en la avenida Tecnol\u00f3gico, en Ciudad Ju\u00e1rez, pero de \u00faltimo minuto, Francisco Gardu\u00f1o pidi\u00f3 comparecer por videollamada, petici\u00f3n que rechaz\u00f3 el juez.<\/p>\n\n\n\n<p class=\"wp-block-paragraph\">El juez federal V\u00edctor Manlio Hern\u00e1ndez inform\u00f3 que neg\u00f3 al imputado la petici\u00f3n de atender v\u00eda remota, debido a la gravedad del caso, por lo que la audiencia ser\u00e1 diferida a una fecha pr\u00f3xima.<\/p>\n\n\n\n<p class=\"wp-block-paragraph\">El incendio de la estancia migratoria, ocurrido la noche del 27 de marzo de 2023, caus\u00f3 la muerte a 40 migrantes y dej\u00f3 lesionados a otros 27.<\/p>\n\n\n\n<p class=\"wp-block-paragraph\"><a href=\"https:\/\/www.jornada.com.mx\/noticia\/2026\/09\/01\/estados\/francisco-garduno-ex-comisionado-del-inm-falta-a-audiencia-sobre-reparacion-de-victimas-de-incendio-en-estacion-migratoria\">https:\/\/www.jornada.com.mx\/noticia\/2026\/09\/01\/estados\/francisco-garduno-ex-comisionado-del-inm-falta-a-audiencia-sobre-reparacion-de-victimas-de-incendio-en-estacion-migratoria<\/a><\/p>\n","protected":false},"excerpt":{"rendered":"<p>Tomado de La Jornada Jes\u00fas Estrada, Corresponsal Martes 1 de septiembre de 2026 Chihuahua, Chih., El ex comisionado del Instituto Nacional de Migraci\u00f3n (INM), Francisco Gardu\u00f1o Y\u00e1\u00f1ez, falt\u00f3 a la audiencia de suspensi\u00f3n del proceso penal en su contra, la ma\u00f1ana de hoy martes en el Centro de Justicia Penal Federal, en Ciudad Ju\u00e1rez, donde [&hellip;]<\/p>\n","protected":false},"author":1,"featured_media":44627,"comment_status":"open","ping_status":"open","sticky":false,"template":"","format":"standard","meta":{"content-type":"","footnotes":""},"categories":[3,115,105],"tags":[],"class_list":["post-44626","post","type-post","status-publish","format-standard","has-post-thumbnail","category-mexico","category-politica","category-principal"],"_links":{"self":[{"href":"https:\/\/www.regioncuatronoticias.com\/index.php\/wp-json\/wp\/v2\/posts\/44626","targetHints":{"allow":["GET"]}}],"collection":[{"href":"https:\/\/www.regioncuatronoticias.com\/index.php\/wp-json\/wp\/v2\/posts"}],"about":[{"href":"https:\/\/www.regioncuatronoticias.com\/index.php\/wp-json\/wp\/v2\/types\/post"}],"author":[{"embeddable":true,"href":"https:\/\/www.regioncuatronoticias.com\/index.php\/wp-json\/wp\/v2\/users\/1"}],"replies":[{"embeddable":true,"href":"https:\/\/www.regioncuatronoticias.com\/index.php\/wp-json\/wp\/v2\/comments?post=44626"}],"version-history":[{"count":1,"href":"https:\/\/www.regioncuatronoticias.com\/index.php\/wp-json\/wp\/v2\/posts\/44626\/revisions"}],"predecessor-version":[{"id":44628,"href":"https:\/\/www.regioncuatronoticias.com\/index.php\/wp-json\/wp\/v2\/posts\/44626\/revisions\/44628"}],"wp:featuredmedia":[{"embeddable":true,"href":"https:\/\/www.regioncuatronoticias.com\/index.php\/wp-json\/wp\/v2\/media\/44627"}],"wp:attachment":[{"href":"https:\/\/www.regioncuatronoticias.com\/index.php\/wp-json\/wp\/v2\/media?parent=44626"}],"wp:term":[{"taxonomy":"category","embeddable":true,"href":"https:\/\/www.regioncuatronoticias.com\/index.php\/wp-json\/wp\/v2\/categories?post=44626"},{"taxonomy":"post_tag","embeddable":true,"href":"https:\/\/www.regioncuatronoticias.com\/index.php\/wp-json\/wp\/v2\/tags?post=44626"}],"curies":[{"name":"wp","href":"https:\/\/api.w.org\/{rel}","templated":true}]}}