{"id":44618,"date":"2026-09-02T07:48:54","date_gmt":"2026-09-02T14:48:54","guid":{"rendered":"https:\/\/www.regioncuatronoticias.com\/?p=44618"},"modified":"2026-09-02T07:48:54","modified_gmt":"2026-09-02T14:48:54","slug":"no-tenemos-fronteras-abiertas-y-decidimos-quien-es-bienvenido-dice-landau-tras-cancelacion-de-visas","status":"publish","type":"post","link":"https:\/\/www.regioncuatronoticias.com\/index.php\/2026\/09\/02\/no-tenemos-fronteras-abiertas-y-decidimos-quien-es-bienvenido-dice-landau-tras-cancelacion-de-visas\/","title":{"rendered":"\u201cNo tenemos fronteras abiertas y decidimos qui\u00e9n es bienvenido\u201d, dice Landau tras cancelaci\u00f3n de visas"},"content":{"rendered":"\n<p class=\"wp-block-paragraph\"><strong>El actual subsecretario de Estado asegur\u00f3 que, tras la revocaci\u00f3n masiva de los permisos migratorios, le han apodado el \u201cquitavisas\u201d<\/strong><\/p>\n\n\n\n<p class=\"wp-block-paragraph\">El exembajador de Estados Unidos en M\u00e9xico, Christopher Landau, asegur\u00f3 que su pa\u00eds decide quien entra y qui\u00e9n no, en relaci\u00f3n a los extranjeros, y que Estados Unidos &#8220;no tiene fronteras abiertas&#8221;.<\/p>\n\n\n\n<p class=\"wp-block-paragraph\">En su actual puesto como subsecretario de Estado de los Estados Unidos, Landau detall\u00f3 que se ha ganado el apodo de &#8220;El quita visas&#8221; en Am\u00e9rica Latina.<\/p>\n\n\n\n<p class=\"wp-block-paragraph\">&#8220;Nos aseguramos de controlar qui\u00e9n entra a nuestro pa\u00eds; no tenemos fronteras abiertas y somos nosotros quienes decidimos qui\u00e9n es bienvenido&#8221;, asegur\u00f3 en una entrevista difundida por el Departamento de Estado.<\/p>\n\n\n\n<p class=\"wp-block-paragraph\">Asegur\u00f3 que para muchas personas &#8220;especialmente en el hemisferio occidental&#8221; es importante viajar a Estados Unidos, &#8220;por lo que existe un gran estigma asociado a no poder ingresar al pa\u00eds&#8221;.<\/p>\n\n\n\n<p class=\"wp-block-paragraph\">&#8220;Y est\u00e1 bien: que digan lo que quieran, pero eso no significa que puedan venir a Estados Unidos a decirlo&#8221;, se\u00f1al\u00f3.<\/p>\n\n\n\n<p class=\"wp-block-paragraph\">El subsecretario de Estado comenz\u00f3 su intervenci\u00f3n en la entrevista hablando sobre el asesinato de Charlie Kirk, activista pro Trump, asegurando que muchas personas en el extranjero hicieron comentarios despectivos sobre lo ocurrido.<\/p>\n\n\n\n<p class=\"wp-block-paragraph\">&#8220;Dec\u00edan que se lo merec\u00eda y cosas verdaderamente atroces. Si bien las personas de nuestro pa\u00eds tienen derechos amparados por la Primera Enmienda, los extranjeros que se encuentran fuera y desean entrar a Estados Unidos no tienen ese derecho de acceso&#8221;, dijo.<\/p>\n\n\n\n<p class=\"wp-block-paragraph\"><a href=\"https:\/\/latinus.us\/eu\/2026\/9\/1\/no-tenemos-fronteras-abiertas-decidimos-quien-es-bienvenido-dice-landau-tras-cancelacion-de-visas-183193.html\">https:\/\/latinus.us\/eu\/2026\/9\/1\/no-tenemos-fronteras-abiertas-decidimos-quien-es-bienvenido-dice-landau-tras-cancelacion-de-visas-183193.html<\/a><\/p>\n","protected":false},"excerpt":{"rendered":"<p>El actual subsecretario de Estado asegur\u00f3 que, tras la revocaci\u00f3n masiva de los permisos migratorios, le han apodado el \u201cquitavisas\u201d El exembajador de Estados Unidos en M\u00e9xico, Christopher Landau, asegur\u00f3 que su pa\u00eds decide quien entra y qui\u00e9n no, en relaci\u00f3n a los extranjeros, y que Estados Unidos &#8220;no tiene fronteras abiertas&#8221;. En su actual [&hellip;]<\/p>\n","protected":false},"author":1,"featured_media":44619,"comment_status":"open","ping_status":"open","sticky":false,"template":"","format":"standard","meta":{"content-type":"","footnotes":""},"categories":[7,3,115,105],"tags":[],"class_list":["post-44618","post","type-post","status-publish","format-standard","has-post-thumbnail","category-internacional","category-mexico","category-politica","category-principal"],"_links":{"self":[{"href":"https:\/\/www.regioncuatronoticias.com\/index.php\/wp-json\/wp\/v2\/posts\/44618","targetHints":{"allow":["GET"]}}],"collection":[{"href":"https:\/\/www.regioncuatronoticias.com\/index.php\/wp-json\/wp\/v2\/posts"}],"about":[{"href":"https:\/\/www.regioncuatronoticias.com\/index.php\/wp-json\/wp\/v2\/types\/post"}],"author":[{"embeddable":true,"href":"https:\/\/www.regioncuatronoticias.com\/index.php\/wp-json\/wp\/v2\/users\/1"}],"replies":[{"embeddable":true,"href":"https:\/\/www.regioncuatronoticias.com\/index.php\/wp-json\/wp\/v2\/comments?post=44618"}],"version-history":[{"count":1,"href":"https:\/\/www.regioncuatronoticias.com\/index.php\/wp-json\/wp\/v2\/posts\/44618\/revisions"}],"predecessor-version":[{"id":44620,"href":"https:\/\/www.regioncuatronoticias.com\/index.php\/wp-json\/wp\/v2\/posts\/44618\/revisions\/44620"}],"wp:featuredmedia":[{"embeddable":true,"href":"https:\/\/www.regioncuatronoticias.com\/index.php\/wp-json\/wp\/v2\/media\/44619"}],"wp:attachment":[{"href":"https:\/\/www.regioncuatronoticias.com\/index.php\/wp-json\/wp\/v2\/media?parent=44618"}],"wp:term":[{"taxonomy":"category","embeddable":true,"href":"https:\/\/www.regioncuatronoticias.com\/index.php\/wp-json\/wp\/v2\/categories?post=44618"},{"taxonomy":"post_tag","embeddable":true,"href":"https:\/\/www.regioncuatronoticias.com\/index.php\/wp-json\/wp\/v2\/tags?post=44618"}],"curies":[{"name":"wp","href":"https:\/\/api.w.org\/{rel}","templated":true}]}}