{"id":44603,"date":"2026-09-01T23:02:09","date_gmt":"2026-09-02T06:02:09","guid":{"rendered":"https:\/\/www.regioncuatronoticias.com\/?p=44603"},"modified":"2026-09-01T23:02:10","modified_gmt":"2026-09-02T06:02:10","slug":"segundo-tramo-ausencias-y-botin-de-guerra","status":"publish","type":"post","link":"https:\/\/www.regioncuatronoticias.com\/index.php\/2026\/09\/01\/segundo-tramo-ausencias-y-botin-de-guerra\/","title":{"rendered":"Segundo tramo: ausencias y bot\u00edn de guerra"},"content":{"rendered":"\n<p class=\"wp-block-paragraph\"><strong>Columna Archivo Confidencial<\/strong><\/p>\n\n\n\n<p class=\"wp-block-paragraph\"><strong>Armando V\u00e1squez Alegr\u00eda<\/strong><\/p>\n\n\n\n<p class=\"wp-block-paragraph\"><strong>Segundo tramo: ausencias y bot\u00edn de guerra<\/strong><\/p>\n\n\n\n<p class=\"wp-block-paragraph\"><strong>Mi\u00e9rcoles 2 de septiembre de 2026<\/strong><\/p>\n\n\n\n<p class=\"wp-block-paragraph\">Despu\u00e9s de la lectura del Segundo Informe de Gobierno por parte de la presidenta Claudia Sheinbaum, la felicitaci\u00f3n de Andr\u00e9s Manuel &#8220;Andy&#8221; L\u00f3pez Beltr\u00e1n surgi\u00f3 con rapidez zalamera en redes sociales. No era para menos: el heredero pol\u00edtico y operador clave del movimiento brill\u00f3 por su ausencia f\u00edsica, al igual que Gerardo Fern\u00e1ndez Noro\u00f1a, Ad\u00e1n Augusto L\u00f3pez Hern\u00e1ndez, el senador Enrique Inzunza, el gobernador sinaloense Rub\u00e9n Rocha Moya y, por supuesto, el expresidente Andr\u00e9s Manuel L\u00f3pez Obrador, quien mantiene su f\u00e9rrea regla de reclusi\u00f3n p\u00fablica.<\/p>\n\n\n\n<p class=\"wp-block-paragraph\">Pero el aislamiento en el Patio de Honor de Palacio Nacional no discrimin\u00f3 ideolog\u00edas: tampoco acudi\u00f3 ning\u00fan funcionario de gobierno extranjero, ni de izquierda ni de derecha, ni siquiera el embajador de los Estados Unidos. El aforo se redujo dr\u00e1sticamente a trescientos privilegiados: gobernadores de todo el espectro \u2014con la notable excepci\u00f3n de Maru Campos en Chihuahua\u2014, la c\u00fapula empresarial, legisladores leales, directivos nacionales de Morena y secretarios de primer nivel. Un c\u00edrculo rojo herm\u00e9tico, calculado para no dejar cabos sueltos.<\/p>\n\n\n\n<p class=\"wp-block-paragraph\">Y al igual que su antecesor, durante todo el mes de septiembre la mandataria se dedicar\u00e1 a replicar el ejercicio, acudiendo a leer extractos de su informe en cada uno de los treinta y un estados restantes. A mediados del mes encabezar\u00e1 la tradicional ceremonia del Grito de Independencia y, de manera simult\u00e1nea, habr\u00e1 que estar muy atentos al carrusel de informes de los gobernadores estatales que suelen concentrarse en estas mismas fechas.<\/p>\n\n\n\n<p class=\"wp-block-paragraph\">Sin embargo, en el tramo final de su discurso en Palacio Nacional, Sheinbaum aprovech\u00f3 para decantarse y justificar los recurrentes claroscuros de su administraci\u00f3n, fustigando y culpando a la labor de Donald Trump y a su gabinete por las presiones y desajustes recientes. Ya tiene a su &#8220;Pati\u00f1o&#8221; geopol\u00edtico ideal para echarle encima todas las pulgas posibles, buscando que la marca de la Cuarta Transformaci\u00f3n pase pr\u00edstina, brillante y limpia frente a las negras acusaciones que han llovido sobre los verdaderos protagonistas culpables del r\u00e9gimen.<\/p>\n\n\n\n<p class=\"wp-block-paragraph\">El problema de fondo es que nunca van a reconocer su incapacidad para gobernar con eficacia y, mucho menos, para regir adecuadamente los destinos financieros de una naci\u00f3n compleja que cay\u00f3 en un adeudo del 51% del PIB que coloca al pa\u00eds en el umbral de considerarse sus bonos como basura. Son como esas personas que jam\u00e1s hab\u00edan visto cantidades importantes de dinero en su vida personal y que, al tener acceso repentino a las arcas p\u00fablicas, se vuelven literalmente locas, sin hallar la forma de gastar un recurso presupuestal que les quema y calienta las manos. Por eso pululan tantos actos de corrupci\u00f3n pues creen que los bienes de la naci\u00f3n son bot\u00edn de guerra.<\/p>\n\n\n\n<p class=\"wp-block-paragraph\">Esta vor\u00e1gine material y de privilegios termin\u00f3 por corromper y destruir a los supuestos ide\u00f3logos hist\u00f3ricos del movimiento, como el propio Noro\u00f1a o los Monreal. Por ello, cuando L\u00f3pez Obrador pregonaba hasta el cansancio aquello de vivir con doscientos pesos en la cartera, el mensaje cifrado e indirecto no era una simple frase folcl\u00f3rica, sino una advertencia desesperada para aguantar las tentaciones terrenales, imponer la austeridad republicana y plegarse a una vida franciscana que pocos resistieron.<\/p>\n\n\n\n<p class=\"wp-block-paragraph\">Pero los hijos del &#8220;Peje&#8221; fueron los primeros en deconstruir esta falsa imagen moral pregonada por el patriarca, al menos de los dientes para afuera, inaugurando una era de ostentaci\u00f3n inocultable. De Claudia Sheinbaum, hay que decirlo, hasta el momento no se conocen indicios s\u00f3lidos de enriquecimiento il\u00edcito; incluso, organizaciones de la sociedad civil como Mexicanos contra la Corrupci\u00f3n no le han logrado sacar trapitos al sol en este terreno espec\u00edfico. No obstante, con los dem\u00e1s integrantes de su gabinete y operadores del partido la historia es diametralmente opuesta, y los esc\u00e1ndalos se multiplican con agreste felicidad para los cr\u00edticos y analistas que intentamos descifrar el tama\u00f1o del boquete financiero heredado.<\/p>\n\n\n\n<p class=\"wp-block-paragraph\">En este segundo a\u00f1o tambi\u00e9n fue posible comprobar el alejamiento entre los morenistas pro Claudia y los que est\u00e1n con AMLO, misma separaci\u00f3n que existe entre los funcionarios gubernamentales lo que conllevar\u00e1, tarde que temprano a un rompimiento entre ambos que, por cierto, de manera discreta ha sucedi\u00f3 cada vez que Sheinbaum hace cambios en las estructuras sin avisar o tomar en cuenta a su padrino pol\u00edtico que ya le estorba. Hay ejemplos de esto, curioso, publicitados por el peri\u00f3dico La Jornada. https:\/\/n9.cl\/fhioe<\/p>\n\n\n\n<p class=\"wp-block-paragraph\">Tal parece que la luna de miel extra que le dieron a L\u00f3pez Obrador con estos dos a\u00f1os de cobijo lleg\u00f3 a su fin pues Sheinbaum tiene todos los controles en la mano, incluso el de la milicia, lo que le coloca en la mano el l\u00e1tigo mayor que sabe usar con la fuerza debida en aquellos que no se le quieran cuadrar y vamos a verlo en esta gira que le va a servir tambi\u00e9n para definir, amarrara y amacizar a sus candidatos para las elecciones del a\u00f1o que entra.<\/p>\n\n\n\n<p class=\"wp-block-paragraph\">Y pensar que los rumor\u00f3logos dec\u00edan que no llegar\u00eda al segundo a\u00f1o de mandato y que ser\u00eda AMLO quien se encargar\u00eda de ello si Sheinbaum no se somet\u00eda al seguimiento de los caprichos del tabasque\u00f1o. Pero ya vimos que la luz del mes\u00edas se ha reducido considerablemente y que por lo menos, uno de sus hijos, Andy, puede ser sentenciado a cadena perpetua y convertirse en vecino del Mayo o Maduro donde ser\u00eda el llanto y crujir de dientes.<\/p>\n\n\n\n<p class=\"wp-block-paragraph\"><strong>EN FIN,<\/strong> por hoy es todo, ma\u00f1ana le seguimos si Dios quiere.<\/p>\n\n\n\n<p class=\"wp-block-paragraph\"><strong>Armando V\u00e1squez Alegr\u00eda es periodista con m\u00e1s de 35 a\u00f1os de experiencia en medios escritos y de internet, cuenta licenciatura en Administraci\u00f3n de Empresas, Maestr\u00eda en Competitividad Organizacional y Doctorando en Administraci\u00f3n P\u00fablica. Es director de Editorial J. Castillo, S.A. de C.V. y de \u201cCEO\u201d, Consultor\u00eda Especializada en Organizaciones.<\/strong><\/p>\n\n\n\n<p class=\"wp-block-paragraph\"><strong>Correo electr\u00f3nico: archivoconfidencial@hotmail.com<\/strong><\/p>\n\n\n\n<p class=\"wp-block-paragraph\"><strong>https:\/\/www.facebook.com\/armando.vazquez.3304<\/strong><\/p>\n","protected":false},"excerpt":{"rendered":"<p>Columna Archivo Confidencial Armando V\u00e1squez Alegr\u00eda Segundo tramo: ausencias y bot\u00edn de guerra Mi\u00e9rcoles 2 de septiembre de 2026 Despu\u00e9s de la lectura del Segundo Informe de Gobierno por parte de la presidenta Claudia Sheinbaum, la felicitaci\u00f3n de Andr\u00e9s Manuel &#8220;Andy&#8221; L\u00f3pez Beltr\u00e1n surgi\u00f3 con rapidez zalamera en redes sociales. No era para menos: el [&hellip;]<\/p>\n","protected":false},"author":1,"featured_media":44604,"comment_status":"open","ping_status":"open","sticky":false,"template":"","format":"standard","meta":{"content-type":"","footnotes":""},"categories":[129],"tags":[],"class_list":["post-44603","post","type-post","status-publish","format-standard","has-post-thumbnail","category-armando-vasquez-a"],"_links":{"self":[{"href":"https:\/\/www.regioncuatronoticias.com\/index.php\/wp-json\/wp\/v2\/posts\/44603","targetHints":{"allow":["GET"]}}],"collection":[{"href":"https:\/\/www.regioncuatronoticias.com\/index.php\/wp-json\/wp\/v2\/posts"}],"about":[{"href":"https:\/\/www.regioncuatronoticias.com\/index.php\/wp-json\/wp\/v2\/types\/post"}],"author":[{"embeddable":true,"href":"https:\/\/www.regioncuatronoticias.com\/index.php\/wp-json\/wp\/v2\/users\/1"}],"replies":[{"embeddable":true,"href":"https:\/\/www.regioncuatronoticias.com\/index.php\/wp-json\/wp\/v2\/comments?post=44603"}],"version-history":[{"count":1,"href":"https:\/\/www.regioncuatronoticias.com\/index.php\/wp-json\/wp\/v2\/posts\/44603\/revisions"}],"predecessor-version":[{"id":44605,"href":"https:\/\/www.regioncuatronoticias.com\/index.php\/wp-json\/wp\/v2\/posts\/44603\/revisions\/44605"}],"wp:featuredmedia":[{"embeddable":true,"href":"https:\/\/www.regioncuatronoticias.com\/index.php\/wp-json\/wp\/v2\/media\/44604"}],"wp:attachment":[{"href":"https:\/\/www.regioncuatronoticias.com\/index.php\/wp-json\/wp\/v2\/media?parent=44603"}],"wp:term":[{"taxonomy":"category","embeddable":true,"href":"https:\/\/www.regioncuatronoticias.com\/index.php\/wp-json\/wp\/v2\/categories?post=44603"},{"taxonomy":"post_tag","embeddable":true,"href":"https:\/\/www.regioncuatronoticias.com\/index.php\/wp-json\/wp\/v2\/tags?post=44603"}],"curies":[{"name":"wp","href":"https:\/\/api.w.org\/{rel}","templated":true}]}}