{"id":44600,"date":"2026-09-01T23:01:04","date_gmt":"2026-09-02T06:01:04","guid":{"rendered":"https:\/\/www.regioncuatronoticias.com\/?p=44600"},"modified":"2026-09-01T23:01:05","modified_gmt":"2026-09-02T06:01:05","slug":"siete-filtros-y-el-fuego-cruzado","status":"publish","type":"post","link":"https:\/\/www.regioncuatronoticias.com\/index.php\/2026\/09\/01\/siete-filtros-y-el-fuego-cruzado\/","title":{"rendered":"Siete filtros y el fuego cruzado"},"content":{"rendered":"\n<p class=\"wp-block-paragraph\"><strong>Columna Archivo Confidencial<\/strong><\/p>\n\n\n\n<p class=\"wp-block-paragraph\"><strong>Armando V\u00e1squez Alegr\u00eda<\/strong><\/p>\n\n\n\n<p class=\"wp-block-paragraph\"><strong>Siete filtros y el fuego cruzado<\/strong><\/p>\n\n\n\n<p class=\"wp-block-paragraph\"><strong>Martes 1 de septiembre de 2026<\/strong><\/p>\n\n\n\n<p class=\"wp-block-paragraph\"><strong>HAY SIETE FILTROS<\/strong> en Morena que pujan para impulsar candidatos, aunque claro, el \u00faltimo, el dedazo de la presidenta Sheinbaum es el definitorio.<\/p>\n\n\n\n<p class=\"wp-block-paragraph\">Conforme a lo publicado por el columnista Mario Maldonado, tenemos en primer lugar a Ricardo Monreal como coordinador de la primera circunscripci\u00f3n, es quien ha recibido a los aspirantes sonorenses en su oficina, filtra a los mejor posicionados y revisa los respaldos locales incluyendo a los gobernadores que fueron el filtro pre inicial.<\/p>\n\n\n\n<p class=\"wp-block-paragraph\">Citlalli Hern\u00e1ndez, la encargada de concentrar y procesar los resultados de las encuestas oficiales para cruzar la fuerza real de los perfiles. Ariadna Montiel, la buena en Morena quien es la responsable de la operaci\u00f3n cicatriz y contener las inconformidades de los grupos que se queden en el camino.<\/p>\n\n\n\n<p class=\"wp-block-paragraph\">Tenemos a Jes\u00fas Ram\u00edrez Cuevas quien impulsa los perfiles del ala m\u00e1s radical de la 4T, Iv\u00e1n Silva (fundador de Heur\u00edstica Comunicaci\u00f3n) cuyo rol dentro del movimiento es el de un estratega, consultor pol\u00edtico y analista con amplia credibilidad y peso en las decisiones de Sheinbaum cuya misi\u00f3n visible es colocar a sus gobernadores que le ayudar\u00e1n en la segunda parte del sexenio.<\/p>\n\n\n\n<p class=\"wp-block-paragraph\">En el caso de Sonora, a C\u00e9lida L\u00f3pez no deja de perseguirla la sombra de Guillermo Padr\u00e9s y el padrecismo como tal no cuenta con buenas referencias en seis de los siete filtros, salvo el de Alfonso Durazo quien fue apoyado econ\u00f3mica y utilitariamente cuando Morena apenas empezaba y \u00e9l era su coordinador estatal.<\/p>\n\n\n\n<p class=\"wp-block-paragraph\">No hay que olvidar el pr\u00e9stamo de oficinas en su momento, entre otros detalles. Solo me pregunto: En el caso del padrecismo apoderado de MC con Colosio Jr. a la cabeza y Alejandro L\u00f3pez Caballero por la capital, \u00bfcu\u00e1l habr\u00e1 sido la incidencia de Durazo en esta jugada?<\/p>\n\n\n\n<p class=\"wp-block-paragraph\">Pero sigamos. Si se trata de sacar conclusiones, ahora que la encuestadora Enkoll fue expulsada de la lista de aquellas que pueden determinar la balanza porque denunci\u00f3 que quer\u00edan comprar sus resultados en Sonora, BCS y Quintana Roo, vale la pena recordar que ha sido la \u00fanica empresa que coloc\u00f3 en la cabecera a C\u00e9lida L\u00f3pez en su encuesta del 21 de julio&nbsp; https:\/\/n9.cl\/tnw0w y le dio un empate junto a Javier Lamarque de 26 puntos en el estudio publicitado este 29 de agosto.&nbsp; https:\/\/n9.cl\/pe0x4a<\/p>\n\n\n\n<p class=\"wp-block-paragraph\">C\u00e9lida, quien seg\u00fan el \u00faltimo bolet\u00edn logr\u00f3 juntar a ocho mil personas, aunque las fotos dec\u00edan otro n\u00famero infinitamente menor, ha dicho que es una guerrera que una vez conocido el resultado se sumar\u00e1 al ganador en caso de que ella no lo sea o bien, har\u00e1 lo que el gobernador diga en una forma que considera institucional.<\/p>\n\n\n\n<p class=\"wp-block-paragraph\">Sin embargo, el hecho de haber sido Javier Lamarque el \u00fanico de los punteros formalmente denunciado ante el IEEyPC por actos anticipados de campa\u00f1a lo puso en el centro de la mira no solo de la oposici\u00f3n, sino claramente del fuego cruzado de sus propios copartidarios y como dice Holmes:&nbsp; &#8220;Cuando hayas eliminado lo imposible, lo que quede, por improbable que parezca, debe ser la verdad.&#8221; \u00bfQui\u00e9n entra en la lista de los m\u00e1s beneficiados con esta acci\u00f3n?<\/p>\n\n\n\n<p class=\"wp-block-paragraph\">Tratar de desgastar a Lamarque en los tribunales electorales para sacarlo de la jugada hace que el control se salga de las manos de un gobernador que no puede permitirse ese affaire pues no deja de ser el presidente del consejo de Morena y adem\u00e1s es la \u00fanica demanda que se conoce en los 17 estados donde habr\u00e1 elecciones.<\/p>\n\n\n\n<p class=\"wp-block-paragraph\">Quien present\u00f3 la denuncia bien pudiera ser aquel perfil que no resista el escrutinio de los filtros nacionales pues no creo que sea el propio Durazo su ejecutor, toda vez que su futuro depende de las decisiones de Sheinbaum a\u00fan y cuando se sabe y se ha manejado que Lamarque no es su gallo y s\u00ed el de la presidenta Sheinbaum, tan es as\u00ed que un indicador t\u00e1cito es el hecho de que, en los cinco destapes actuales, tres de ellos son mujeres y dos hombres.&nbsp; La apuesta por una mujer no est\u00e1 definida.<\/p>\n\n\n\n<p class=\"wp-block-paragraph\">Por eso la pregunta es v\u00e1lida: \u00bfpor qu\u00e9 no hubo una denuncia similar contra C\u00e9lida o Lorenia Valle? Los golpes bajos entre correligionarios terminan por fracturar la disciplina que tanto exige la dirigencia central, evidenciando desesperaci\u00f3n en aquellos cuartos de guerra que recurren a la v\u00eda jurisdiccional ante la incapacidad de despuntar en las encuestas reales.<\/p>\n\n\n\n<p class=\"wp-block-paragraph\">Frente a esta guerra de aduanas, encuestas contratadas a la medida, porras de m\u00edtines inflados y denuncias anticipadas, el dilema final del gobernador no es menor. Pero ya quedan unos d\u00edas para conocer el desenlace de esta novela.<\/p>\n\n\n\n<p class=\"wp-block-paragraph\">Al final, es contundente que en el tablero de la 4T sonorense la baraja no la decide el trazo de los expedientes que ya se analizan en los escritorios de la capital sino claramente Sheinbaum que luego de su segundo informe definir\u00e1 al merecedor de la designaci\u00f3n y quien sabe a lo mejor esa denuncia contra Lamarque, &#8211;el m\u00e1s atacado durante la contienda&#8211;, sea la puntilla que le encauce al toque del dedo divino.<\/p>\n\n\n\n<p class=\"wp-block-paragraph\"><strong>EN FIN, p<\/strong>or hoy es todo, ma\u00f1ana le seguimos si Dios quiere.<\/p>\n\n\n\n<p class=\"wp-block-paragraph\"><strong>Armando V\u00e1squez Alegr\u00eda es periodista con m\u00e1s de 35 a\u00f1os de experiencia en medios escritos y de internet, cuenta licenciatura en Administraci\u00f3n de Empresas, Maestr\u00eda en Competitividad Organizacional y Doctorando en Administraci\u00f3n P\u00fablica. Es director de Editorial J. Castillo, S.A. de C.V. y de \u201cCEO\u201d, Consultor\u00eda Especializada en Organizaciones.<\/strong><\/p>\n\n\n\n<p class=\"wp-block-paragraph\"><strong>Correo electr\u00f3nico: archivoconfidencial@hotmail.com<\/strong><\/p>\n\n\n\n<p class=\"wp-block-paragraph\"><strong>https:\/\/www.facebook.com\/armando.vazquez.3304<\/strong><\/p>\n","protected":false},"excerpt":{"rendered":"<p>Columna Archivo Confidencial Armando V\u00e1squez Alegr\u00eda Siete filtros y el fuego cruzado Martes 1 de septiembre de 2026 HAY SIETE FILTROS en Morena que pujan para impulsar candidatos, aunque claro, el \u00faltimo, el dedazo de la presidenta Sheinbaum es el definitorio. Conforme a lo publicado por el columnista Mario Maldonado, tenemos en primer lugar a [&hellip;]<\/p>\n","protected":false},"author":1,"featured_media":44601,"comment_status":"open","ping_status":"open","sticky":false,"template":"","format":"standard","meta":{"content-type":"","footnotes":""},"categories":[129],"tags":[],"class_list":["post-44600","post","type-post","status-publish","format-standard","has-post-thumbnail","category-armando-vasquez-a"],"_links":{"self":[{"href":"https:\/\/www.regioncuatronoticias.com\/index.php\/wp-json\/wp\/v2\/posts\/44600","targetHints":{"allow":["GET"]}}],"collection":[{"href":"https:\/\/www.regioncuatronoticias.com\/index.php\/wp-json\/wp\/v2\/posts"}],"about":[{"href":"https:\/\/www.regioncuatronoticias.com\/index.php\/wp-json\/wp\/v2\/types\/post"}],"author":[{"embeddable":true,"href":"https:\/\/www.regioncuatronoticias.com\/index.php\/wp-json\/wp\/v2\/users\/1"}],"replies":[{"embeddable":true,"href":"https:\/\/www.regioncuatronoticias.com\/index.php\/wp-json\/wp\/v2\/comments?post=44600"}],"version-history":[{"count":1,"href":"https:\/\/www.regioncuatronoticias.com\/index.php\/wp-json\/wp\/v2\/posts\/44600\/revisions"}],"predecessor-version":[{"id":44602,"href":"https:\/\/www.regioncuatronoticias.com\/index.php\/wp-json\/wp\/v2\/posts\/44600\/revisions\/44602"}],"wp:featuredmedia":[{"embeddable":true,"href":"https:\/\/www.regioncuatronoticias.com\/index.php\/wp-json\/wp\/v2\/media\/44601"}],"wp:attachment":[{"href":"https:\/\/www.regioncuatronoticias.com\/index.php\/wp-json\/wp\/v2\/media?parent=44600"}],"wp:term":[{"taxonomy":"category","embeddable":true,"href":"https:\/\/www.regioncuatronoticias.com\/index.php\/wp-json\/wp\/v2\/categories?post=44600"},{"taxonomy":"post_tag","embeddable":true,"href":"https:\/\/www.regioncuatronoticias.com\/index.php\/wp-json\/wp\/v2\/tags?post=44600"}],"curies":[{"name":"wp","href":"https:\/\/api.w.org\/{rel}","templated":true}]}}