{"id":44597,"date":"2026-09-01T22:55:16","date_gmt":"2026-09-02T05:55:16","guid":{"rendered":"https:\/\/www.regioncuatronoticias.com\/?p=44597"},"modified":"2026-09-01T22:55:17","modified_gmt":"2026-09-02T05:55:17","slug":"estrellas-morenistas-que-se-apagan-y-otros-que-caen-parados","status":"publish","type":"post","link":"https:\/\/www.regioncuatronoticias.com\/index.php\/2026\/09\/01\/estrellas-morenistas-que-se-apagan-y-otros-que-caen-parados\/","title":{"rendered":"Estrellas morenistas que se apagan, y otros que caen parados"},"content":{"rendered":"\n<p class=\"wp-block-paragraph\"><strong>Columna El Zancudo<\/strong><\/p>\n\n\n\n<p class=\"wp-block-paragraph\"><strong>Arturo Soto Mungu\u00eda<\/strong><\/p>\n\n\n\n<p class=\"wp-block-paragraph\"><strong>Estrellas morenistas que se apagan, y otros que caen parados<\/strong><\/p>\n\n\n\n<p class=\"wp-block-paragraph\"><strong>Martes 1 de septiembre de 2026<\/strong><\/p>\n\n\n\n<p class=\"wp-block-paragraph\">Nada, ning\u00fan movimiento de los que se registran en estos momentos especialmente convulsos en el bloque gobernante, puede leerse fuera de ese contexto.<\/p>\n\n\n\n<p class=\"wp-block-paragraph\">&nbsp;Andy L\u00f3pez Beltr\u00e1n volvi\u00f3 a ser pillado en un encuentro privado -una cena en un restaurante de post\u00edn en la colonia Condesa de la Ciudad de M\u00e9xico- con su hermano Gonzalo, el diputado federal Daniel Asaf y los empresarios Juan Domingo Bekmann y Mauricio Gardu\u00f1o.<\/p>\n\n\n\n<p class=\"wp-block-paragraph\">&nbsp;La columna que consigna ese encuentro -documentada con un video sin audio- se atreve a sostener que la conversaci\u00f3n vers\u00f3 sobre la reciente detenci\u00f3n de Fausto Corrales, chofer y asistente personal del ex rector de la Universidad Aut\u00f3noma de Sinaloa, H\u00e9ctor Melesio Cu\u00e9n, asesinado en circunstancias no del todo aclarado aquel d\u00eda de julio de 2024, cuando se dio la \u2018extracci\u00f3n\u2019 de \u201cEl Mayo\u201d Zambada en una finca cercana a Culiac\u00e1n.<\/p>\n\n\n\n<p class=\"wp-block-paragraph\">&nbsp;Es bastante aventurado y parece mera especulaci\u00f3n suponer el contenido de la charla entre los protagonistas de esa reuni\u00f3n, pero por sus perfiles y los se\u00f1alamientos que hay sobre su presunta participaci\u00f3n en negocios turbios, le da sentido period\u00edstico al encuentro.<\/p>\n\n\n\n<p class=\"wp-block-paragraph\">&nbsp;Supongamos que en la cena no se habl\u00f3 de ese tema y que la conversaci\u00f3n gir\u00f3 en torno a otros asuntos m\u00e1s banales. Que solo fue una reuni\u00f3n de amigos y ya.<\/p>\n\n\n\n<p class=\"wp-block-paragraph\">&nbsp;Andy tendr\u00eda en todo caso, otros motivos para preocuparse. La c\u00e1mara que lo grab\u00f3 fue colocada a distancia considerable y en un sitio desde el cual lo capt\u00f3 claramente en el sitio que ocup\u00f3 en la mesa, como si quien lo grab\u00f3 supiera exactamente la posici\u00f3n en la que se encontrar\u00eda. A diferencia de cuando fue videograbado saliendo de una tienda Prada en Tokio, Jap\u00f3n, esta vez la grabaci\u00f3n no parece venir de alguien que descubri\u00f3 casualmente a los personajes, sino de alguien que los estuvo \u2018cazando\u2019.<\/p>\n\n\n\n<p class=\"wp-block-paragraph\">&nbsp;La cena en el Magazzino dio para cualquier cantidad de historias, algunas descabellas, otras no tanto.<\/p>\n\n\n\n<p class=\"wp-block-paragraph\">&nbsp;Algunas de ellas versan sobre el desencuentro de la presidenta Claudia Sheinbaum con los hijos de su antecesor y con otros personajes muy cercanos al expresidente AMLO, entre los m\u00e1s notables se encuentran algunos de los que estuvieron aquel 9 de marzo de 2025 en el z\u00f3calo capitalino, cuando, embobados como estaban tom\u00e1ndose una foto precisamente con Andy, ignoraron a la presidenta, le dieron la espalda y esta les pas\u00f3 de largo. El episodio se conoci\u00f3 como \u201cel desaire\u201d, algo que en la ritualidad del presidencialismo mexicano resulta imperdonable.<\/p>\n\n\n\n<p class=\"wp-block-paragraph\">&nbsp;Casualmente, Ad\u00e1n Augusto L\u00f3pez, Ricardo Monreal, Luisa Mar\u00eda Alcalde y el propio Andy han visto mermar significativamente sus cotos de poder desde entonces. No hay casualidades en la pol\u00edtica.<\/p>\n\n\n\n<p class=\"wp-block-paragraph\">&nbsp;En el caso de Andy, no solo sali\u00f3 de la Secretar\u00eda de Elecciones de Morena, sino que se ha visto involucrado en una serie de esc\u00e1ndalo, incluyendo sus menciones en el expediente del huachicol fiscal. Hoy lo vuelven a pillar en una situaci\u00f3n inc\u00f3moda y, presumiblemente en hechos no casuales, sino aparentemente preparados.<\/p>\n\n\n\n<p class=\"wp-block-paragraph\">&nbsp;\u00bfMarcaje personal? \u00bfDe qui\u00e9n y por qu\u00e9?<\/p>\n\n\n\n<p class=\"wp-block-paragraph\">&nbsp;Que lo averig\u00fce Vargas, como dice el dicho.<\/p>\n\n\n\n<p class=\"wp-block-paragraph\">&nbsp;Por cierto, a otro que no le ha ido bien es al senador Gerardo Fern\u00e1ndez Noro\u00f1a. Sus propios compa\u00f1eros de bancada lo taclearon en sus intenciones de volver a presidir la C\u00e1mara Alta, lo que le provoc\u00f3 una notable molestia. Ni siquiera acudi\u00f3 a la plenaria de Morena en la que se eligi\u00f3 a Higinio Mart\u00ednez como presidente de la Mesa Directiva. A\u00fan m\u00e1s: public\u00f3 una carta en la que expresamente sostiene su desacuerdo y toma de distancia: &#8220;Mi ausencia hoy en los trabajos es la ruptura del consenso. No soy parte de ese acuerdo y conscientemente rechazo serlo&#8221;, escribi\u00f3.<\/p>\n\n\n\n<p class=\"wp-block-paragraph\">&nbsp;La estrella de Noro\u00f1a tambi\u00e9n se ha ido apagando en el sexenio de Sheinbaum.<\/p>\n\n\n\n<p class=\"wp-block-paragraph\">&nbsp;Hay otros personajes, en cambio, que se han ido empoderando, uno de ellos es el propio Higinio Mart\u00ednez, militante de izquierda de larga data que ha ocupado varios cargos relevantes. Hoy preside el Senado.<\/p>\n\n\n\n<p class=\"wp-block-paragraph\">&nbsp;Mart\u00ednez es cabeza de un poderoso grupo pol\u00edtico en el Estado de M\u00e9xico, en el que destacan la actual gobernadora Delfina G\u00f3mez y Horacio Duarte, tambi\u00e9n veterano de la izquierda mexiquense y actualmente Secretario General de Gobierno del Estado de M\u00e9xico.<\/p>\n\n\n\n<p class=\"wp-block-paragraph\">&nbsp;La menci\u00f3n viene al caso porque Duarte Olivares es un hombre cercan\u00edsimo a un viejo conocido de los sonorenses: el diputado federal Sergio Guti\u00e9rrez Luna. Duarte lo \u2018jal\u00f3\u2019 a la representaci\u00f3n de Morena en el INE cuando se fue a ocupar el cargo de subsecretario del Trabajo en el gobierno de AMLO, en el que tambi\u00e9n estuvo a cargo de la Agencia Nacional de Aduanas. Fue pieza clave para incorporarlo a la lista de plurinominales federales, y as\u00ed lleg\u00f3 Guti\u00e9rrez Luna a la C\u00e1mara Baja en 2021, repitiendo en 2024.<\/p>\n\n\n\n<p class=\"wp-block-paragraph\">&nbsp;En ambas ocasiones ha sido presidente de esa C\u00e1mara; ayer fue reelecto como vicepresidente, cargo que ven\u00eda desempe\u00f1ando desde 2024. No cabe duda que el pol\u00e9mico Guti\u00e9rrez Luna \u2018cay\u00f3 parado\u2019 en Morena y ha sabido moverse inteligentemente en los primeros c\u00edrculos del poder federal. En pol\u00edtica, reitero, no hay casualidades.<\/p>\n\n\n\n<p class=\"wp-block-paragraph\"><strong>&nbsp;II<\/strong><\/p>\n\n\n\n<p class=\"wp-block-paragraph\">Y como no solo de grilla vive el hombre, ah\u00ed tienen ustedes que desde ayer cientos de miles de padres y madres de familia entrar\u00e1n en una profunda depresi\u00f3n al tener que prescindir de la grata y amena convivencia durante todo el d\u00eda y parte de la noche, con sus peque\u00f1as y no tan peque\u00f1as bendiciones que en cada periodo vacacional llenan de alegr\u00eda y dicha sus hogares. Y casi ni comen.<\/p>\n\n\n\n<p class=\"wp-block-paragraph\">&nbsp;Pero ni modo, los y las peque\u00f1as tienen que regresar a los templos del saber, dejando una sensaci\u00f3n de vac\u00edo y soledad en sus madres, que solo es superada cuando regresan cargados de conocimientos.<\/p>\n\n\n\n<p class=\"wp-block-paragraph\">&nbsp;M\u00e1s de 500 mil estudiantes de nivel b\u00e1sico retornaron a las aulas en el arranque del ciclo escolar 2026-27, y lo hicieron adem\u00e1s con importantes apoyos como los uniformes gratuitos, de los que fueron entregados en tiempo y forma, un total de 430 mil paquetes en los que el gobierno del estado invirti\u00f3 332 millones de pesos. El programa funcion\u00f3 milim\u00e9tricamente bien y no pod\u00eda ser de otra forma, pues el subsecretario de Administraci\u00f3n Rodrigo Flores Hurtado ya desarroll\u00f3 una gran experiencia en todas las tareas que implica este programa que comienza con la toma de las medidas de las \u2018bendis\u2019 y termina con la entrega de los paquetes.<\/p>\n\n\n\n<p class=\"wp-block-paragraph\">&nbsp;A partir de este primer d\u00eda de clases, se les entregar\u00e1n tambi\u00e9n m\u00e1s de tres millones de libros de texto gratuitos, de acuerdo con lo informado por el gobernador Alfonso Durazo Monta\u00f1o.<\/p>\n\n\n\n<p class=\"wp-block-paragraph\">&nbsp;Fue la encargada de despacho en la SEC, Beatriz Cota Ponce la que supervis\u00f3 el arranque del ciclo escolar y la que inform\u00f3 sobre las l\u00edneas de atenci\u00f3n ciudadana para reportar cualquier situaci\u00f3n o solicitar informaci\u00f3n: 6622 89 76 01 al 05 y los n\u00fameros de WhatsApp 6624592430 y 6623618642.<\/p>\n\n\n\n<p class=\"wp-block-paragraph\">&nbsp;Tambi\u00e9n hay un chat en l\u00ednea a trav\u00e9s de la p\u00e1gina www.educaci\u00f3n.sonora.gob.mx y el correo electr\u00f3nico atencionciudadana@sonora.edu.mx<\/p>\n\n\n\n<p class=\"wp-block-paragraph\">&nbsp;Por cierto, tambi\u00e9n se increment\u00f3 el transporte p\u00fablico con mil 160 unidades, de las cuales 666 corresponden al sistema de transporte urbano y 320 al suburbano, m\u00e1s 174 unidades de movilidad escolar.<\/p>\n\n\n\n<p class=\"wp-block-paragraph\"><strong>&nbsp;Me puedes seguir en X: @Chaposoto<\/strong><\/p>\n\n\n\n<p class=\"wp-block-paragraph\"><strong>Visita www.elzancudo.com.mx<\/strong><\/p>\n","protected":false},"excerpt":{"rendered":"<p>Columna El Zancudo Arturo Soto Mungu\u00eda Estrellas morenistas que se apagan, y otros que caen parados Martes 1 de septiembre de 2026 Nada, ning\u00fan movimiento de los que se registran en estos momentos especialmente convulsos en el bloque gobernante, puede leerse fuera de ese contexto. &nbsp;Andy L\u00f3pez Beltr\u00e1n volvi\u00f3 a ser pillado en un encuentro [&hellip;]<\/p>\n","protected":false},"author":1,"featured_media":44598,"comment_status":"open","ping_status":"open","sticky":false,"template":"","format":"standard","meta":{"content-type":"","footnotes":""},"categories":[125],"tags":[],"class_list":["post-44597","post","type-post","status-publish","format-standard","has-post-thumbnail","category-arturo-soto-munguia"],"_links":{"self":[{"href":"https:\/\/www.regioncuatronoticias.com\/index.php\/wp-json\/wp\/v2\/posts\/44597","targetHints":{"allow":["GET"]}}],"collection":[{"href":"https:\/\/www.regioncuatronoticias.com\/index.php\/wp-json\/wp\/v2\/posts"}],"about":[{"href":"https:\/\/www.regioncuatronoticias.com\/index.php\/wp-json\/wp\/v2\/types\/post"}],"author":[{"embeddable":true,"href":"https:\/\/www.regioncuatronoticias.com\/index.php\/wp-json\/wp\/v2\/users\/1"}],"replies":[{"embeddable":true,"href":"https:\/\/www.regioncuatronoticias.com\/index.php\/wp-json\/wp\/v2\/comments?post=44597"}],"version-history":[{"count":1,"href":"https:\/\/www.regioncuatronoticias.com\/index.php\/wp-json\/wp\/v2\/posts\/44597\/revisions"}],"predecessor-version":[{"id":44599,"href":"https:\/\/www.regioncuatronoticias.com\/index.php\/wp-json\/wp\/v2\/posts\/44597\/revisions\/44599"}],"wp:featuredmedia":[{"embeddable":true,"href":"https:\/\/www.regioncuatronoticias.com\/index.php\/wp-json\/wp\/v2\/media\/44598"}],"wp:attachment":[{"href":"https:\/\/www.regioncuatronoticias.com\/index.php\/wp-json\/wp\/v2\/media?parent=44597"}],"wp:term":[{"taxonomy":"category","embeddable":true,"href":"https:\/\/www.regioncuatronoticias.com\/index.php\/wp-json\/wp\/v2\/categories?post=44597"},{"taxonomy":"post_tag","embeddable":true,"href":"https:\/\/www.regioncuatronoticias.com\/index.php\/wp-json\/wp\/v2\/tags?post=44597"}],"curies":[{"name":"wp","href":"https:\/\/api.w.org\/{rel}","templated":true}]}}