{"id":44591,"date":"2026-09-01T22:51:59","date_gmt":"2026-09-02T05:51:59","guid":{"rendered":"https:\/\/www.regioncuatronoticias.com\/?p=44591"},"modified":"2026-09-01T22:51:59","modified_gmt":"2026-09-02T05:51:59","slug":"por-joder","status":"publish","type":"post","link":"https:\/\/www.regioncuatronoticias.com\/index.php\/2026\/09\/01\/por-joder\/","title":{"rendered":"Por joder"},"content":{"rendered":"\n<p class=\"wp-block-paragraph\"><strong>Columna Encuadre<\/strong><\/p>\n\n\n\n<p class=\"wp-block-paragraph\"><strong>Jos\u00e9 F. Medina<\/strong><\/p>\n\n\n\n<p class=\"wp-block-paragraph\"><strong>&nbsp;Por joder<\/strong><\/p>\n\n\n\n<p class=\"wp-block-paragraph\"><strong>Martes 1 de septiembre de 2026<\/strong><\/p>\n\n\n\n<p class=\"wp-block-paragraph\">Yo no s\u00e9 qu\u00e9 les parezca a ustedes, pero creo que el video difundido por el columnista de El Universal, H\u00e9ctor de Maule\u00f3n, en donde se aprecia a Gonzalo y Andy L\u00f3pez Beltr\u00e1n, comiendo y libando en un restaurante de la CDMX con el diputado Daniel Asaf y dos empresarios mexicanos, es m\u00e1s bien con ganas de joder.<\/p>\n\n\n\n<p class=\"wp-block-paragraph\">No hay audios, no hay contexto, y todo lo que puedan decir alrededor de ello, ser\u00edan puras especulaciones\u2026a menos que alguno de los participantes dijeran de qu\u00e9 platicaron, y todav\u00eda estar\u00edamos por ver si es cierto.<\/p>\n\n\n\n<p class=\"wp-block-paragraph\">En verdad me parece sumamente ocioso que una trivialidad, aunque se trate de esos personajes tan cercanos al poder, sea magnificada en algunos noticiarios con tanto rating como en Radio F\u00f3rmula y en medios digitales como Proceso.<\/p>\n\n\n\n<p class=\"wp-block-paragraph\">Algunos dir\u00e1n que en s\u00ed la reuni\u00f3n es nota period\u00edstica; otros diremos que nanay, salvo que los angelitos se despacharon una botella -dicen- de entre 16 y 24 mil pesos, quiz\u00e1 adquirida con la venta de cientos de chocolates Roc\u00edo.<\/p>\n\n\n\n<p class=\"wp-block-paragraph\">Tras este envidiable encuentro gastron\u00f3mico de ricas viandas y costosos vinos, no veo otro motivo para la difusi\u00f3n de la comilona, salvo, insisto, ganas de joder. Punto.<\/p>\n\n\n\n<p class=\"wp-block-paragraph\">Ahora, si ustedes quieren hablar de los negocios de los hermanos al amparo del pap\u00e1 presidente, de la visa de Andy y su carta a Trump y de sus negocios con el huachicol, y la supervisi\u00f3n honor\u00edfica de Bobby en la construcci\u00f3n del descarrilado Tren Interoce\u00e1nico, pues eso ya es otra cosa. Ah\u00ed s\u00ed: los muchachos andan fallones.<\/p>\n\n\n\n<p class=\"wp-block-paragraph\">Tambi\u00e9n con ganas de joder la versi\u00f3n esa de que algunos aspirantes a coordinar los comit\u00e9s de defensa de la 4T en Sonora, Quintana Roo y Baja California Sur, buscaron sobornar a una casa encuestadora para manipular los resultados y salir arriba en las encuestas.<\/p>\n\n\n\n<p class=\"wp-block-paragraph\">En este nuevo enredo, la encuestadora Enkoll lanza una especie de posicionamiento que deja m\u00e1s dudas que respuestas: dice que ahorita no realiza en ning\u00fan Estado encuesta alguna para Morena o cualquier otro partido pol\u00edtico; adem\u00e1s, asienta textualmente: \u201cen Enkoll rechazamos cualquier intento de manipular o tergiversar nuestro trabajo o sus resultados\u201d.<\/p>\n\n\n\n<p class=\"wp-block-paragraph\">Pues si as\u00ed como redactan los comunicados confeccionan sus encuestas, est\u00e1n perdidos: ni confirman ni desmienten la especie circulada en redes sociales\u2026sino todo lo contrario.<\/p>\n\n\n\n<p class=\"wp-block-paragraph\"><strong>&nbsp;ENCUADRE PUNZANTE<\/strong><\/p>\n\n\n\n<p class=\"wp-block-paragraph\">1). El PRI se desfonda. Entre marzo y agosto de este a\u00f1o, de acuerdo con registros del INE, el partido tricolor perdi\u00f3 el 54 por ciento de su padr\u00f3n: del mill\u00f3n 784 mil afiliados que ten\u00eda hace cuatro meses, qued\u00f3 en 965 mil. De ese tama\u00f1o es su crisis.<\/p>\n\n\n\n<p class=\"wp-block-paragraph\">2). Me reportan a Gildardo Real, presidente del comit\u00e9 estatal del PAN con licencia y pretenso a la candidatura a la alcald\u00eda de Hermosillo, en comida de acuerdo este martes con Jorge Romero, dirigente nacional blanquiazul, sobre acciones del panismo a seguir en busca de posicionarse en la preferencia del electorado. Y claro, conociendo el afilado colmillo pol\u00edtico del \u201cGilo\u201d, seguramente aprovechar\u00e1 para hablar sobre sus aspiraciones.<\/p>\n\n\n\n<p class=\"wp-block-paragraph\">3). Por cierto, a qui\u00e9n tambi\u00e9n reportan por esos mismos rumbos de la gran capirucha es a Alejandro L\u00f3pez Caballero, en comida de alta grilla con Santiago Taboada, secretario de Acci\u00f3n Pol\u00edtica del CEN del PAN y delegado especial para conducir procesos internos y de organizaci\u00f3n territorial en algunos Estados. De lo que hablaron, solo ellos lo saben, pero seguramente no fue sobre la pr\u00f3xima temporada de los Naranjeros de Hermosillo. Los cercanos, juran que el \u201cCano\u201d aun no toma ninguna decisi\u00f3n sobre su presunta incursi\u00f3n en MC. El olfato period\u00edstico me dice que no tarda en dar color. Los tiempos ya aprietan.<\/p>\n\n\n\n<p class=\"wp-block-paragraph\">4). Los morenistas en el Senado de la Rep\u00fablica rechazaron la posibilidad de que Fern\u00e1ndez Noro\u00f1a llegase, nuevamente, a la presidencia de esa c\u00e1mara. Como los sinaloenses Rub\u00e9n Rocha Moya y Enrique Inzunza, el rijoso senador de izquierda con gustos del salvaje capitalismo se est\u00e1 quedando solo, solo, solo.<\/p>\n\n\n\n<p class=\"wp-block-paragraph\">5). En una notita escondida en la edici\u00f3n digital de La Jornada, se da cuenta de una nueva \u201caver\u00eda\u201d del Tren Maya, haciendo \u00e9nfasis \u201csin lesionados\u201d, como para bajarle el tono al hecho. De tan frecuentes, pareciese que los descarrilamientos ya no son noticia.<\/p>\n\n\n\n<p class=\"wp-block-paragraph\">CARPE DIEM<\/p>\n\n\n\n<p class=\"wp-block-paragraph\"><strong>Me puedes seguir en Facebook: Jos\u00e9 Felipe Medina<\/strong><\/p>\n\n\n\n<p class=\"wp-block-paragraph\"><strong>Tambi\u00e9n en X: @josefe31, @fm_informativo<\/strong><\/p>\n\n\n\n<p class=\"wp-block-paragraph\"><strong>Correo electr\u00f3nico: josefe31@gmail.com<\/strong><\/p>\n\n\n\n<p class=\"wp-block-paragraph\"><strong>FMINFORMATIVO.COM<\/strong><\/p>\n","protected":false},"excerpt":{"rendered":"<p>Columna Encuadre Jos\u00e9 F. Medina &nbsp;Por joder Martes 1 de septiembre de 2026 Yo no s\u00e9 qu\u00e9 les parezca a ustedes, pero creo que el video difundido por el columnista de El Universal, H\u00e9ctor de Maule\u00f3n, en donde se aprecia a Gonzalo y Andy L\u00f3pez Beltr\u00e1n, comiendo y libando en un restaurante de la CDMX [&hellip;]<\/p>\n","protected":false},"author":1,"featured_media":44592,"comment_status":"open","ping_status":"open","sticky":false,"template":"","format":"standard","meta":{"content-type":"","footnotes":""},"categories":[122],"tags":[],"class_list":["post-44591","post","type-post","status-publish","format-standard","has-post-thumbnail","category-jose-felipe-medina"],"_links":{"self":[{"href":"https:\/\/www.regioncuatronoticias.com\/index.php\/wp-json\/wp\/v2\/posts\/44591","targetHints":{"allow":["GET"]}}],"collection":[{"href":"https:\/\/www.regioncuatronoticias.com\/index.php\/wp-json\/wp\/v2\/posts"}],"about":[{"href":"https:\/\/www.regioncuatronoticias.com\/index.php\/wp-json\/wp\/v2\/types\/post"}],"author":[{"embeddable":true,"href":"https:\/\/www.regioncuatronoticias.com\/index.php\/wp-json\/wp\/v2\/users\/1"}],"replies":[{"embeddable":true,"href":"https:\/\/www.regioncuatronoticias.com\/index.php\/wp-json\/wp\/v2\/comments?post=44591"}],"version-history":[{"count":1,"href":"https:\/\/www.regioncuatronoticias.com\/index.php\/wp-json\/wp\/v2\/posts\/44591\/revisions"}],"predecessor-version":[{"id":44593,"href":"https:\/\/www.regioncuatronoticias.com\/index.php\/wp-json\/wp\/v2\/posts\/44591\/revisions\/44593"}],"wp:featuredmedia":[{"embeddable":true,"href":"https:\/\/www.regioncuatronoticias.com\/index.php\/wp-json\/wp\/v2\/media\/44592"}],"wp:attachment":[{"href":"https:\/\/www.regioncuatronoticias.com\/index.php\/wp-json\/wp\/v2\/media?parent=44591"}],"wp:term":[{"taxonomy":"category","embeddable":true,"href":"https:\/\/www.regioncuatronoticias.com\/index.php\/wp-json\/wp\/v2\/categories?post=44591"},{"taxonomy":"post_tag","embeddable":true,"href":"https:\/\/www.regioncuatronoticias.com\/index.php\/wp-json\/wp\/v2\/tags?post=44591"}],"curies":[{"name":"wp","href":"https:\/\/api.w.org\/{rel}","templated":true}]}}