{"id":44588,"date":"2026-09-01T22:50:46","date_gmt":"2026-09-02T05:50:46","guid":{"rendered":"https:\/\/www.regioncuatronoticias.com\/?p=44588"},"modified":"2026-09-01T22:50:47","modified_gmt":"2026-09-02T05:50:47","slug":"y-sin-hacer-gestos","status":"publish","type":"post","link":"https:\/\/www.regioncuatronoticias.com\/index.php\/2026\/09\/01\/y-sin-hacer-gestos\/","title":{"rendered":"Y sin hacer gestos\u2026"},"content":{"rendered":"\n<p class=\"wp-block-paragraph\"><strong>Columna Encuadre<\/strong><\/p>\n\n\n\n<p class=\"wp-block-paragraph\"><strong>Jos\u00e9 F. Medina<\/strong><\/p>\n\n\n\n<p class=\"wp-block-paragraph\"><strong>Y sin hacer gestos\u2026<\/strong><\/p>\n\n\n\n<p class=\"wp-block-paragraph\"><strong>Lunes 31 de agosto de 2026<\/strong><\/p>\n\n\n\n<p class=\"wp-block-paragraph\">A la luz de los \u00faltimos acontecimientos pol\u00edtico-partidistas, parecer\u00eda que fue un fin de semana de tragar sapos.<\/p>\n\n\n\n<p class=\"wp-block-paragraph\">La reuni\u00f3n de la tesorera de Hermosillo y aspirante a la candidatura a la alcald\u00eda, la priista Flor Ayala, con los connotados panistas Dami\u00e1n Zepeda y Santiago Taboada, tiene clar\u00edsima dedicatoria para Alejandro L\u00f3pez Caballero y compa\u00f1\u00eda.<\/p>\n\n\n\n<p class=\"wp-block-paragraph\">En pol\u00edtica no hay coincidencias.<\/p>\n\n\n\n<p class=\"wp-block-paragraph\">Los se\u00f1alados encuentros de L\u00f3pez Caballero con Dante Delgado, due\u00f1o de la franquicia de Movimiento Ciudadano, han encendido todas las alarmas dentro del panismo sonorense, especialmente en el de Hermosillo.<\/p>\n\n\n\n<p class=\"wp-block-paragraph\">En respuesta, el PAN nacional provocar\u00eda la reuni\u00f3n de Flor con los \u201ccaballones\u201d del blanquiazul, como una manera de decir que no est\u00e1n mancos, y que tambi\u00e9n tienen con qu\u00e9 querer.<\/p>\n\n\n\n<p class=\"wp-block-paragraph\">Total: entre el naranja y el azul traen una bronca de dimensiones incalculables.<\/p>\n\n\n\n<p class=\"wp-block-paragraph\">Y como de ver dar ganas, otra que trag\u00f3 sapos y una que otra culebra fue la \u201cclaridosa\u201d C\u00e9lida L\u00f3pez, al quejarse de que las figuras representativas del morenismo y del gobierno la han dejado sola, exceptuando la presencia en sus eventos de la diputada Ely Sallard y de su colega \u00d3scar Ortiz, el cetemista.<\/p>\n\n\n\n<p class=\"wp-block-paragraph\">\u201cPocos los hombres y las mujeres que desafiaron las estructuras de poder, los intereses de grupo\u201d, solt\u00f3 de su ronco pechito en un acto realizado este domingo en el ExpoForum, a manera de decir \u201cya me di cuenta que no me quieren\u201d\u2026y que prefieren a Lamarque y a Lorenia.<\/p>\n\n\n\n<p class=\"wp-block-paragraph\">Total: con el dicho de Do\u00f1a C\u00e9lida, ahora ya se confirma que la decisi\u00f3n del nombramiento de coordinador (a) del comit\u00e9 de defensa cuatrote\u00edsta en nuestra entidad, atraviesa por serias dificultades de unidad, con lo que eso pueda significar en el resultado electoral del pr\u00f3ximo a\u00f1o.<\/p>\n\n\n\n<p class=\"wp-block-paragraph\">Y quien tambi\u00e9n trag\u00f3 sapos y gordos este fin de semana fue el gobernador Durazo, como jefe nato del morenismo estatal y figura clave del morenismo nacional, al reunirse con el expri\u00edsta y exalcalde hermosillense Manuel Ignacio \u201cMaloro\u201d Acosta, reci\u00e9n nombrado mandam\u00e1s del Partido Verde, aliado de los guindas.<\/p>\n\n\n\n<p class=\"wp-block-paragraph\">Hasta hace unos meses, \u201cEl Maloro\u201d era considerado por la clase gobernante como una especie de ogro avaricioso y corrupto, y en menos de lo que canta un gallo verde, fue purificado de todo pecado capital derivado del presunto mal uso del dinero p\u00fablico a su paso por el ayuntamiento de la ciudad capital.<\/p>\n\n\n\n<p class=\"wp-block-paragraph\">Total: en pol\u00edtica, nunca digas \u201cde esta agua no he de beber\u201d. Lo que hasta hace poco parec\u00eda impensable, ahora \u201cEl Malor\u00edn\u201d y el doctor Durazo lo hicieron realidad y van juntos por el bienestar del pueblo\u2026dicen.<\/p>\n\n\n\n<p class=\"wp-block-paragraph\">&nbsp;<strong>ENCUADRE DE BALAZOS Y NARCOMENSAJES<\/strong><\/p>\n\n\n\n<p class=\"wp-block-paragraph\">Lo sucedido la noche del viernes en las instalaciones del CUM no puede tomarse a la ligera, y menos es un asunto menor, como dir\u00eda nuestro amigo y colega especializado en temas policiacos, Gustavo Valenzuela.<\/p>\n\n\n\n<p class=\"wp-block-paragraph\">La quema de un ring para celebrar un show rayando en lo circense y el lanzamiento de balazos en ese complejo deportivo propiedad del Gobierno del Estado, no parece un mero problema de los organizadores del suspendido evento \u201cNoche Suprema: el Norte Manda\u201d, como se dijo en el comunicado de prensa de ese ente fantasmal que firma como la \u201cMesa Estatal de Seguridad\u201d.<\/p>\n\n\n\n<p class=\"wp-block-paragraph\">No, que va.<\/p>\n\n\n\n<p class=\"wp-block-paragraph\">Del mismo corren tres versiones, por igual de cre\u00edbles: 1). Los organizadores se negaron a pagar piso, 2). El mensaje estuvo dirigido a alguno de los participantes o promotores por problemas \u201ccomerciales\u201d, o 3). Un pleito entre grupos delincuenciales.<\/p>\n\n\n\n<p class=\"wp-block-paragraph\">Saque usted sus propias cuentas. Cualquiera de esas versiones las puede dar por buena, al comp\u00e1s de la realidad que vivimos en nuestro pa\u00eds.<\/p>\n\n\n\n<p class=\"wp-block-paragraph\">La participaci\u00f3n de los peligrosamente c\u00e9lebres, dizque \u201cinfluencers\u201d -al menos uno sinaloense, por cierto-, pudieran dar pista tambi\u00e9n sobre los hechos claramente amenazadores y violentos. Un narcomensaje circulado horas m\u00e1s tarde, dar\u00eda pie a esto \u00faltimo.<\/p>\n\n\n\n<p class=\"wp-block-paragraph\">Que un grupo armado llegue a un local p\u00fablico, incendie un ring y salga echando bala, como que no es un hecho que suceda todos los d\u00edas, a no m\u00e1s de 150 metros de las instalaciones de la comandancia norte de la Polic\u00eda Municipal. Como quien dice, en sus meras barbas y con total impunidad.<\/p>\n\n\n\n<p class=\"wp-block-paragraph\">Algo no cuadra. Algo no est\u00e1 bien.<\/p>\n\n\n\n<p class=\"wp-block-paragraph\">El caso es que las autoridades juran que ya est\u00e1n investigando lo sucedido, con ganas de no dar con los responsables\u2026como casi siempre.<\/p>\n\n\n\n<p class=\"wp-block-paragraph\">&nbsp;<strong>ENCUADRE PUNZANTE<\/strong><\/p>\n\n\n\n<p class=\"wp-block-paragraph\">1). En Movimiento Ciudadano est\u00e1n regalando candidaturas y ofreciendo sueldos elevados. El encargado de realizar la cirug\u00eda mayor, a base de promesas, tras la renuncia de su hoy excoordinadora estatal, Natalia Rivera, es el tesorero de la dirigencia nacional emecista, el chiapaneco Isaac Barrios, con intereses en Sonora por ser el lugar de nacimiento de su se\u00f1ora esposa, espec\u00edficamente Navojoa. Isaac es un buen tipo, afable, pol\u00edticamente correcto, y sin los aspavientos del Jefe Dante y del General M\u00e1ynez, y mucho menos, sin las mamadas del Colosito. En tanto, la fuga de naranjas contin\u00faa.<\/p>\n\n\n\n<p class=\"wp-block-paragraph\">2). Me entero por una publicaci\u00f3n de Facebook que la diputada #datoprotegido estuvo en un evento donde aparentemente se entregaron bicicletas pintadas de guinda y con logos del gobierno morenista de Sonora. Francamente parecer\u00eda un exceso. Ya solo les falta pedir el voto abiertamente\u2026 mientras, la autoridad electoral invernando.<\/p>\n\n\n\n<p class=\"wp-block-paragraph\">3). El se\u00f1alamiento de Milagros Flores, quien busca a su hermano desde hace siete a\u00f1os, no debe pasar desapercibido. Sostener que muchas de las desapariciones de personas en Hermosillo las ejecuta la polic\u00eda municipal, no es para voltear a otro lado. Ojo.<\/p>\n\n\n\n<p class=\"wp-block-paragraph\">4). La petista C\u00e9lida L\u00f3pez dice que el pueblo ya decidi\u00f3 y que ella es la \u201cbuena\u201d para ser la candidata aliancista al gobierno de Sonora en los comicios del pr\u00f3ximo a\u00f1o. \u00bfSer\u00e1?<\/p>\n\n\n\n<p class=\"wp-block-paragraph\">PD: Este lunes, en la mesa de periodistas Kiosco Mayor estar\u00e1 de invitado Omar del Valle Colosio, uno de los seis aspirantes morenistas y aliados a coordinar el comit\u00e9 estatal de defensa de la 4T, la soberan\u00eda nacional, anexos, conexos y similares. Como la C\u00e9lida ya se autoproclam\u00f3 vencedora del proceso interno, veremos que ser\u00e1 ahora de la vida pol\u00edtica del Omar.<\/p>\n\n\n\n<p class=\"wp-block-paragraph\">IN PROXIMUM<\/p>\n\n\n\n<p class=\"wp-block-paragraph\">CARPE DIEM<\/p>\n\n\n\n<p class=\"wp-block-paragraph\"><strong>Me puedes seguir en FB: Jos\u00e9 Felipe Medina<\/strong><\/p>\n\n\n\n<p class=\"wp-block-paragraph\"><strong>Tambi\u00e9n en X: @josefe31, @fm_informativo<\/strong><\/p>\n\n\n\n<p class=\"wp-block-paragraph\"><strong>Correo electr\u00f3nico: josefe31@gmail.com<\/strong><\/p>\n\n\n\n<p class=\"wp-block-paragraph\"><strong>FMINFORMATIVO.COM<\/strong><\/p>\n","protected":false},"excerpt":{"rendered":"<p>Columna Encuadre Jos\u00e9 F. Medina Y sin hacer gestos\u2026 Lunes 31 de agosto de 2026 A la luz de los \u00faltimos acontecimientos pol\u00edtico-partidistas, parecer\u00eda que fue un fin de semana de tragar sapos. La reuni\u00f3n de la tesorera de Hermosillo y aspirante a la candidatura a la alcald\u00eda, la priista Flor Ayala, con los connotados [&hellip;]<\/p>\n","protected":false},"author":1,"featured_media":44589,"comment_status":"open","ping_status":"open","sticky":false,"template":"","format":"standard","meta":{"content-type":"","footnotes":""},"categories":[122],"tags":[],"class_list":["post-44588","post","type-post","status-publish","format-standard","has-post-thumbnail","category-jose-felipe-medina"],"_links":{"self":[{"href":"https:\/\/www.regioncuatronoticias.com\/index.php\/wp-json\/wp\/v2\/posts\/44588","targetHints":{"allow":["GET"]}}],"collection":[{"href":"https:\/\/www.regioncuatronoticias.com\/index.php\/wp-json\/wp\/v2\/posts"}],"about":[{"href":"https:\/\/www.regioncuatronoticias.com\/index.php\/wp-json\/wp\/v2\/types\/post"}],"author":[{"embeddable":true,"href":"https:\/\/www.regioncuatronoticias.com\/index.php\/wp-json\/wp\/v2\/users\/1"}],"replies":[{"embeddable":true,"href":"https:\/\/www.regioncuatronoticias.com\/index.php\/wp-json\/wp\/v2\/comments?post=44588"}],"version-history":[{"count":1,"href":"https:\/\/www.regioncuatronoticias.com\/index.php\/wp-json\/wp\/v2\/posts\/44588\/revisions"}],"predecessor-version":[{"id":44590,"href":"https:\/\/www.regioncuatronoticias.com\/index.php\/wp-json\/wp\/v2\/posts\/44588\/revisions\/44590"}],"wp:featuredmedia":[{"embeddable":true,"href":"https:\/\/www.regioncuatronoticias.com\/index.php\/wp-json\/wp\/v2\/media\/44589"}],"wp:attachment":[{"href":"https:\/\/www.regioncuatronoticias.com\/index.php\/wp-json\/wp\/v2\/media?parent=44588"}],"wp:term":[{"taxonomy":"category","embeddable":true,"href":"https:\/\/www.regioncuatronoticias.com\/index.php\/wp-json\/wp\/v2\/categories?post=44588"},{"taxonomy":"post_tag","embeddable":true,"href":"https:\/\/www.regioncuatronoticias.com\/index.php\/wp-json\/wp\/v2\/tags?post=44588"}],"curies":[{"name":"wp","href":"https:\/\/api.w.org\/{rel}","templated":true}]}}